{"id":54909,"date":"2024-03-06T11:03:00","date_gmt":"2024-03-06T14:03:00","guid":{"rendered":"https:\/\/www.portalalerta.com.br\/?p=54909"},"modified":"2024-03-05T19:32:59","modified_gmt":"2024-03-05T22:32:59","slug":"freire-gomes-diz-a-pf-que-manteve-acampamento-no-qg-do-exercito-a-pedido-de-bolsonaro","status":"publish","type":"post","link":"https:\/\/www.portalalerta.com.br\/index.php\/2024\/03\/06\/freire-gomes-diz-a-pf-que-manteve-acampamento-no-qg-do-exercito-a-pedido-de-bolsonaro\/","title":{"rendered":"Freire Gomes diz \u00e0 PF que manteve acampamento no QG do Ex\u00e9rcito a pedido de Bolsonaro"},"content":{"rendered":"\n<p>Declara\u00e7\u00e3o do ex-comandante do Ex\u00e9rcito \u00e9 considerada crucial para as investiga\u00e7\u00f5es<\/p>\n\n\n\n<!--more-->\n\n\n\n<p>O ex-comandante do Ex\u00e9rcito, general Marco Antonio Freire Gomes, disse \u00e0 Pol\u00edcia Federal (PF) que n\u00e3o interferiu na manuten\u00e7\u00e3o do acampamento golpista montado em frente do Quartel-Geral de Bras\u00edlia por ordem do presidente Jair Bolsonaro (PL).<\/p>\n\n\n\n<p>Bolsonaristas come\u00e7aram a montar estruturas em torno de QGs logo ap\u00f3s o resultado das elei\u00e7\u00f5es. Os grupos pediam atua\u00e7\u00e3o dos militares para manter o ex-presidente no poder, a despeito do resultado das urnas.<\/p>\n\n\n\n<p>No dia 11 novembro de 2022, Freire Gomes e os ent\u00e3o comandantes da Marinha, Almir Garnier, e da For\u00e7a A\u00e9rea Brasileira (FAB), Carlos de Almeida Baptista Junior, tinham assinado uma nota intitulada \u201c\u00c0s Institui\u00e7\u00f5es e ao Povo Brasileiro\u201d.<\/p>\n\n\n\n<p>O documento chamava os acampamentos bolsonaristas de <strong><em>\u201cmanifesta\u00e7\u00f5es populares\u201d.<\/em><\/strong><\/p>\n\n\n\n<p><strong><em>\u201cS\u00e3o conden\u00e1veis tanto eventuais restri\u00e7\u00f5es a direitos, por parte de agentes p\u00fablicos, quanto eventuais excessos cometidos em manifesta\u00e7\u00f5es que possam restringir os direitos individuais e coletivos ou colocar em risco a seguran\u00e7a p\u00fablica; bem como quaisquer a\u00e7\u00f5es, de indiv\u00edduos ou de entidades, p\u00fablicas ou privadas, que alimentem a desarmonia na sociedade\u201d<\/em><\/strong>, diz trecho da nota.<\/p>\n\n\n\n<p>Quase dois meses depois, em 29 de dezembro, \u00e0s v\u00e9speras do fim do mandato de Bolsonaro, o general Gustavo Henrique Dutra \u2013 ent\u00e3o \u00e0 frente do Comando Militar do Planalto \u2013 determinou o fim do acampamento no QG de Bras\u00edlia.<\/p>\n\n\n<div class=\"wp-block-image\">\n<figure class=\"alignleft size-full\"><img fetchpriority=\"high\" decoding=\"async\" width=\"400\" height=\"300\" src=\"https:\/\/www.portalalerta.com.br\/wp-content\/uploads\/2023\/01\/Auto-Escola-Sonho.jpg\" alt=\"\" class=\"wp-image-47083\" srcset=\"https:\/\/www.portalalerta.com.br\/wp-content\/uploads\/2023\/01\/Auto-Escola-Sonho.jpg 400w, https:\/\/www.portalalerta.com.br\/wp-content\/uploads\/2023\/01\/Auto-Escola-Sonho-320x240.jpg 320w\" sizes=\"(max-width: 400px) 100vw, 400px\" \/><\/figure><\/div>\n\n\n<p>O argumento era de que o desmonte diminuiria o risco de enfrentamento entre apoiadores de Bolsonaro e eleitores de Lula, que come\u00e7avam a chegar \u00e0 capital federal para acompanhar a posse do presidente eleito.<\/p>\n\n\n\n<p>A determina\u00e7\u00e3o, no entanto, foi suspensa por Freire Gomes. No mesmo dia, ele ligou para o general e proibiu qualquer interfer\u00eancia no acampamento. Segundo disse \u00e0 PF, a mando do ex-presidente Bolsonaro.<\/p>\n\n\n\n<p>O testemunho de Freire Gomes sobre os acampamentos \u00e9 um dos pontos sens\u00edveis da investiga\u00e7\u00e3o que apresenta mais um elo entre o ex-presidente e a suposta tentativa de golpe de Estado.<\/p>\n\n\n\n<p>A declara\u00e7\u00e3o do ex-comandante do Ex\u00e9rcito \u00e9 considerada crucial para as investiga\u00e7\u00f5es.<\/p>\n\n\n\n<p>Segundo fontes ligadas \u00e0 PF, os esclarecimentos do ex-comandante do Ex\u00e9rcito, do ex-comandante da Aeron\u00e1utica Carlos Baptista J\u00fanior e a dela\u00e7\u00e3o do ex-ajudante de ordens de Bolsonaro, Mauro Cid, s\u00e3o \u201ccomplementares\u201d.<\/p>\n\n\n\n<p><em>Fonte: CNN<\/em><\/p>\n","protected":false},"excerpt":{"rendered":"<p>Declara\u00e7\u00e3o do ex-comandante do Ex\u00e9rcito \u00e9 considerada crucial para as investiga\u00e7\u00f5es<\/p>\n","protected":false},"author":2,"featured_media":54902,"comment_status":"open","ping_status":"open","sticky":false,"template":"","format":"standard","meta":{"om_disable_all_campaigns":false,"_monsterinsights_skip_tracking":false,"_monsterinsights_sitenote_active":false,"_monsterinsights_sitenote_note":"","_monsterinsights_sitenote_category":0,"footnotes":""},"categories":[34,70,69,21],"tags":[100,71,48,75,4178,4180,217,129,107,6737,4181,132,230,106,203,120,51,109,88,47,111,190],"class_list":["post-54909","post","type-post","status-publish","format-standard","has-post-thumbnail","hentry","category-brasil","category-destaques","category-noticias2","category-politica","tag-adustina","tag-antas","tag-araci","tag-cicero-dantas","tag-cipo-2","tag-crisopolis-2","tag-delacao-premiada","tag-euclides-da-cunha","tag-fatima","tag-freire-gomes","tag-heliopolis-2","tag-itapicuru","tag-jeremoabo","tag-nova-soure","tag-novo-triunfo","tag-olindina","tag-paripiranga","tag-quijingue","tag-ribeira-do-amparo","tag-ribeira-do-pombal","tag-sitio-do-quinto","tag-tucano"],"aioseo_notices":[],"_links":{"self":[{"href":"https:\/\/www.portalalerta.com.br\/index.php\/wp-json\/wp\/v2\/posts\/54909","targetHints":{"allow":["GET"]}}],"collection":[{"href":"https:\/\/www.portalalerta.com.br\/index.php\/wp-json\/wp\/v2\/posts"}],"about":[{"href":"https:\/\/www.portalalerta.com.br\/index.php\/wp-json\/wp\/v2\/types\/post"}],"author":[{"embeddable":true,"href":"https:\/\/www.portalalerta.com.br\/index.php\/wp-json\/wp\/v2\/users\/2"}],"replies":[{"embeddable":true,"href":"https:\/\/www.portalalerta.com.br\/index.php\/wp-json\/wp\/v2\/comments?post=54909"}],"version-history":[{"count":1,"href":"https:\/\/www.portalalerta.com.br\/index.php\/wp-json\/wp\/v2\/posts\/54909\/revisions"}],"predecessor-version":[{"id":54910,"href":"https:\/\/www.portalalerta.com.br\/index.php\/wp-json\/wp\/v2\/posts\/54909\/revisions\/54910"}],"wp:featuredmedia":[{"embeddable":true,"href":"https:\/\/www.portalalerta.com.br\/index.php\/wp-json\/wp\/v2\/media\/54902"}],"wp:attachment":[{"href":"https:\/\/www.portalalerta.com.br\/index.php\/wp-json\/wp\/v2\/media?parent=54909"}],"wp:term":[{"taxonomy":"category","embeddable":true,"href":"https:\/\/www.portalalerta.com.br\/index.php\/wp-json\/wp\/v2\/categories?post=54909"},{"taxonomy":"post_tag","embeddable":true,"href":"https:\/\/www.portalalerta.com.br\/index.php\/wp-json\/wp\/v2\/tags?post=54909"}],"curies":[{"name":"wp","href":"https:\/\/api.w.org\/{rel}","templated":true}]}}