{"id":54913,"date":"2024-03-06T16:00:00","date_gmt":"2024-03-06T19:00:00","guid":{"rendered":"https:\/\/www.portalalerta.com.br\/?p=54913"},"modified":"2024-03-05T20:53:35","modified_gmt":"2024-03-05T23:53:35","slug":"toyota-confirma-investimento-de-r-11-bi-e-criacao-de-2-mil-empregos-no-brasil-ate-2030","status":"publish","type":"post","link":"https:\/\/www.portalalerta.com.br\/index.php\/2024\/03\/06\/toyota-confirma-investimento-de-r-11-bi-e-criacao-de-2-mil-empregos-no-brasil-ate-2030\/","title":{"rendered":"Toyota confirma investimento de R$ 11 bi e cria\u00e7\u00e3o de 2 mil empregos no Brasil at\u00e9 2030"},"content":{"rendered":"\n<p>Segundo montadora, R$ 5 bilh\u00f5es j\u00e1 est\u00e3o confirmados at\u00e9 2026 com produ\u00e7\u00e3o de novo compacto h\u00edbrido flex<\/p>\n\n\n\n<!--more-->\n\n\n\n<p>A Toyota confirmou nesta ter\u00e7a-feira (5) o plano de investimento de R$ 11 bilh\u00f5es e a cria\u00e7\u00e3o de 2 mil empregos no Brasil at\u00e9 2030. A informa\u00e7\u00e3o\u00a0havia sido antecipada pelo vice-presidente da Rep\u00fablica, Geraldo Alckmin, no domingo (3).<\/p>\n\n\n<div class=\"wp-block-image\">\n<figure class=\"alignleft size-large is-resized\"><img fetchpriority=\"high\" decoding=\"async\" src=\"https:\/\/www.portalalerta.com.br\/wp-content\/uploads\/2024\/03\/Real-Mulher-2024-584x1024.jpg\" alt=\"\" class=\"wp-image-54863\" width=\"404\" height=\"708\" srcset=\"https:\/\/www.portalalerta.com.br\/wp-content\/uploads\/2024\/03\/Real-Mulher-2024-584x1024.jpg 584w, https:\/\/www.portalalerta.com.br\/wp-content\/uploads\/2024\/03\/Real-Mulher-2024-137x240.jpg 137w, https:\/\/www.portalalerta.com.br\/wp-content\/uploads\/2024\/03\/Real-Mulher-2024-768x1346.jpg 768w, https:\/\/www.portalalerta.com.br\/wp-content\/uploads\/2024\/03\/Real-Mulher-2024.jpg 856w\" sizes=\"(max-width: 404px) 100vw, 404px\" \/><\/figure><\/div>\n\n\n<p>Desse montante, R$ 5 bilh\u00f5es j\u00e1 est\u00e3o confirmados at\u00e9 2026 e incluem a produ\u00e7\u00e3o de um novo ve\u00edculo compacto h\u00edbrido flex, anunciado no ano passado e com previs\u00e3o de produ\u00e7\u00e3o para 2025, al\u00e9m da produ\u00e7\u00e3o de outro modelo com a mesma tecnologia, desenvolvido especialmente para o Brasil.<\/p>\n\n\n\n<p>Segundo a montadora, os investimentos foram viabilizados por iniciativas implementadas pelo estado de S\u00e3o Paulo, \u201cque contribu\u00edram substancialmente para a promo\u00e7\u00e3o da competitividade e da previsibilidade das atividades do setor industrial\u201d.<\/p>\n\n\n\n<p><strong><em>\u201cEstamos muito satisfeitos em poder ampliar nossa produ\u00e7\u00e3o local, exportar para toda a regi\u00e3o e assim gerar e distribuir mais valor para toda a sociedade, em forma de empregos e desenvolvimento econ\u00f4mico\u201d<\/em><\/strong>, afirma Rafael Chang, CEO da Toyota para a Am\u00e9rica Latina e Caribe.<\/p>\n\n\n\n<p>Segundo Rafael, as iniciativas refor\u00e7am a oferta de produtos eletrificados da montadora de fabrica\u00e7\u00e3o local, em plena conson\u00e2ncia com as diretrizes das pol\u00edticas Nova Ind\u00fastria Brasil e Mover, apresentadas pelo governo federal.<\/p>\n\n\n\n<p>Al\u00e9m disso, a Toyota destaca que os novos investimentos ir\u00e3o viabilizar a expans\u00e3o do parque fabril da empresa em Sorocaba, no interior de S\u00e3o Paulo, que atualmente funciona a plena capacidade.<\/p>\n\n\n\n<p><strong><em>\u201cPara efetivar essa significativa expans\u00e3o da capacidade produtiva, ser\u00e1 necess\u00e1rio construir novas instala\u00e7\u00f5es no local, para as quais ser\u00e3o transferidas as opera\u00e7\u00f5es produtivas de Indaiatuba (SP). Isto ocorrer\u00e1 de forma gradual, a partir de meados de 2025, com conclus\u00e3o prevista para o final de 2026\u201d<\/em><\/strong>, informa a montadora.<\/p>\n\n\n\n<p>A divulga\u00e7\u00e3o dos investimentos vem ap\u00f3s uma s\u00e9rie de an\u00fancios semelhantes realizados por concorrentes como Renault, Volkswagen, General Motors e Hyundai.<\/p>\n\n\n\n<p><strong>Programa Mover<\/strong><\/p>\n\n\n\n<p>Alckmin afirmou em evento na sede da Federa\u00e7\u00e3o das Ind\u00fastrias do Estado de S\u00e3o Paulo (Fiesp), tamb\u00e9m nesta ter\u00e7a-feira, que o\u00a0programa automotivo Mover\u00a0ter\u00e1 sua regulamenta\u00e7\u00e3o publicada at\u00e9 o final de mar\u00e7o.<\/p>\n\n\n\n<p><strong><em>\u201cSer\u00e1 nas pr\u00f3ximas semanas [regulamentado]. A gente espera at\u00e9 o final deste m\u00eas estar com toda a regulamenta\u00e7\u00e3o publicada\u201d<\/em><\/strong>, disse.<\/p>\n\n\n\n<p>O Mover traz R$ 19,3 bilh\u00f5es em incentivos fiscais ao setor at\u00e9 2028. O programa prev\u00ea a tributa\u00e7\u00e3o diferenciada para a ve\u00edculos sustent\u00e1veis, incentivos para a realiza\u00e7\u00e3o de atividades de pesquisa e desenvolvimento para as ind\u00fastrias de mobilidade e log\u00edstica, e requisitos obrigat\u00f3rios para a comercializa\u00e7\u00e3o de ve\u00edculos produzidos no pa\u00eds.<\/p>\n\n\n\n<p>A regulamenta\u00e7\u00e3o deve tratar de\u00a0aspectos do programa\u00a0como o IPI Verde, por meio do qual quem emite menos paga menos imposto, e o Fundo Nacional de Desenvolvimento Industrial e Tecnol\u00f3gico (FNDIT), que ser\u00e1 gerenciado pelo Banco Nacional de Desenvolvimento Econ\u00f4mico e Social (BNDES).<\/p>\n\n\n\n<p><em>Fonte: CNN<\/em><\/p>\n","protected":false},"excerpt":{"rendered":"<p>Segundo montadora, R$ 5 bilh\u00f5es j\u00e1 est\u00e3o confirmados at\u00e9 2026 com produ\u00e7\u00e3o de novo compacto h\u00edbrido flex<\/p>\n","protected":false},"author":2,"featured_media":54912,"comment_status":"open","ping_status":"open","sticky":false,"template":"","format":"standard","meta":{"om_disable_all_campaigns":false,"_monsterinsights_skip_tracking":false,"_monsterinsights_sitenote_active":false,"_monsterinsights_sitenote_note":"","_monsterinsights_sitenote_category":0,"footnotes":""},"categories":[34,70,69],"tags":[100,71,48,93,75,4178,4180,129,107,4181,132,230,106,203,120,51,109,88,47,111,6743,190],"class_list":["post-54913","post","type-post","status-publish","format-standard","has-post-thumbnail","hentry","category-brasil","category-destaques","category-noticias2","tag-adustina","tag-antas","tag-araci","tag-brasil","tag-cicero-dantas","tag-cipo-2","tag-crisopolis-2","tag-euclides-da-cunha","tag-fatima","tag-heliopolis-2","tag-itapicuru","tag-jeremoabo","tag-nova-soure","tag-novo-triunfo","tag-olindina","tag-paripiranga","tag-quijingue","tag-ribeira-do-amparo","tag-ribeira-do-pombal","tag-sitio-do-quinto","tag-toyota","tag-tucano"],"aioseo_notices":[],"_links":{"self":[{"href":"https:\/\/www.portalalerta.com.br\/index.php\/wp-json\/wp\/v2\/posts\/54913","targetHints":{"allow":["GET"]}}],"collection":[{"href":"https:\/\/www.portalalerta.com.br\/index.php\/wp-json\/wp\/v2\/posts"}],"about":[{"href":"https:\/\/www.portalalerta.com.br\/index.php\/wp-json\/wp\/v2\/types\/post"}],"author":[{"embeddable":true,"href":"https:\/\/www.portalalerta.com.br\/index.php\/wp-json\/wp\/v2\/users\/2"}],"replies":[{"embeddable":true,"href":"https:\/\/www.portalalerta.com.br\/index.php\/wp-json\/wp\/v2\/comments?post=54913"}],"version-history":[{"count":1,"href":"https:\/\/www.portalalerta.com.br\/index.php\/wp-json\/wp\/v2\/posts\/54913\/revisions"}],"predecessor-version":[{"id":54915,"href":"https:\/\/www.portalalerta.com.br\/index.php\/wp-json\/wp\/v2\/posts\/54913\/revisions\/54915"}],"wp:featuredmedia":[{"embeddable":true,"href":"https:\/\/www.portalalerta.com.br\/index.php\/wp-json\/wp\/v2\/media\/54912"}],"wp:attachment":[{"href":"https:\/\/www.portalalerta.com.br\/index.php\/wp-json\/wp\/v2\/media?parent=54913"}],"wp:term":[{"taxonomy":"category","embeddable":true,"href":"https:\/\/www.portalalerta.com.br\/index.php\/wp-json\/wp\/v2\/categories?post=54913"},{"taxonomy":"post_tag","embeddable":true,"href":"https:\/\/www.portalalerta.com.br\/index.php\/wp-json\/wp\/v2\/tags?post=54913"}],"curies":[{"name":"wp","href":"https:\/\/api.w.org\/{rel}","templated":true}]}}