{"id":54916,"date":"2024-03-06T16:01:00","date_gmt":"2024-03-06T19:01:00","guid":{"rendered":"https:\/\/www.portalalerta.com.br\/?p=54916"},"modified":"2024-03-05T20:55:31","modified_gmt":"2024-03-05T23:55:31","slug":"pt-de-jeremoabo-ba-esclarece-a-candidatura-de-fabio-da-farmacia","status":"publish","type":"post","link":"https:\/\/www.portalalerta.com.br\/index.php\/2024\/03\/06\/pt-de-jeremoabo-ba-esclarece-a-candidatura-de-fabio-da-farmacia\/","title":{"rendered":"PT de Jeremoabo-BA esclarece a candidatura de F\u00e1bio da Farm\u00e1cia"},"content":{"rendered":"\n<p>A Presidente do Diret\u00f3rio Municipal do PT (Jeremoabo-BA), Maria das Dores, concedeu entrevista na \u00faltima segunda-feira (04), em rebate a \u00faltima fala de Ed\u00edzio Nunes, Dirigente do PT Estadual, quando em entrevista de lan\u00e7amento da candidatura de Matheus (PP) n\u00e3o s\u00f3 esteve presente como deixou d\u00favidas quanto \u00e0 oficializa\u00e7\u00e3o da candidatura de F\u00e1bio da Farm\u00e1cia (PT) nas pr\u00f3ximas elei\u00e7\u00f5es.<\/p>\n\n\n\n<!--more-->\n\n\n\n<p>Inicialmente, a presidente, esclareceu que&nbsp;<strong><em>\u201c&#8230; antes de tudo ser concretizado&#8230; a gente j\u00e1 tinha tomado todas as provid\u00eancias&#8230; o que Ed\u00edzio disse cai por terra&#8230; temos ata e fizemos tudo em conson\u00e2ncia com a dire\u00e7\u00e3o estadual e nacional&#8230;\u201d.<\/em><\/strong><\/p>\n\n\n<div class=\"wp-block-image\">\n<figure class=\"alignleft size-full\"><img fetchpriority=\"high\" decoding=\"async\" width=\"400\" height=\"300\" src=\"https:\/\/www.portalalerta.com.br\/wp-content\/uploads\/2023\/01\/Auto-Escola-Sonho.jpg\" alt=\"\" class=\"wp-image-47083\" srcset=\"https:\/\/www.portalalerta.com.br\/wp-content\/uploads\/2023\/01\/Auto-Escola-Sonho.jpg 400w, https:\/\/www.portalalerta.com.br\/wp-content\/uploads\/2023\/01\/Auto-Escola-Sonho-320x240.jpg 320w\" sizes=\"(max-width: 400px) 100vw, 400px\" \/><\/figure><\/div>\n\n\n<p>Na entrevista, participou tamb\u00e9m Osmar Galdino (PT), Secret\u00e1rio de Organiza\u00e7\u00e3o do PT Estadual, que afirmou:&nbsp;<strong><em>\u201c&#8230; ao filiar F\u00e1bio conversei com o prefeito da cidade&#8230; o PT n\u00e3o est\u00e1 proibido de ter candidatura em lugar nenhum da Bahia&#8230; se a nossa candidatura estiver melhor pontuada, como est\u00e1 hoje, a gente vai trabalhar para o campo que elegeu o governador todos estejam juntos &#8230;estamos consensuados que vamos ter candidato em Jeremoabo&#8230; qualquer pesquisa pela situa\u00e7\u00e3o ou oposi\u00e7\u00e3o dar frente a F\u00e1bio&#8230; pode ter certeza que nossa candidatura ser\u00e1 consolidade e vamos disputar as elei\u00e7\u00f5es de 2024&#8230; O Prefeito \u00e9 aliado&#8230; seu partido n\u00e3o \u00e9&#8230; nossa candidatura \u00e9 a melhor candidatura posta&#8230; tudo est\u00e1 sendo feito em conson\u00e2ncia com o Diret\u00f3rio Municipal, Diret\u00f3rio Estadual e Governo do Estado&#8230;\u201d<\/em><\/strong><\/p>\n\n\n\n<p>E concluiu dizendo que&nbsp;<strong><em>\u201c&#8230; n\u00e3o vamos aceitar que um dirigente do PT queira montar a estrat\u00e9gia de candidatura advers\u00e1ria em desfavor de candidatura do PT&#8230; \u201c.<\/em><\/strong><\/p>\n\n\n\n<p>N\u00e3o h\u00e1 d\u00favida de que F\u00e1bio da Farm\u00e1cia (PT) vai disputar as pr\u00f3ximas elei\u00e7\u00f5es j\u00e1 que h\u00e1 consenso do Diret\u00f3rio Municipal quanto \u00e0 sua candidatura, primeira inst\u00e2ncia de aprova\u00e7\u00e3o e que ser\u00e1 referendada pelo Diret\u00f3rio Estadual, visto que a pr\u00f3pria filia\u00e7\u00e3o de F\u00e1bio foi aprovada por unanimidade dos membros da Dire\u00e7\u00e3o Estadual.<\/p>\n\n\n\n<p>Quanto ao vice, questionado se seria Dr. Idal\u00e9cio, afirmou a Presidente que \u00e9 uma das pessoas que est\u00e1 sendo conversado, mas, ter\u00e1 que vir para um dos partidos da Federa\u00e7\u00e3o, PT, PCdoB ou PV.<\/p>\n\n\n\n<p>Zominho e Ivande j\u00e1 est\u00e3o sendo confirmados como adesistas a candidatura de F\u00e1bio da Farm\u00e1cia (PT).<\/p>\n\n\n\n<p><em>Fonte: Jeremoabo.com.br<\/em><\/p>\n","protected":false},"excerpt":{"rendered":"<p>A Presidente do Diret\u00f3rio Municipal do PT (Jeremoabo-BA), Maria das Dores, concedeu entrevista na \u00faltima segunda-feira (04), em rebate a \u00faltima fala de Ed\u00edzio Nunes, Dirigente do PT Estadual, quando em entrevista de lan\u00e7amento da candidatura de Matheus (PP) n\u00e3o s\u00f3 esteve presente como deixou d\u00favidas quanto \u00e0 oficializa\u00e7\u00e3o da candidatura de F\u00e1bio da Farm\u00e1cia &hellip;<\/p>\n","protected":false},"author":2,"featured_media":54914,"comment_status":"open","ping_status":"open","sticky":false,"template":"","format":"standard","meta":{"om_disable_all_campaigns":false,"_monsterinsights_skip_tracking":false,"_monsterinsights_sitenote_active":false,"_monsterinsights_sitenote_note":"","_monsterinsights_sitenote_category":0,"footnotes":""},"categories":[70,9,69,21,32],"tags":[100,71,48,75,4178,4180,2789,129,107,4181,132,230,106,203,120,51,304,109,88,47,111,190],"class_list":["post-54916","post","type-post","status-publish","format-standard","has-post-thumbnail","hentry","category-destaques","category-jeremoabo","category-noticias2","category-politica","category-regiao","tag-adustina","tag-antas","tag-araci","tag-cicero-dantas","tag-cipo-2","tag-crisopolis-2","tag-diretorio-municipal","tag-euclides-da-cunha","tag-fatima","tag-heliopolis-2","tag-itapicuru","tag-jeremoabo","tag-nova-soure","tag-novo-triunfo","tag-olindina","tag-paripiranga","tag-pt","tag-quijingue","tag-ribeira-do-amparo","tag-ribeira-do-pombal","tag-sitio-do-quinto","tag-tucano"],"aioseo_notices":[],"_links":{"self":[{"href":"https:\/\/www.portalalerta.com.br\/index.php\/wp-json\/wp\/v2\/posts\/54916","targetHints":{"allow":["GET"]}}],"collection":[{"href":"https:\/\/www.portalalerta.com.br\/index.php\/wp-json\/wp\/v2\/posts"}],"about":[{"href":"https:\/\/www.portalalerta.com.br\/index.php\/wp-json\/wp\/v2\/types\/post"}],"author":[{"embeddable":true,"href":"https:\/\/www.portalalerta.com.br\/index.php\/wp-json\/wp\/v2\/users\/2"}],"replies":[{"embeddable":true,"href":"https:\/\/www.portalalerta.com.br\/index.php\/wp-json\/wp\/v2\/comments?post=54916"}],"version-history":[{"count":1,"href":"https:\/\/www.portalalerta.com.br\/index.php\/wp-json\/wp\/v2\/posts\/54916\/revisions"}],"predecessor-version":[{"id":54918,"href":"https:\/\/www.portalalerta.com.br\/index.php\/wp-json\/wp\/v2\/posts\/54916\/revisions\/54918"}],"wp:featuredmedia":[{"embeddable":true,"href":"https:\/\/www.portalalerta.com.br\/index.php\/wp-json\/wp\/v2\/media\/54914"}],"wp:attachment":[{"href":"https:\/\/www.portalalerta.com.br\/index.php\/wp-json\/wp\/v2\/media?parent=54916"}],"wp:term":[{"taxonomy":"category","embeddable":true,"href":"https:\/\/www.portalalerta.com.br\/index.php\/wp-json\/wp\/v2\/categories?post=54916"},{"taxonomy":"post_tag","embeddable":true,"href":"https:\/\/www.portalalerta.com.br\/index.php\/wp-json\/wp\/v2\/tags?post=54916"}],"curies":[{"name":"wp","href":"https:\/\/api.w.org\/{rel}","templated":true}]}}