{"id":54921,"date":"2024-03-06T16:03:00","date_gmt":"2024-03-06T19:03:00","guid":{"rendered":"https:\/\/www.portalalerta.com.br\/?p=54921"},"modified":"2024-03-05T21:15:34","modified_gmt":"2024-03-06T00:15:34","slug":"prf-apreende-veiculo-de-carga-transportando-18t-de-milho-que-saiu-de-fatima-ba-com-destino-a-pernambuco","status":"publish","type":"post","link":"https:\/\/www.portalalerta.com.br\/index.php\/2024\/03\/06\/prf-apreende-veiculo-de-carga-transportando-18t-de-milho-que-saiu-de-fatima-ba-com-destino-a-pernambuco\/","title":{"rendered":"PRF apreende ve\u00edculo de carga transportando 18t de milho que saiu de F\u00e1tima-BA com destino \u00e0 Pernambuco"},"content":{"rendered":"\n<p>Nesta segunda-feira (04), no Km 2 da BR 110, em trecho do munic\u00edpio de Paulo Afonso-BA, policiais rodovi\u00e1rios federais abordaram um caminh\u00e3o M.BENZ\/L1620, emplacado em Tupanatinga (PE).<\/p>\n\n\n\n<!--more-->\n\n\n\n<p>Foram iniciados os procedimentos de fiscaliza\u00e7\u00e3o detalhada. O motorista de 47 anos apresentou os documentos de porte obrigat\u00f3rio, por\u00e9m n\u00e3o foi apresentada a nota fiscal da carga de milho, o que constitui crime tribut\u00e1rio.<\/p>\n\n\n<div class=\"wp-block-image\">\n<figure class=\"alignleft size-full\"><img fetchpriority=\"high\" decoding=\"async\" width=\"400\" height=\"300\" src=\"https:\/\/www.portalalerta.com.br\/wp-content\/uploads\/2023\/01\/Auto-Escola-Sonho.jpg\" alt=\"\" class=\"wp-image-47083\" srcset=\"https:\/\/www.portalalerta.com.br\/wp-content\/uploads\/2023\/01\/Auto-Escola-Sonho.jpg 400w, https:\/\/www.portalalerta.com.br\/wp-content\/uploads\/2023\/01\/Auto-Escola-Sonho-320x240.jpg 320w\" sizes=\"(max-width: 400px) 100vw, 400px\" \/><\/figure><\/div>\n\n\n<p>Ele disse que embarcou as 18 toneladas de gr\u00e3os em F\u00e1tima-BA e que seguia para a cidade pernambucana de Lajedo.<\/p>\n\n\n\n<p>Ele assinou um Termo Circunstanciado de Ocorr\u00eancia (TCO) e se comprometeu a comparecer no Juizado Especial Criminal (JECRIM) para responder por sua conduta, referente ao crime previsto no art. 2 da Lei 8.137\/90 (Transporte de mercadoria sem nota fiscal).<\/p>\n\n\n\n<p>A mercadoria foi colocada a disposi\u00e7\u00e3o da Secretaria de Fazenda Estadual (SEFAZ\/BA) para os procedimentos administrativos, o que inclu\u00ed pagamento do imposto sonegado e multas.<\/p>\n\n\n\n<p><em>Fonte: Gov.br<\/em><\/p>\n","protected":false},"excerpt":{"rendered":"<p>Nesta segunda-feira (04), no Km 2 da BR 110, em trecho do munic\u00edpio de Paulo Afonso-BA, policiais rodovi\u00e1rios federais abordaram um caminh\u00e3o M.BENZ\/L1620, emplacado em Tupanatinga (PE).<\/p>\n","protected":false},"author":2,"featured_media":54922,"comment_status":"open","ping_status":"open","sticky":false,"template":"","format":"standard","meta":{"om_disable_all_campaigns":false,"_monsterinsights_skip_tracking":false,"_monsterinsights_sitenote_active":false,"_monsterinsights_sitenote_note":"","_monsterinsights_sitenote_category":0,"footnotes":""},"categories":[33,34,70,10,69,32,22],"tags":[],"class_list":["post-54921","post","type-post","status-publish","format-standard","has-post-thumbnail","hentry","category-bahia","category-brasil","category-destaques","category-fatima","category-noticias2","category-regiao","category-seguranca"],"aioseo_notices":[],"_links":{"self":[{"href":"https:\/\/www.portalalerta.com.br\/index.php\/wp-json\/wp\/v2\/posts\/54921","targetHints":{"allow":["GET"]}}],"collection":[{"href":"https:\/\/www.portalalerta.com.br\/index.php\/wp-json\/wp\/v2\/posts"}],"about":[{"href":"https:\/\/www.portalalerta.com.br\/index.php\/wp-json\/wp\/v2\/types\/post"}],"author":[{"embeddable":true,"href":"https:\/\/www.portalalerta.com.br\/index.php\/wp-json\/wp\/v2\/users\/2"}],"replies":[{"embeddable":true,"href":"https:\/\/www.portalalerta.com.br\/index.php\/wp-json\/wp\/v2\/comments?post=54921"}],"version-history":[{"count":2,"href":"https:\/\/www.portalalerta.com.br\/index.php\/wp-json\/wp\/v2\/posts\/54921\/revisions"}],"predecessor-version":[{"id":54924,"href":"https:\/\/www.portalalerta.com.br\/index.php\/wp-json\/wp\/v2\/posts\/54921\/revisions\/54924"}],"wp:featuredmedia":[{"embeddable":true,"href":"https:\/\/www.portalalerta.com.br\/index.php\/wp-json\/wp\/v2\/media\/54922"}],"wp:attachment":[{"href":"https:\/\/www.portalalerta.com.br\/index.php\/wp-json\/wp\/v2\/media?parent=54921"}],"wp:term":[{"taxonomy":"category","embeddable":true,"href":"https:\/\/www.portalalerta.com.br\/index.php\/wp-json\/wp\/v2\/categories?post=54921"},{"taxonomy":"post_tag","embeddable":true,"href":"https:\/\/www.portalalerta.com.br\/index.php\/wp-json\/wp\/v2\/tags?post=54921"}],"curies":[{"name":"wp","href":"https:\/\/api.w.org\/{rel}","templated":true}]}}