{"id":54942,"date":"2024-03-07T22:36:44","date_gmt":"2024-03-08T01:36:44","guid":{"rendered":"https:\/\/www.portalalerta.com.br\/?p=54942"},"modified":"2024-03-07T22:36:45","modified_gmt":"2024-03-08T01:36:45","slug":"por-36-votos-a-22-alba-indica-paulo-rangel-para-conselheiro-do-tcm-petista-concorreu-com-marcelo-nilo-do-republicanos","status":"publish","type":"post","link":"https:\/\/www.portalalerta.com.br\/index.php\/2024\/03\/07\/por-36-votos-a-22-alba-indica-paulo-rangel-para-conselheiro-do-tcm-petista-concorreu-com-marcelo-nilo-do-republicanos\/","title":{"rendered":"Por 36 votos a 22, ALBA indica Paulo Rangel para conselheiro do TCM; petista concorreu com Marcelo Nilo do Republicanos"},"content":{"rendered":"\n<p>Com 36 votos de 58 poss\u00edveis, o deputado estadual Paulo Rangel (PT) foi o escolhido pela Assembleia Legislativa da Bahia \u2013 ALBA para a vaga de conselheiro do Tribunal de Contas dos Munic\u00edpios (TCM-BA), em sess\u00e3o ordin\u00e1ria na tarde de ontem (6). Rangel vai ocupar a vaga aberta com a aposentadoria do conselheiro Jornalista Fernando Vita.<\/p>\n\n\n\n<!--more-->\n\n\n\n<p>O suplente de deputado federal Marcelo Nilo (REPUBLICANOS) teve 22 votos. Os deputados do PCdoB, Bob\u00f4, Fabr\u00edcio Falc\u00e3o, Ol\u00edvia Santana e Z\u00f3, se ausentaram da sess\u00e3o. A deputada Ludmilla Fiscina (PV) n\u00e3o participou por estar de licen\u00e7a m\u00e9dica.<\/p>\n\n\n<div class=\"wp-block-image\">\n<figure class=\"alignleft size-full\"><img fetchpriority=\"high\" decoding=\"async\" width=\"400\" height=\"300\" src=\"https:\/\/www.portalalerta.com.br\/wp-content\/uploads\/2023\/01\/Auto-Escola-Sonho.jpg\" alt=\"\" class=\"wp-image-47083\" srcset=\"https:\/\/www.portalalerta.com.br\/wp-content\/uploads\/2023\/01\/Auto-Escola-Sonho.jpg 400w, https:\/\/www.portalalerta.com.br\/wp-content\/uploads\/2023\/01\/Auto-Escola-Sonho-320x240.jpg 320w\" sizes=\"(max-width: 400px) 100vw, 400px\" \/><\/figure><\/div>\n\n\n<p><strong><em>\u201cA Casa do Povo, cujo pal\u00e1cio completa, neste m\u00eas, 50 anos, d\u00e1 mais uma li\u00e7\u00e3o de democracia, ao oferecer dois grandes quadros da pol\u00edtica baiana \u00e0 disputa pelo cargo de conselheiro da Corte de Contas dos gestores municipais\u201d<\/em><\/strong>, afirmou o presidente da ALBA, deputado Adolfo Menezes, que mediou uma acordo entre os l\u00edderes do governo e da oposi\u00e7\u00e3o, respectivamente os deputados Rosemberg Pinto (PT) e Alan Sanches (UB), de dispensa de formalidades de vota\u00e7\u00e3o e conduziu a sess\u00e3o com firmeza, para evitar tumultos e questionamentos.<\/p>\n\n\n\n<p>Rangel e Nilo tiveram dez minutos, cada um, para justificar as candidaturas. O ponto comum nos dois discursos foi a vis\u00e3o de um TCM com uma atua\u00e7\u00e3o pedag\u00f3gica e orientadora, em vez de punitivista.<\/p>\n\n\n\n<p>Paulo Rangel \u00e9 deputado estadual h\u00e1 cinco mandatos e foi vice-presidente da ALBA entre 2019 e 2023. Marcelo Nilo foi deputado estadual por sete mandatos consecutivos, cinco dos quais como presidente do Legislativo baiano.<\/p>\n\n\n\n<p>Com a ida de Rangel para o TCM, a primeira suplente da Federa\u00e7\u00e3o PT\/PCdoB\/PV, deputada Neuza Cadore (PT), ser\u00e1 efetivada. O segundo suplente, Marcelino Galo (PT), assume a vaga do deputado licenciado Osni Cardoso \u2014 atual secret\u00e1rio de Desenvolvimento Rural.<\/p>\n\n\n\n<p><em>Fonte: Calila Not\u00edcias<\/em><\/p>\n","protected":false},"excerpt":{"rendered":"<p>Com 36 votos de 58 poss\u00edveis, o deputado estadual Paulo Rangel (PT) foi o escolhido pela Assembleia Legislativa da Bahia \u2013 ALBA para a vaga de conselheiro do Tribunal de Contas dos Munic\u00edpios (TCM-BA), em sess\u00e3o ordin\u00e1ria na tarde de ontem (6). Rangel vai ocupar a vaga aberta com a aposentadoria do conselheiro Jornalista Fernando &hellip;<\/p>\n","protected":false},"author":2,"featured_media":54943,"comment_status":"open","ping_status":"open","sticky":false,"template":"","format":"standard","meta":{"om_disable_all_campaigns":false,"_monsterinsights_skip_tracking":false,"_monsterinsights_sitenote_active":false,"_monsterinsights_sitenote_note":"","_monsterinsights_sitenote_category":0,"footnotes":""},"categories":[33,70,69,21],"tags":[100,71,48,54,75,4178,4180,129,107,4181,132,230,2288,106,203,120,51,6745,109,88,47,111,72,190],"class_list":["post-54942","post","type-post","status-publish","format-standard","has-post-thumbnail","hentry","category-bahia","category-destaques","category-noticias2","category-politica","tag-adustina","tag-antas","tag-araci","tag-bahia","tag-cicero-dantas","tag-cipo-2","tag-crisopolis-2","tag-euclides-da-cunha","tag-fatima","tag-heliopolis-2","tag-itapicuru","tag-jeremoabo","tag-marcelo-nilo","tag-nova-soure","tag-novo-triunfo","tag-olindina","tag-paripiranga","tag-paulo-rangel","tag-quijingue","tag-ribeira-do-amparo","tag-ribeira-do-pombal","tag-sitio-do-quinto","tag-tcm","tag-tucano"],"aioseo_notices":[],"_links":{"self":[{"href":"https:\/\/www.portalalerta.com.br\/index.php\/wp-json\/wp\/v2\/posts\/54942","targetHints":{"allow":["GET"]}}],"collection":[{"href":"https:\/\/www.portalalerta.com.br\/index.php\/wp-json\/wp\/v2\/posts"}],"about":[{"href":"https:\/\/www.portalalerta.com.br\/index.php\/wp-json\/wp\/v2\/types\/post"}],"author":[{"embeddable":true,"href":"https:\/\/www.portalalerta.com.br\/index.php\/wp-json\/wp\/v2\/users\/2"}],"replies":[{"embeddable":true,"href":"https:\/\/www.portalalerta.com.br\/index.php\/wp-json\/wp\/v2\/comments?post=54942"}],"version-history":[{"count":1,"href":"https:\/\/www.portalalerta.com.br\/index.php\/wp-json\/wp\/v2\/posts\/54942\/revisions"}],"predecessor-version":[{"id":54944,"href":"https:\/\/www.portalalerta.com.br\/index.php\/wp-json\/wp\/v2\/posts\/54942\/revisions\/54944"}],"wp:featuredmedia":[{"embeddable":true,"href":"https:\/\/www.portalalerta.com.br\/index.php\/wp-json\/wp\/v2\/media\/54943"}],"wp:attachment":[{"href":"https:\/\/www.portalalerta.com.br\/index.php\/wp-json\/wp\/v2\/media?parent=54942"}],"wp:term":[{"taxonomy":"category","embeddable":true,"href":"https:\/\/www.portalalerta.com.br\/index.php\/wp-json\/wp\/v2\/categories?post=54942"},{"taxonomy":"post_tag","embeddable":true,"href":"https:\/\/www.portalalerta.com.br\/index.php\/wp-json\/wp\/v2\/tags?post=54942"}],"curies":[{"name":"wp","href":"https:\/\/api.w.org\/{rel}","templated":true}]}}