{"id":54947,"date":"2024-03-07T22:58:57","date_gmt":"2024-03-08T01:58:57","guid":{"rendered":"https:\/\/www.portalalerta.com.br\/?p=54947"},"modified":"2024-03-07T22:58:58","modified_gmt":"2024-03-08T01:58:58","slug":"atlasintel-avaliacao-positiva-do-governo-na-politica-externa-cai-nove-pontos","status":"publish","type":"post","link":"https:\/\/www.portalalerta.com.br\/index.php\/2024\/03\/07\/atlasintel-avaliacao-positiva-do-governo-na-politica-externa-cai-nove-pontos\/","title":{"rendered":"AtlasIntel: avalia\u00e7\u00e3o positiva do governo na pol\u00edtica externa cai nove pontos"},"content":{"rendered":"\n<p>Foram ouvidas 3.154 pessoas, entre 2 e 5 de mar\u00e7o e a pesquisa possui uma margem de erro de 2,2 pontos percentuais para mais ou menos<\/p>\n\n\n\n<!--more-->\n\n\n\n<p>A avalia\u00e7\u00e3o positiva do governo sobre a atua\u00e7\u00e3o do governo Lula em pol\u00edtica externa caiu nove pontos entre janeiro e mar\u00e7o, segundo a pesquisa AtlasIntel divulgada nesta quinta-feira (7).<\/p>\n\n\n<div class=\"wp-block-image\">\n<figure class=\"alignleft size-full\"><img fetchpriority=\"high\" decoding=\"async\" width=\"400\" height=\"300\" src=\"https:\/\/www.portalalerta.com.br\/wp-content\/uploads\/2023\/01\/Auto-Escola-Sonho.jpg\" alt=\"\" class=\"wp-image-47083\" srcset=\"https:\/\/www.portalalerta.com.br\/wp-content\/uploads\/2023\/01\/Auto-Escola-Sonho.jpg 400w, https:\/\/www.portalalerta.com.br\/wp-content\/uploads\/2023\/01\/Auto-Escola-Sonho-320x240.jpg 320w\" sizes=\"(max-width: 400px) 100vw, 400px\" \/><\/figure><\/div>\n\n\n<p>J\u00e1 a avalia\u00e7\u00e3o negativa cresceu cinco pontos percentuais no mesmo per\u00edodo.<\/p>\n\n\n\n<p>A pesquisa AtlasIntel ouviu 3.154 pessoas entre os dias 2 e 5 de mar\u00e7o, por meio de recrutamento digital aleat\u00f3rio. A margem de erro \u00e9 de 2,2 pontos percentuais e o n\u00edvel de confian\u00e7a, de 95%.<\/p>\n\n\n\n<p>No intervalo da pesquisa, aconteceram as declara\u00e7\u00f5es do presidente Luiz In\u00e1cio Lula da Silva (PT) sobre o conflito no Oriente M\u00e9dio e Israel. No m\u00eas passado,\u00a0Lula comparou a situa\u00e7\u00e3o na Faixa de Gaza \u00e0 matan\u00e7a de judeus durante a Segunda Guerra Mundial. A fala foi criticada pelo governo israelense, que atribuiu o t\u00edtulo de\u00a0<em>persona non grata\u00a0<\/em>ao presidente brasileiro. Lula\u00a0manteve sua posi\u00e7\u00e3o\u00a0apesar da rea\u00e7\u00e3o de Israel.<\/p>\n\n\n\n<p><strong>Como voc\u00ea avalia o desempenho do governo federal em cada uma das seguintes \u00e1reas?<\/strong><\/p>\n\n\n\n<p><strong>Rela\u00e7\u00f5es Internacionais<\/strong><\/p>\n\n\n\n<ul class=\"wp-block-list\">\n<li>\u00d3timo\/Bom: 38% (eram 47% em janeiro)<\/li>\n\n\n\n<li>Ruim\/P\u00e9ssimo: 46% (eram 41% em janeiro)<\/li>\n<\/ul>\n\n\n\n<p><strong>Meio Ambiente<\/strong><\/p>\n\n\n\n<ul class=\"wp-block-list\">\n<li>\u00d3timo\/Bom: 40% (eram 45% em janeiro)<\/li>\n\n\n\n<li>Ruim\/P\u00e9ssimo: 51% (eram 47% em janeiro)<\/li>\n<\/ul>\n\n\n\n<p><strong>Justi\u00e7a e combate \u00e0 corrup\u00e7\u00e3o<\/strong><\/p>\n\n\n\n<ul class=\"wp-block-list\">\n<li>\u00d3timo\/Bom: 28% (eram 40% em janeiro)<\/li>\n\n\n\n<li>Ruim\/P\u00e9ssimo: 55% (eram 48% em janeiro)<\/li>\n<\/ul>\n\n\n\n<p><strong>Responsabilidade fiscal e controle de gastos<\/strong><\/p>\n\n\n\n<ul class=\"wp-block-list\">\n<li>\u00d3timo\/Bom: 30% (eram 38% em janeiro)<\/li>\n\n\n\n<li>Ruim\/P\u00e9ssimo: 58% (eram 50% em janeiro)<\/li>\n<\/ul>\n\n\n\n<p><strong>Direitos humanos e igualdade racial<\/strong><\/p>\n\n\n\n<ul class=\"wp-block-list\">\n<li>\u00d3timo\/Bom: 41% (eram 48% em janeiro)<\/li>\n\n\n\n<li>Ruim\/P\u00e9ssimo: 50% (eram 41% em janeiro)<\/li>\n<\/ul>\n\n\n\n<p><strong>Seguran\u00e7a p\u00fablica<\/strong><\/p>\n\n\n\n<ul class=\"wp-block-list\">\n<li>\u00d3timo\/Bom: 24% (eram 36% em janeiro)<\/li>\n\n\n\n<li>Ruim\/P\u00e9ssimo: 66% (eram 52% em janeiro)<\/li>\n<\/ul>\n\n\n\n<p><em>Fonte: CNN<\/em><\/p>\n","protected":false},"excerpt":{"rendered":"<p>Foram ouvidas 3.154 pessoas, entre 2 e 5 de mar\u00e7o e a pesquisa possui uma margem de erro de 2,2 pontos percentuais para mais ou menos<\/p>\n","protected":false},"author":2,"featured_media":45647,"comment_status":"open","ping_status":"open","sticky":false,"template":"","format":"standard","meta":{"om_disable_all_campaigns":false,"_monsterinsights_skip_tracking":false,"_monsterinsights_sitenote_active":false,"_monsterinsights_sitenote_note":"","_monsterinsights_sitenote_category":0,"footnotes":""},"categories":[34,70,35,69,21],"tags":[100,71,48,93,75,4178,4180,129,107,249,4181,132,230,339,106,203,120,51,6746,109,88,47,111,190],"class_list":["post-54947","post","type-post","status-publish","format-standard","has-post-thumbnail","hentry","category-brasil","category-destaques","category-mundo","category-noticias2","category-politica","tag-adustina","tag-antas","tag-araci","tag-brasil","tag-cicero-dantas","tag-cipo-2","tag-crisopolis-2","tag-euclides-da-cunha","tag-fatima","tag-governo-federal","tag-heliopolis-2","tag-itapicuru","tag-jeremoabo","tag-mundo","tag-nova-soure","tag-novo-triunfo","tag-olindina","tag-paripiranga","tag-politica-externa","tag-quijingue","tag-ribeira-do-amparo","tag-ribeira-do-pombal","tag-sitio-do-quinto","tag-tucano"],"aioseo_notices":[],"_links":{"self":[{"href":"https:\/\/www.portalalerta.com.br\/index.php\/wp-json\/wp\/v2\/posts\/54947","targetHints":{"allow":["GET"]}}],"collection":[{"href":"https:\/\/www.portalalerta.com.br\/index.php\/wp-json\/wp\/v2\/posts"}],"about":[{"href":"https:\/\/www.portalalerta.com.br\/index.php\/wp-json\/wp\/v2\/types\/post"}],"author":[{"embeddable":true,"href":"https:\/\/www.portalalerta.com.br\/index.php\/wp-json\/wp\/v2\/users\/2"}],"replies":[{"embeddable":true,"href":"https:\/\/www.portalalerta.com.br\/index.php\/wp-json\/wp\/v2\/comments?post=54947"}],"version-history":[{"count":1,"href":"https:\/\/www.portalalerta.com.br\/index.php\/wp-json\/wp\/v2\/posts\/54947\/revisions"}],"predecessor-version":[{"id":54948,"href":"https:\/\/www.portalalerta.com.br\/index.php\/wp-json\/wp\/v2\/posts\/54947\/revisions\/54948"}],"wp:featuredmedia":[{"embeddable":true,"href":"https:\/\/www.portalalerta.com.br\/index.php\/wp-json\/wp\/v2\/media\/45647"}],"wp:attachment":[{"href":"https:\/\/www.portalalerta.com.br\/index.php\/wp-json\/wp\/v2\/media?parent=54947"}],"wp:term":[{"taxonomy":"category","embeddable":true,"href":"https:\/\/www.portalalerta.com.br\/index.php\/wp-json\/wp\/v2\/categories?post=54947"},{"taxonomy":"post_tag","embeddable":true,"href":"https:\/\/www.portalalerta.com.br\/index.php\/wp-json\/wp\/v2\/tags?post=54947"}],"curies":[{"name":"wp","href":"https:\/\/api.w.org\/{rel}","templated":true}]}}