{"id":54955,"date":"2024-03-08T14:08:43","date_gmt":"2024-03-08T17:08:43","guid":{"rendered":"https:\/\/www.portalalerta.com.br\/?p=54955"},"modified":"2024-03-08T14:29:55","modified_gmt":"2024-03-08T17:29:55","slug":"governo-anuncia-construcao-de-1-178-creches-e-pre-escolas","status":"publish","type":"post","link":"https:\/\/www.portalalerta.com.br\/index.php\/2024\/03\/08\/governo-anuncia-construcao-de-1-178-creches-e-pre-escolas\/","title":{"rendered":"Governo anuncia constru\u00e7\u00e3o de 1.178 creches e pr\u00e9-escolas"},"content":{"rendered":"\n<p><strong><em>Novas unidades v\u00e3o atender 110,7 mil crian\u00e7as at\u00e9 5 anos<\/em><\/strong><\/p>\n\n\n\n<!--more-->\n\n\n\n<p>O governo federal vai destinar R$ 4,1 bilh\u00f5es para a constru\u00e7\u00e3o de 1.178 creches e escolas de educa\u00e7\u00e3o infantil pelo pa\u00eds. Os recursos s\u00e3o do Novo Programa de Acelera\u00e7\u00e3o do Crescimento (PAC) Sele\u00e7\u00f5es, anunciados&nbsp;nesta quinta-feira (7)&nbsp;pelo presidente Luiz In\u00e1cio Lula da Silva, no Pal\u00e1cio do Planalto. O programa \u00e9 voltado para atender os projetos priorit\u00e1rios apresentados por estados e munic\u00edpios.<\/p>\n\n\n\n<p>As novas unidades ser\u00e3o constru\u00eddas em 1.177 munic\u00edpios para atender 110,7 mil crian\u00e7as at\u00e9 5 anos. Segundo o ministro da Educa\u00e7\u00e3o, Camilo Santana, o governo Lula cumprir\u00e1 a meta do Plano Nacional da Educa\u00e7\u00e3o (PNE) e atingir\u00e1 todas as\u00a0<strong>demandas de creches no Brasil<\/strong>.<\/p>\n\n\n\n<p><em>O ministro da Casa Civil, Rui Costa e o inistro da Educa\u00e7\u00e3o, Camilo Santana, que falou sobre retomada de&nbsp;creche de obras inacabadas e paralisadas.&nbsp;Foto:&nbsp;<strong>Antonio Cruz\/Ag\u00eancia Brasil<\/strong><\/em><\/p>\n\n\n\n<p>\u201cO Brasil precisa cumprir o Plano Nacional da Educa\u00e7\u00e3o e l\u00e1 diz que n\u00f3s precisamos cumprir 50% das matr\u00edculas de crian\u00e7as de 0 a 3 anos nas creches. Ent\u00e3o, n\u00f3s estamos retomando creche de obras inacabadas e paralisadas e agora o presidente est\u00e1 autorizando mais\u201d, disse, lembrando ainda que est\u00e1 em andamento o Pacto Nacional pela Retomada de Obras da Educa\u00e7\u00e3o B\u00e1sica.<\/p>\n\n\n\n<p>Pelo PAC Sele\u00e7\u00f5es, o Minist\u00e9rio da Educa\u00e7\u00e3o receber\u00e1 ainda R$ 5,8 bilh\u00f5es para constru\u00e7\u00e3o de 685 escolas de ensino fundamental e m\u00e9dio de tempo integral, garantindo a cobertura para 119,7 mil estudantes. \u201cA escola em tempo integral \u00e9 a escola que tem a menor evas\u00e3o, o menor abandono, estimulando, o ensino m\u00e9dio concomitante com o ensino t\u00e9cnico profissionalizante, para o jovem j\u00e1 sair com o diploma\u201d, disse Camilo Santana.<\/p>\n\n\n\n<p>Mais R$ 750 milh\u00f5es do PAC Sele\u00e7\u00f5es ser\u00e3o destinados para a compra de 1,5 mil \u00f4nibus escolares. Os novos ve\u00edculos do Programa Caminho da Escola atender\u00e3o de 45 mil a 135 mil alunos, especialmente da zona rural em 1,5 mil munic\u00edpios.<\/p>\n\n\n\n<p>As obras e aquisi\u00e7\u00f5es devem ser iniciadas ap\u00f3s os processos de licita\u00e7\u00e3o.<\/p>\n\n\n\n<p><strong>Crit\u00e9rios<\/strong><\/p>\n\n\n\n<p>O ministro explicou ainda que a sele\u00e7\u00e3o priorizou os munic\u00edpios com maior d\u00e9ficit educacional e em sintonia com as metas do Plano Nacional de Educa\u00e7\u00e3o (PNE). Tamb\u00e9m foi levada em conta a capacidade financeira das prefeituras para realiza\u00e7\u00e3o de ovas obras e priorizados aqueles munic\u00edpios que n\u00e3o tem obras paralisadas inacabadas para serem retomadas.<\/p>\n\n\n\n<p>\u201cPortanto, crit\u00e9rios t\u00e9cnicos, crit\u00e9rios justos\u201d, disse Santana, acrescentando que outra condicionante era a disponibiliza\u00e7\u00e3o do terreno pelas prefeituras ou governos estaduais.<\/p>\n\n\n<div class=\"wp-block-image\">\n<figure class=\"alignleft size-full\"><img fetchpriority=\"high\" decoding=\"async\" width=\"400\" height=\"300\" src=\"https:\/\/www.portalalerta.com.br\/wp-content\/uploads\/2023\/01\/Auto-Escola-Sonho.jpg\" alt=\"\" class=\"wp-image-47083\" srcset=\"https:\/\/www.portalalerta.com.br\/wp-content\/uploads\/2023\/01\/Auto-Escola-Sonho.jpg 400w, https:\/\/www.portalalerta.com.br\/wp-content\/uploads\/2023\/01\/Auto-Escola-Sonho-320x240.jpg 320w\" sizes=\"(max-width: 400px) 100vw, 400px\" \/><\/figure><\/div>\n\n\n<p>\u201c\u00c0s vezes, quando n\u00e3o tem um terreno demora muito tempo para iniciar obra, um ano, dois anos para regularizar o terreno. Ent\u00e3o, tamb\u00e9m foi uma prioridade a garantia do terreno, para que, imediatamente, a gente possa iniciar essas obras\u201d, acrescentou, parabenizando prefeitos e governadores pela ades\u00e3o ao edital do PAC Sele\u00e7\u00f5es.<\/p>\n\n\n\n<p>Lula apresentou hoje o resultado de 16 das 27 modalidades do PAC Sele\u00e7\u00f5es. Al\u00e9m da educa\u00e7\u00e3o, foram contemplados projetos nos eixos de sa\u00fade e infraestrutura social e inclusiva, com R$ 23 bilh\u00f5es em investimentos.<\/p>\n\n\n\n<p>No total, na\u00a0primeira etapa do PAC Sele\u00e7\u00f5es\u00a0est\u00e3o\u00a0previstos R$ 65,5 bilh\u00f5es em recursos\u00a0para todo o pa\u00eds. A segunda etapa do Sele\u00e7\u00f5es, com mais R$ 70,8 bilh\u00f5es, dever\u00e1 ser lan\u00e7ada no in\u00edcio de 2025, para que os prefeitos que forem eleitos neste ano possam participar do Novo PAC.<\/p>\n\n\n\n<p><em>Fonte: Ag\u00eancia Brasil<\/em><\/p>\n","protected":false},"excerpt":{"rendered":"<p>Novas unidades v\u00e3o atender 110,7 mil crian\u00e7as at\u00e9 5 anos<\/p>\n","protected":false},"author":2,"featured_media":54950,"comment_status":"open","ping_status":"open","sticky":false,"template":"","format":"standard","meta":{"om_disable_all_campaigns":false,"_monsterinsights_skip_tracking":false,"_monsterinsights_sitenote_active":false,"_monsterinsights_sitenote_note":"","_monsterinsights_sitenote_category":0,"footnotes":""},"categories":[34,70,20,69,21],"tags":[100,71,48,93,75,4178,4180,140,129,107,249,4181,132,230,106,203,120,51,109,88,47,111,190],"class_list":["post-54955","post","type-post","status-publish","format-standard","has-post-thumbnail","hentry","category-brasil","category-destaques","category-educacao","category-noticias2","category-politica","tag-adustina","tag-antas","tag-araci","tag-brasil","tag-cicero-dantas","tag-cipo-2","tag-crisopolis-2","tag-educacao","tag-euclides-da-cunha","tag-fatima","tag-governo-federal","tag-heliopolis-2","tag-itapicuru","tag-jeremoabo","tag-nova-soure","tag-novo-triunfo","tag-olindina","tag-paripiranga","tag-quijingue","tag-ribeira-do-amparo","tag-ribeira-do-pombal","tag-sitio-do-quinto","tag-tucano"],"aioseo_notices":[],"_links":{"self":[{"href":"https:\/\/www.portalalerta.com.br\/index.php\/wp-json\/wp\/v2\/posts\/54955","targetHints":{"allow":["GET"]}}],"collection":[{"href":"https:\/\/www.portalalerta.com.br\/index.php\/wp-json\/wp\/v2\/posts"}],"about":[{"href":"https:\/\/www.portalalerta.com.br\/index.php\/wp-json\/wp\/v2\/types\/post"}],"author":[{"embeddable":true,"href":"https:\/\/www.portalalerta.com.br\/index.php\/wp-json\/wp\/v2\/users\/2"}],"replies":[{"embeddable":true,"href":"https:\/\/www.portalalerta.com.br\/index.php\/wp-json\/wp\/v2\/comments?post=54955"}],"version-history":[{"count":2,"href":"https:\/\/www.portalalerta.com.br\/index.php\/wp-json\/wp\/v2\/posts\/54955\/revisions"}],"predecessor-version":[{"id":54965,"href":"https:\/\/www.portalalerta.com.br\/index.php\/wp-json\/wp\/v2\/posts\/54955\/revisions\/54965"}],"wp:featuredmedia":[{"embeddable":true,"href":"https:\/\/www.portalalerta.com.br\/index.php\/wp-json\/wp\/v2\/media\/54950"}],"wp:attachment":[{"href":"https:\/\/www.portalalerta.com.br\/index.php\/wp-json\/wp\/v2\/media?parent=54955"}],"wp:term":[{"taxonomy":"category","embeddable":true,"href":"https:\/\/www.portalalerta.com.br\/index.php\/wp-json\/wp\/v2\/categories?post=54955"},{"taxonomy":"post_tag","embeddable":true,"href":"https:\/\/www.portalalerta.com.br\/index.php\/wp-json\/wp\/v2\/tags?post=54955"}],"curies":[{"name":"wp","href":"https:\/\/api.w.org\/{rel}","templated":true}]}}