{"id":55009,"date":"2024-03-11T16:00:00","date_gmt":"2024-03-11T19:00:00","guid":{"rendered":"https:\/\/www.portalalerta.com.br\/?p=55009"},"modified":"2024-03-10T22:12:25","modified_gmt":"2024-03-11T01:12:25","slug":"apos-aumentar-o-proprio-salario-milei-volta-atras-e-revoga-decreto","status":"publish","type":"post","link":"https:\/\/www.portalalerta.com.br\/index.php\/2024\/03\/11\/apos-aumentar-o-proprio-salario-milei-volta-atras-e-revoga-decreto\/","title":{"rendered":"Ap\u00f3s aumentar o pr\u00f3prio sal\u00e1rio, Milei volta atr\u00e1s e revoga decreto"},"content":{"rendered":"\n<p>Documento assinado pelo presidente previa aumento de quase 50%, segundo a oposi\u00e7\u00e3o argentina<\/p>\n\n\n\n<!--more-->\n\n\n\n<p>O presidente da&nbsp;Argentina,&nbsp;Javier Milei, anunciou neste s\u00e1bado (9) que revogou um decreto que aumentava o sal\u00e1rio dele e de ministros.&nbsp;<\/p>\n\n\n<div class=\"wp-block-image\">\n<figure class=\"alignleft size-full\"><img fetchpriority=\"high\" decoding=\"async\" width=\"400\" height=\"300\" src=\"https:\/\/www.portalalerta.com.br\/wp-content\/uploads\/2023\/01\/Auto-Escola-Sonho.jpg\" alt=\"\" class=\"wp-image-47083\" srcset=\"https:\/\/www.portalalerta.com.br\/wp-content\/uploads\/2023\/01\/Auto-Escola-Sonho.jpg 400w, https:\/\/www.portalalerta.com.br\/wp-content\/uploads\/2023\/01\/Auto-Escola-Sonho-320x240.jpg 320w\" sizes=\"(max-width: 400px) 100vw, 400px\" \/><\/figure><\/div>\n\n\n<p>No dia 21 de fevereiro, o governo argentino concedeu um aumento de 30% no sal\u00e1rio m\u00ednimo para os trabalhadores \u2014&nbsp;abaixo do esperado por empres\u00e1rios e sindicatos. No entanto, ainda em fevereiro, um documento assinado por Milei tamb\u00e9m previa o aumento salarial do presidente, ministros e outros cargos do governo. Segundo a oposi\u00e7\u00e3o, entretanto, esse aumento foi de quase 50%.<\/p>\n\n\n\n<p>O caso ganhou repercuss\u00e3o na imprensa argentina. Neste s\u00e1bado, em um post nas redes sociais, Milei disse que vai revogar a medida e culpou a ex-presidente Cristina Kirchner pelo aumento.<\/p>\n\n\n\n<p><strong><em>&#8220;Acabo de ser informado que em decorr\u00eancia de um decreto assinado pela ex-presidente Cristina Kirchner em 2010, que estabelecia que os dirigentes pol\u00edticos deveriam ganhar sempre mais que os funcion\u00e1rios da administra\u00e7\u00e3o p\u00fablica, foi concedido um aumento autom\u00e1tico aos quadros pol\u00edticos deste governo&#8221;,<\/em><\/strong> escreveu.<\/p>\n\n\n\n<p>O Gabinete Presidencial tamb\u00e9m publicou uma nota afirmando que o aumento havia sido dado de forma autom\u00e1tica por causa de um decreto assinado por Kirchner.&nbsp;<strong><em>&#8220;A situa\u00e7\u00e3o herdada \u00e9 cr\u00edtica, e os argentinos est\u00e3o fazendo um sacrif\u00edcio heroico. \u00c9 tempo de os pol\u00edticos pagarem o custo do que provocaram&#8221;, <\/em><\/strong>afirmou o governo.<\/p>\n\n\n\n<p><em>Fonte: Metro1<\/em><\/p>\n","protected":false},"excerpt":{"rendered":"<p>Documento assinado pelo presidente previa aumento de quase 50%, segundo a oposi\u00e7\u00e3o argentina<\/p>\n","protected":false},"author":2,"featured_media":50532,"comment_status":"open","ping_status":"open","sticky":false,"template":"","format":"standard","meta":{"om_disable_all_campaigns":false,"_monsterinsights_skip_tracking":false,"_monsterinsights_sitenote_active":false,"_monsterinsights_sitenote_note":"","_monsterinsights_sitenote_category":0,"footnotes":""},"categories":[70,35,69,21],"tags":[100,71,48,297,75,4178,4180,129,107,4181,132,6449,230,106,203,120,51,94,109,2197,88,47,251,111,190],"class_list":["post-55009","post","type-post","status-publish","format-standard","has-post-thumbnail","hentry","category-destaques","category-mundo","category-noticias2","category-politica","tag-adustina","tag-antas","tag-araci","tag-argentina","tag-cicero-dantas","tag-cipo-2","tag-crisopolis-2","tag-euclides-da-cunha","tag-fatima","tag-heliopolis-2","tag-itapicuru","tag-javier-milei","tag-jeremoabo","tag-nova-soure","tag-novo-triunfo","tag-olindina","tag-paripiranga","tag-presidente","tag-quijingue","tag-reajuste-salarial","tag-ribeira-do-amparo","tag-ribeira-do-pombal","tag-salario","tag-sitio-do-quinto","tag-tucano"],"aioseo_notices":[],"_links":{"self":[{"href":"https:\/\/www.portalalerta.com.br\/index.php\/wp-json\/wp\/v2\/posts\/55009","targetHints":{"allow":["GET"]}}],"collection":[{"href":"https:\/\/www.portalalerta.com.br\/index.php\/wp-json\/wp\/v2\/posts"}],"about":[{"href":"https:\/\/www.portalalerta.com.br\/index.php\/wp-json\/wp\/v2\/types\/post"}],"author":[{"embeddable":true,"href":"https:\/\/www.portalalerta.com.br\/index.php\/wp-json\/wp\/v2\/users\/2"}],"replies":[{"embeddable":true,"href":"https:\/\/www.portalalerta.com.br\/index.php\/wp-json\/wp\/v2\/comments?post=55009"}],"version-history":[{"count":1,"href":"https:\/\/www.portalalerta.com.br\/index.php\/wp-json\/wp\/v2\/posts\/55009\/revisions"}],"predecessor-version":[{"id":55011,"href":"https:\/\/www.portalalerta.com.br\/index.php\/wp-json\/wp\/v2\/posts\/55009\/revisions\/55011"}],"wp:featuredmedia":[{"embeddable":true,"href":"https:\/\/www.portalalerta.com.br\/index.php\/wp-json\/wp\/v2\/media\/50532"}],"wp:attachment":[{"href":"https:\/\/www.portalalerta.com.br\/index.php\/wp-json\/wp\/v2\/media?parent=55009"}],"wp:term":[{"taxonomy":"category","embeddable":true,"href":"https:\/\/www.portalalerta.com.br\/index.php\/wp-json\/wp\/v2\/categories?post=55009"},{"taxonomy":"post_tag","embeddable":true,"href":"https:\/\/www.portalalerta.com.br\/index.php\/wp-json\/wp\/v2\/tags?post=55009"}],"curies":[{"name":"wp","href":"https:\/\/api.w.org\/{rel}","templated":true}]}}