{"id":55015,"date":"2024-03-11T16:02:00","date_gmt":"2024-03-11T19:02:00","guid":{"rendered":"https:\/\/www.portalalerta.com.br\/?p=55015"},"modified":"2024-03-10T22:32:15","modified_gmt":"2024-03-11T01:32:15","slug":"bahia-chega-a-12-mortes-por-dengue-em-2024-obitos-foram-registrados-no-sudoeste-do-estado","status":"publish","type":"post","link":"https:\/\/www.portalalerta.com.br\/index.php\/2024\/03\/11\/bahia-chega-a-12-mortes-por-dengue-em-2024-obitos-foram-registrados-no-sudoeste-do-estado\/","title":{"rendered":"Bahia chega a 12 mortes por dengue em 2024; \u00f3bitos foram registrados no Sudoeste do estado"},"content":{"rendered":"\n<p>A Bahia chegou ao n\u00famero de 12 mortes por dengue neste ano. Os \u00faltimos tr\u00eas \u00f3bitos em decorr\u00eancia da doen\u00e7a foram confirmados no Sudoeste Baiano, na \u00faltima sexta-feira (08) pela Secretaria da Sa\u00fade do Estado (Sesab).&nbsp;Dessas tr\u00eas mortes, 2 pacientes eram de Jacaraci e 1 de Vit\u00f3ria da Conquista.&nbsp;Os dois munic\u00edpios j\u00e1 tinham registrado \u00f3bitos por dengue anteriormente. Conquista teve dois casos de mortes e Jacaraci tamb\u00e9m duas mortes pela doen\u00e7a.&nbsp;<\/p>\n\n\n\n<!--more-->\n\n\n<div class=\"wp-block-image\">\n<figure class=\"alignleft size-full\"><img fetchpriority=\"high\" decoding=\"async\" width=\"400\" height=\"300\" src=\"https:\/\/www.portalalerta.com.br\/wp-content\/uploads\/2023\/01\/Auto-Escola-Sonho.jpg\" alt=\"\" class=\"wp-image-47083\" srcset=\"https:\/\/www.portalalerta.com.br\/wp-content\/uploads\/2023\/01\/Auto-Escola-Sonho.jpg 400w, https:\/\/www.portalalerta.com.br\/wp-content\/uploads\/2023\/01\/Auto-Escola-Sonho-320x240.jpg 320w\" sizes=\"(max-width: 400px) 100vw, 400px\" \/><\/figure><\/div>\n\n\n<p>O sudoeste possui o maior n\u00famero de mortes no estado, com casos em Jacaraci, Conquista e Barra do Cho\u00e7a. A Bahia possui atualmente 122 munic\u00edpios baianos em estado de epidemia da dengue, outros 51 est\u00e3o em risco e 34 em alerta.<\/p>\n\n\n\n<p>N\u00e3o foram informadas as identidades das v\u00edtimas.<\/p>\n\n\n\n<p>Uma morte por suspeita de dengue est\u00e1 sendo investigada em Santaluz, na regi\u00e3o sisaleira da Bahia. A informa\u00e7\u00e3o foi divulgada pela Secretaria de Sa\u00fade do munic\u00edpio, na noite da \u00faltima ter\u00e7a-feira (5). O boletim epidemiol\u00f3gico n\u00e3o traz informa\u00e7\u00f5es sobre o paciente e nem a data do \u00f3bito. O informativo contabiliza ainda 216 casos notificados, 16 confirmados e 12 descartados.<\/p>\n\n\n\n<p><em>Fonte: Tribuna Sisaleira <\/em><em><\/em><\/p>\n","protected":false},"excerpt":{"rendered":"<p>A Bahia chegou ao n\u00famero de 12 mortes por dengue neste ano. Os \u00faltimos tr\u00eas \u00f3bitos em decorr\u00eancia da doen\u00e7a foram confirmados no Sudoeste Baiano, na \u00faltima sexta-feira (08) pela Secretaria da Sa\u00fade do Estado (Sesab).&nbsp;Dessas tr\u00eas mortes, 2 pacientes eram de Jacaraci e 1 de Vit\u00f3ria da Conquista.&nbsp;Os dois munic\u00edpios j\u00e1 tinham registrado \u00f3bitos &hellip;<\/p>\n","protected":false},"author":2,"featured_media":54306,"comment_status":"open","ping_status":"open","sticky":false,"template":"","format":"standard","meta":{"om_disable_all_campaigns":false,"_monsterinsights_skip_tracking":false,"_monsterinsights_sitenote_active":false,"_monsterinsights_sitenote_note":"","_monsterinsights_sitenote_category":0,"footnotes":""},"categories":[33,70,69,19],"tags":[100,71,48,54,75,4178,4180,1689,129,107,4181,132,2646,230,439,106,203,120,51,109,88,47,1024,111,190,242],"class_list":["post-55015","post","type-post","status-publish","format-standard","has-post-thumbnail","hentry","category-bahia","category-destaques","category-noticias2","category-saude","tag-adustina","tag-antas","tag-araci","tag-bahia","tag-cicero-dantas","tag-cipo-2","tag-crisopolis-2","tag-dengue","tag-euclides-da-cunha","tag-fatima","tag-heliopolis-2","tag-itapicuru","tag-jacaraci","tag-jeremoabo","tag-mortes","tag-nova-soure","tag-novo-triunfo","tag-olindina","tag-paripiranga","tag-quijingue","tag-ribeira-do-amparo","tag-ribeira-do-pombal","tag-sesab","tag-sitio-do-quinto","tag-tucano","tag-vitoria-da-conquista"],"aioseo_notices":[],"_links":{"self":[{"href":"https:\/\/www.portalalerta.com.br\/index.php\/wp-json\/wp\/v2\/posts\/55015","targetHints":{"allow":["GET"]}}],"collection":[{"href":"https:\/\/www.portalalerta.com.br\/index.php\/wp-json\/wp\/v2\/posts"}],"about":[{"href":"https:\/\/www.portalalerta.com.br\/index.php\/wp-json\/wp\/v2\/types\/post"}],"author":[{"embeddable":true,"href":"https:\/\/www.portalalerta.com.br\/index.php\/wp-json\/wp\/v2\/users\/2"}],"replies":[{"embeddable":true,"href":"https:\/\/www.portalalerta.com.br\/index.php\/wp-json\/wp\/v2\/comments?post=55015"}],"version-history":[{"count":1,"href":"https:\/\/www.portalalerta.com.br\/index.php\/wp-json\/wp\/v2\/posts\/55015\/revisions"}],"predecessor-version":[{"id":55016,"href":"https:\/\/www.portalalerta.com.br\/index.php\/wp-json\/wp\/v2\/posts\/55015\/revisions\/55016"}],"wp:featuredmedia":[{"embeddable":true,"href":"https:\/\/www.portalalerta.com.br\/index.php\/wp-json\/wp\/v2\/media\/54306"}],"wp:attachment":[{"href":"https:\/\/www.portalalerta.com.br\/index.php\/wp-json\/wp\/v2\/media?parent=55015"}],"wp:term":[{"taxonomy":"category","embeddable":true,"href":"https:\/\/www.portalalerta.com.br\/index.php\/wp-json\/wp\/v2\/categories?post=55015"},{"taxonomy":"post_tag","embeddable":true,"href":"https:\/\/www.portalalerta.com.br\/index.php\/wp-json\/wp\/v2\/tags?post=55015"}],"curies":[{"name":"wp","href":"https:\/\/api.w.org\/{rel}","templated":true}]}}