{"id":55017,"date":"2024-03-11T16:03:00","date_gmt":"2024-03-11T19:03:00","guid":{"rendered":"https:\/\/www.portalalerta.com.br\/?p=55017"},"modified":"2024-03-10T22:34:02","modified_gmt":"2024-03-11T01:34:02","slug":"prefeito-de-ribeira-do-pombal-ba-anuncia-filiacao-ao-mdb-para-a-proxima-quarta-feira-13","status":"publish","type":"post","link":"https:\/\/www.portalalerta.com.br\/index.php\/2024\/03\/11\/prefeito-de-ribeira-do-pombal-ba-anuncia-filiacao-ao-mdb-para-a-proxima-quarta-feira-13\/","title":{"rendered":"Prefeito de Ribeira do Pombal-BA anuncia filia\u00e7\u00e3o ao MDB para a pr\u00f3xima quarta-feira (13)"},"content":{"rendered":"\n<p>Em discurso na \u00faltima sexta-feira (08), o prefeito de Ribeira do Pombal-BA, Eriksson Silva confirmou que vai se filiar ao MDB na quarta-feira (13), em Bras\u00edlia. &nbsp;<\/p>\n\n\n\n<!--more-->\n\n\n<div class=\"wp-block-image\">\n<figure class=\"alignleft size-large is-resized\"><img fetchpriority=\"high\" decoding=\"async\" src=\"https:\/\/www.portalalerta.com.br\/wp-content\/uploads\/2024\/03\/Real-Mulher-2024-584x1024.jpg\" alt=\"\" class=\"wp-image-54863\" width=\"401\" height=\"703\" srcset=\"https:\/\/www.portalalerta.com.br\/wp-content\/uploads\/2024\/03\/Real-Mulher-2024-584x1024.jpg 584w, https:\/\/www.portalalerta.com.br\/wp-content\/uploads\/2024\/03\/Real-Mulher-2024-137x240.jpg 137w, https:\/\/www.portalalerta.com.br\/wp-content\/uploads\/2024\/03\/Real-Mulher-2024-768x1346.jpg 768w, https:\/\/www.portalalerta.com.br\/wp-content\/uploads\/2024\/03\/Real-Mulher-2024.jpg 856w\" sizes=\"(max-width: 401px) 100vw, 401px\" \/><\/figure><\/div>\n\n\n<p>O gestor falou da uni\u00e3o do grupo, das emendas do MDB e do Deputado Federal Ricardo Maia para obras e servi\u00e7os na Prefeitura em mais de R$ 8 milh\u00f5es.<\/p>\n\n\n\n<p>Eriksson que \u00e9 pr\u00e9-candidato a reelei\u00e7\u00e3o, fez a seguinte postagem no seu instagran: <strong><em>&#8220;Recebi em minha casa, para um bate-papo pol\u00edtico, os nossos pr\u00e9-candidatos e pr\u00e9-candidatas mobilizados em busca de uma vaga na C\u00e2mara Municipal. Um time formado por grandes nomes unidos com o prop\u00f3sito de sempre estar procurando mais benef\u00edcios para o povo pombalense. Ao lado do vice-prefeito @nathanpb_ e do Deputado Federal @ricardomaia.dabahia, fizemos desse encontro um momento importante para discutir sobre as filia\u00e7\u00f5es partid\u00e1rias e as estrat\u00e9gias para defender os interesses de Ribeira do Pombal. Tamo junto!\u201d.<\/em><\/strong><\/p>\n\n\n\n<p><em>Fonte: Joilson Costa<\/em><\/p>\n","protected":false},"excerpt":{"rendered":"<p>Em discurso na \u00faltima sexta-feira (08), o prefeito de Ribeira do Pombal-BA, Eriksson Silva confirmou que vai se filiar ao MDB na quarta-feira (13), em Bras\u00edlia. &nbsp;<\/p>\n","protected":false},"author":2,"featured_media":55010,"comment_status":"open","ping_status":"open","sticky":false,"template":"","format":"standard","meta":{"om_disable_all_campaigns":false,"_monsterinsights_skip_tracking":false,"_monsterinsights_sitenote_active":false,"_monsterinsights_sitenote_note":"","_monsterinsights_sitenote_category":0,"footnotes":""},"categories":[70,69,21,32,3],"tags":[100,71,48,75,4178,4180,5695,3400,129,107,4181,132,230,643,106,203,120,51,109,88,47,146,111,190],"class_list":["post-55017","post","type-post","status-publish","format-standard","has-post-thumbnail","hentry","category-destaques","category-noticias2","category-politica","category-regiao","category-ribeira-do-pombal","tag-adustina","tag-antas","tag-araci","tag-cicero-dantas","tag-cipo-2","tag-crisopolis-2","tag-eleicoes-2024","tag-eriksson-silva","tag-euclides-da-cunha","tag-fatima","tag-heliopolis-2","tag-itapicuru","tag-jeremoabo","tag-mdb","tag-nova-soure","tag-novo-triunfo","tag-olindina","tag-paripiranga","tag-quijingue","tag-ribeira-do-amparo","tag-ribeira-do-pombal","tag-ricardo-maia","tag-sitio-do-quinto","tag-tucano"],"aioseo_notices":[],"_links":{"self":[{"href":"https:\/\/www.portalalerta.com.br\/index.php\/wp-json\/wp\/v2\/posts\/55017","targetHints":{"allow":["GET"]}}],"collection":[{"href":"https:\/\/www.portalalerta.com.br\/index.php\/wp-json\/wp\/v2\/posts"}],"about":[{"href":"https:\/\/www.portalalerta.com.br\/index.php\/wp-json\/wp\/v2\/types\/post"}],"author":[{"embeddable":true,"href":"https:\/\/www.portalalerta.com.br\/index.php\/wp-json\/wp\/v2\/users\/2"}],"replies":[{"embeddable":true,"href":"https:\/\/www.portalalerta.com.br\/index.php\/wp-json\/wp\/v2\/comments?post=55017"}],"version-history":[{"count":1,"href":"https:\/\/www.portalalerta.com.br\/index.php\/wp-json\/wp\/v2\/posts\/55017\/revisions"}],"predecessor-version":[{"id":55018,"href":"https:\/\/www.portalalerta.com.br\/index.php\/wp-json\/wp\/v2\/posts\/55017\/revisions\/55018"}],"wp:featuredmedia":[{"embeddable":true,"href":"https:\/\/www.portalalerta.com.br\/index.php\/wp-json\/wp\/v2\/media\/55010"}],"wp:attachment":[{"href":"https:\/\/www.portalalerta.com.br\/index.php\/wp-json\/wp\/v2\/media?parent=55017"}],"wp:term":[{"taxonomy":"category","embeddable":true,"href":"https:\/\/www.portalalerta.com.br\/index.php\/wp-json\/wp\/v2\/categories?post=55017"},{"taxonomy":"post_tag","embeddable":true,"href":"https:\/\/www.portalalerta.com.br\/index.php\/wp-json\/wp\/v2\/tags?post=55017"}],"curies":[{"name":"wp","href":"https:\/\/api.w.org\/{rel}","templated":true}]}}