{"id":55028,"date":"2024-03-12T07:00:00","date_gmt":"2024-03-12T10:00:00","guid":{"rendered":"https:\/\/www.portalalerta.com.br\/?p=55028"},"modified":"2024-03-11T23:32:39","modified_gmt":"2024-03-12T02:32:39","slug":"lula-autorizara-construcao-de-campus-do-ifba-em-ribeira-do-pombal-ba","status":"publish","type":"post","link":"https:\/\/www.portalalerta.com.br\/index.php\/2024\/03\/12\/lula-autorizara-construcao-de-campus-do-ifba-em-ribeira-do-pombal-ba\/","title":{"rendered":"Lula autorizar\u00e1 constru\u00e7\u00e3o de campus do Ifba em Ribeira do Pombal-BA"},"content":{"rendered":"\n<p>O presidente Luiz In\u00e1cio Lula da Silva (PT) est\u00e1 programado para autorizar a constru\u00e7\u00e3o de um novo campus do Instituto Federal da Bahia (Ifba) em Ribeira do Pombal-BA. De acordo com informa\u00e7\u00f5es, a cerim\u00f4nia oficial est\u00e1 marcada para esta ter\u00e7a-feira (12), no Pal\u00e1cio do Planalto.&nbsp;<\/p>\n\n\n\n<!--more-->\n\n\n<div class=\"wp-block-image\">\n<figure class=\"alignleft size-full\"><img fetchpriority=\"high\" decoding=\"async\" width=\"400\" height=\"300\" src=\"https:\/\/www.portalalerta.com.br\/wp-content\/uploads\/2023\/01\/Auto-Escola-Sonho.jpg\" alt=\"\" class=\"wp-image-47083\" srcset=\"https:\/\/www.portalalerta.com.br\/wp-content\/uploads\/2023\/01\/Auto-Escola-Sonho.jpg 400w, https:\/\/www.portalalerta.com.br\/wp-content\/uploads\/2023\/01\/Auto-Escola-Sonho-320x240.jpg 320w\" sizes=\"(max-width: 400px) 100vw, 400px\" \/><\/figure><\/div>\n\n\n<p>O Minist\u00e9rio da Educa\u00e7\u00e3o (MEC) destaca que a iniciativa faz parte do projeto de expans\u00e3o da rede de ensino t\u00e9cnico e superior em todo o pa\u00eds. Al\u00e9m de Ribeira do Pombal, outras cidades contempladas com novos campi do Ifba incluem Po\u00e7\u00f5es, Salvador, Remanso, Itabuna, Ruy Barbosa, Santo Estev\u00e3o e Maca\u00fabas.<\/p>\n\n\n\n<p><em>Fonte: Bahia Not\u00edcias<\/em><\/p>\n\n\n\n<p><em>Edi\u00e7\u00e3o: Portal Alerta<\/em><\/p>\n","protected":false},"excerpt":{"rendered":"<p>O presidente Luiz In\u00e1cio Lula da Silva (PT) est\u00e1 programado para autorizar a constru\u00e7\u00e3o de um novo campus do Instituto Federal da Bahia (Ifba) em Ribeira do Pombal-BA. De acordo com informa\u00e7\u00f5es, a cerim\u00f4nia oficial est\u00e1 marcada para esta ter\u00e7a-feira (12), no Pal\u00e1cio do Planalto.&nbsp;<\/p>\n","protected":false},"author":2,"featured_media":55025,"comment_status":"open","ping_status":"open","sticky":false,"template":"","format":"standard","meta":{"om_disable_all_campaigns":false,"_monsterinsights_skip_tracking":false,"_monsterinsights_sitenote_active":false,"_monsterinsights_sitenote_note":"","_monsterinsights_sitenote_category":0,"footnotes":""},"categories":[33,34,70,20,69,32,3],"tags":[100,71,48,75,4178,4180,6756,129,107,4181,1366,1006,132,230,2431,106,203,120,51,1130,109,2639,88,47,2455,330,1285,111,190],"class_list":["post-55028","post","type-post","status-publish","format-standard","has-post-thumbnail","hentry","category-bahia","category-brasil","category-destaques","category-educacao","category-noticias2","category-regiao","category-ribeira-do-pombal","tag-adustina","tag-antas","tag-araci","tag-cicero-dantas","tag-cipo-2","tag-crisopolis-2","tag-educacao-lula","tag-euclides-da-cunha","tag-fatima","tag-heliopolis-2","tag-ifba","tag-itabuna","tag-itapicuru","tag-jeremoabo","tag-macaubas","tag-nova-soure","tag-novo-triunfo","tag-olindina","tag-paripiranga","tag-pocoes","tag-quijingue","tag-remanso","tag-ribeira-do-amparo","tag-ribeira-do-pombal","tag-ruy-barbosa","tag-salvador","tag-santo-estevao","tag-sitio-do-quinto","tag-tucano"],"aioseo_notices":[],"_links":{"self":[{"href":"https:\/\/www.portalalerta.com.br\/index.php\/wp-json\/wp\/v2\/posts\/55028","targetHints":{"allow":["GET"]}}],"collection":[{"href":"https:\/\/www.portalalerta.com.br\/index.php\/wp-json\/wp\/v2\/posts"}],"about":[{"href":"https:\/\/www.portalalerta.com.br\/index.php\/wp-json\/wp\/v2\/types\/post"}],"author":[{"embeddable":true,"href":"https:\/\/www.portalalerta.com.br\/index.php\/wp-json\/wp\/v2\/users\/2"}],"replies":[{"embeddable":true,"href":"https:\/\/www.portalalerta.com.br\/index.php\/wp-json\/wp\/v2\/comments?post=55028"}],"version-history":[{"count":1,"href":"https:\/\/www.portalalerta.com.br\/index.php\/wp-json\/wp\/v2\/posts\/55028\/revisions"}],"predecessor-version":[{"id":55031,"href":"https:\/\/www.portalalerta.com.br\/index.php\/wp-json\/wp\/v2\/posts\/55028\/revisions\/55031"}],"wp:featuredmedia":[{"embeddable":true,"href":"https:\/\/www.portalalerta.com.br\/index.php\/wp-json\/wp\/v2\/media\/55025"}],"wp:attachment":[{"href":"https:\/\/www.portalalerta.com.br\/index.php\/wp-json\/wp\/v2\/media?parent=55028"}],"wp:term":[{"taxonomy":"category","embeddable":true,"href":"https:\/\/www.portalalerta.com.br\/index.php\/wp-json\/wp\/v2\/categories?post=55028"},{"taxonomy":"post_tag","embeddable":true,"href":"https:\/\/www.portalalerta.com.br\/index.php\/wp-json\/wp\/v2\/tags?post=55028"}],"curies":[{"name":"wp","href":"https:\/\/api.w.org\/{rel}","templated":true}]}}