{"id":55033,"date":"2024-03-12T07:01:00","date_gmt":"2024-03-12T10:01:00","guid":{"rendered":"https:\/\/www.portalalerta.com.br\/?p=55033"},"modified":"2024-03-12T08:45:16","modified_gmt":"2024-03-12T11:45:16","slug":"para-a-pf-cid-detalhou-minuta-mas-poupou-bolsonaro","status":"publish","type":"post","link":"https:\/\/www.portalalerta.com.br\/index.php\/2024\/03\/12\/para-a-pf-cid-detalhou-minuta-mas-poupou-bolsonaro\/","title":{"rendered":"Para a PF, Cid detalhou minuta, mas poupou Bolsonaro"},"content":{"rendered":"\n<p>Em depoimentos feitos \u00e0 Pol\u00edcia Federal, o ex-ajudante de ordens Mauro Cid omitiu a informa\u00e7\u00e3o que Jair Bolsonaro teria planejado dar um golpe de Estado para se manter no poder.<\/p>\n\n\n\n<!--more-->\n\n\n\n<p>Segundo apurou a&nbsp;reportagem o militar reconheceu que foram promovidas reuni\u00f5es nas quais se discutiram \u201cminutas golpistas\u201d, mas n\u00e3o mencionou se o ex-presidente cogitava levar um plano adiante.<\/p>\n\n\n<div class=\"wp-block-image\">\n<figure class=\"alignleft size-large is-resized\"><img fetchpriority=\"high\" decoding=\"async\" src=\"https:\/\/www.portalalerta.com.br\/wp-content\/uploads\/2024\/03\/Real-Semana-do-Consumidor-2024-819x1024.png\" alt=\"\" class=\"wp-image-55026\" width=\"435\" height=\"544\" srcset=\"https:\/\/www.portalalerta.com.br\/wp-content\/uploads\/2024\/03\/Real-Semana-do-Consumidor-2024-819x1024.png 819w, https:\/\/www.portalalerta.com.br\/wp-content\/uploads\/2024\/03\/Real-Semana-do-Consumidor-2024-192x240.png 192w, https:\/\/www.portalalerta.com.br\/wp-content\/uploads\/2024\/03\/Real-Semana-do-Consumidor-2024-768x960.png 768w, https:\/\/www.portalalerta.com.br\/wp-content\/uploads\/2024\/03\/Real-Semana-do-Consumidor-2024-1229x1536.png 1229w, https:\/\/www.portalalerta.com.br\/wp-content\/uploads\/2024\/03\/Real-Semana-do-Consumidor-2024.png 1536w\" sizes=\"(max-width: 435px) 100vw, 435px\" \/><\/figure><\/div>\n\n\n<p>Bolsonaro \u00e9 investigado em inqu\u00e9rito que apura se pretendia decretar estado de s\u00edtio ou de defesa para impedir que Luiz In\u00e1cio Lula da Silva (PT) assumisse o poder.<\/p>\n\n\n\n<p>Cid teve novo depoimento na \u00faltima segunda-feira (11). A expectativa \u00e9 de que seja questionado sobre mensagens trocadas com militares e reuni\u00f5es sobre as \u201cminutas golpistas\u201d.<\/p>\n\n\n\n<p>O advogado de Mauro Cid, Cezar Bitencourt, tamb\u00e9m afirmou \u00e0 reportagem que o coronel <strong><em>\u201cnunca afirmou que o ex-presidente Jair Bolsonaro tramou um golpe\u201d.<\/em><\/strong><\/p>\n\n\n\n<p><strong><em>\u201cO Cid nunca falou isso. N\u00e3o procede\u201d<\/em><\/strong>, afirmou o advogado.<\/p>\n\n\n\n<p>A expectativa da defesa do militar \u00e9 de que seja um depoimento tranquilo. O ex-ajudante de ordens deve ser chamado novamente ap\u00f3s comitiva da for\u00e7a policial ir aos Estados Unidos.<\/p>\n\n\n\n<p>O grupo policial planeja viajar at\u00e9 abril, na tentativa de obter novas provas sobre a venda de presentes da Presid\u00eancia da Rep\u00fablica no exterior.<\/p>\n\n\n\n<p><em>Fonte: CNN<\/em><\/p>\n","protected":false},"excerpt":{"rendered":"<p>Em depoimentos feitos \u00e0 Pol\u00edcia Federal, o ex-ajudante de ordens Mauro Cid omitiu a informa\u00e7\u00e3o que Jair Bolsonaro teria planejado dar um golpe de Estado para se manter no poder.<\/p>\n","protected":false},"author":2,"featured_media":49088,"comment_status":"open","ping_status":"open","sticky":false,"template":"","format":"standard","meta":{"om_disable_all_campaigns":false,"_monsterinsights_skip_tracking":false,"_monsterinsights_sitenote_active":false,"_monsterinsights_sitenote_note":"","_monsterinsights_sitenote_category":0,"footnotes":""},"categories":[34,70,69,21],"tags":[100,71,48,75,4178,4180,129,107,4181,132,1395,230,6016,106,203,120,51,173,109,88,47,111,190],"class_list":["post-55033","post","type-post","status-publish","format-standard","has-post-thumbnail","hentry","category-brasil","category-destaques","category-noticias2","category-politica","tag-adustina","tag-antas","tag-araci","tag-cicero-dantas","tag-cipo-2","tag-crisopolis-2","tag-euclides-da-cunha","tag-fatima","tag-heliopolis-2","tag-itapicuru","tag-jair-bolsonaro","tag-jeremoabo","tag-mauro-cid","tag-nova-soure","tag-novo-triunfo","tag-olindina","tag-paripiranga","tag-policia-federal","tag-quijingue","tag-ribeira-do-amparo","tag-ribeira-do-pombal","tag-sitio-do-quinto","tag-tucano"],"aioseo_notices":[],"_links":{"self":[{"href":"https:\/\/www.portalalerta.com.br\/index.php\/wp-json\/wp\/v2\/posts\/55033","targetHints":{"allow":["GET"]}}],"collection":[{"href":"https:\/\/www.portalalerta.com.br\/index.php\/wp-json\/wp\/v2\/posts"}],"about":[{"href":"https:\/\/www.portalalerta.com.br\/index.php\/wp-json\/wp\/v2\/types\/post"}],"author":[{"embeddable":true,"href":"https:\/\/www.portalalerta.com.br\/index.php\/wp-json\/wp\/v2\/users\/2"}],"replies":[{"embeddable":true,"href":"https:\/\/www.portalalerta.com.br\/index.php\/wp-json\/wp\/v2\/comments?post=55033"}],"version-history":[{"count":3,"href":"https:\/\/www.portalalerta.com.br\/index.php\/wp-json\/wp\/v2\/posts\/55033\/revisions"}],"predecessor-version":[{"id":55042,"href":"https:\/\/www.portalalerta.com.br\/index.php\/wp-json\/wp\/v2\/posts\/55033\/revisions\/55042"}],"wp:featuredmedia":[{"embeddable":true,"href":"https:\/\/www.portalalerta.com.br\/index.php\/wp-json\/wp\/v2\/media\/49088"}],"wp:attachment":[{"href":"https:\/\/www.portalalerta.com.br\/index.php\/wp-json\/wp\/v2\/media?parent=55033"}],"wp:term":[{"taxonomy":"category","embeddable":true,"href":"https:\/\/www.portalalerta.com.br\/index.php\/wp-json\/wp\/v2\/categories?post=55033"},{"taxonomy":"post_tag","embeddable":true,"href":"https:\/\/www.portalalerta.com.br\/index.php\/wp-json\/wp\/v2\/tags?post=55033"}],"curies":[{"name":"wp","href":"https:\/\/api.w.org\/{rel}","templated":true}]}}