{"id":5508,"date":"2018-03-13T15:35:28","date_gmt":"2018-03-13T18:35:28","guid":{"rendered":"http:\/\/www.portalalerta.com.br\/?p=5508"},"modified":"2018-03-13T15:35:28","modified_gmt":"2018-03-13T18:35:28","slug":"imovel-desaba-e-deixa-vitimas-soterradas-apos-chuva-forte-em-salvador-ba","status":"publish","type":"post","link":"https:\/\/www.portalalerta.com.br\/index.php\/2018\/03\/13\/imovel-desaba-e-deixa-vitimas-soterradas-apos-chuva-forte-em-salvador-ba\/","title":{"rendered":"Im\u00f3vel desaba e deixa v\u00edtimas soterradas ap\u00f3s chuva forte em Salvador-BA"},"content":{"rendered":"<p style=\"text-align: justify;\">Adolescente de 12 anos morreu e h\u00e1 ainda tr\u00eas desaparecidos<!--more--><\/p>\n<p style=\"text-align: justify;\">A chuva que atinge\u00a0Salvador e Regi\u00e3o Metropolitana na manh\u00e3 desta ter\u00e7a-feira (13) provocou o desabamento de um im\u00f3vel de quatro pavimentos na Rua Alto de S\u00e3o Jo\u00e3o, em Pitua\u00e7u. Um adolescente\u00a0de 12 anos morreu. De acordo com a Defesa Civil de\u00a0Salvador, pelo menos seis pessoas estavam no local quando a constru\u00e7\u00e3o desabou \u00e0s 6h. Tr\u00eas delas continuam soterradas, at\u00e9 as 9h30.<\/p>\n<p style=\"text-align: justify;\"><img fetchpriority=\"high\" decoding=\"async\" class=\"size-full wp-image-2902 alignleft\" src=\"http:\/\/www.portalalerta.com.br\/wp-content\/uploads\/2017\/11\/elab-2.jpg\" alt=\"\" width=\"310\" height=\"200\" srcset=\"https:\/\/www.portalalerta.com.br\/wp-content\/uploads\/2017\/11\/elab-2.jpg 310w, https:\/\/www.portalalerta.com.br\/wp-content\/uploads\/2017\/11\/elab-2-226x146.jpg 226w, https:\/\/www.portalalerta.com.br\/wp-content\/uploads\/2017\/11\/elab-2-50x32.jpg 50w, https:\/\/www.portalalerta.com.br\/wp-content\/uploads\/2017\/11\/elab-2-116x75.jpg 116w\" sizes=\"(max-width: 310px) 100vw, 310px\" \/>O corpo de Robert de Jesus, 12 anos, foi retirado dos escombros durante opera\u00e7\u00e3o de resgate dos bombeiros. Uma\u00a0mulher de 34\u00a0anos foi resgatada com ferimentos leves na face e socorrida junto com uma beb\u00ea de 1\u00a0ano e 11 meses, que sofreu\u00a0traumatismo craniano leve. As duas foram levadas para o Hospital Geral do Estado (HGE).\u00a0Elas foram retiradas dos escombros por volta de\u00a06h30.<\/p>\n<p style=\"text-align: justify;\">O marido da mulher, identificado como Alex, contou que escutou\u00a0estalos na edifica\u00e7\u00e3o e foi atingido na cabe\u00e7a por telhas assim que o im\u00f3vel come\u00e7ou a desabar. Ele conseguiu sair. Emocionado\u00a0<em>(v\u00eddeo abaixo)<\/em>, Alex ajudava no\u00a0resgate das v\u00edtimas.\u00a0A fam\u00edlia morava no \u00faltimo andar do im\u00f3vel &#8211; que possu\u00eda ainda um subsolo.<\/p>\n<p style=\"text-align: justify;\">Vizinhos tentaram retirar as v\u00edtimas dos escombros desde os primeiros momentos ap\u00f3s o desabamento com aux\u00edlio dos bombeiros e de socorristas do Servi\u00e7o de Atendimento M\u00f3vel de Urg\u00eancia (Samu). No local, est\u00e3o quatro ambul\u00e2ncias do\u00a0Samu e 15 profissionais.<\/p>\n<p style=\"text-align: justify;\">&#8220;A casa tem pouco tempo de constru\u00edda&#8221;, relatou uma familiar das v\u00edtimas. Moradores contam que, entre as pessoas que ainda est\u00e3o soterradas, est\u00e1 Rosemeire Pereira,\u00a0dom\u00e9stica, 34, junto com seu filho, Artur, de 1 ano.\u00a0H\u00e1 um forte cheiro de g\u00e1s no local.<\/p>\n<blockquote>\n<p style=\"text-align: justify;\"><em>&#8220;Eu sou madrinha de Artur. Esse pr\u00e9dio tem pouco tempo de constru\u00eddo, acho que dois anos. No andar de baixo,\u00a0moravam dois irm\u00e3os e duas crian\u00e7as: Robert (12 anos, que morreu), Artur (1 ano), Rosemeire e Alan, que \u00e9 ajudante de pedreiro&#8221;<\/em>, contou Norma Barbosa.\u00a0A madrinha de Artur afirma que soube da not\u00edcia do desabamento pela televis\u00e3o. <em>&#8220;Fico nervosa sem saber como ele est\u00e1. Me ligaram contando e eu vim pra c\u00e1&#8221;<\/em>.<\/p>\n<\/blockquote>\n<p style=\"text-align: justify;\">Em outro andar moravam Alex, auxiliar de servi\u00e7os gerais de 29 anos, a dom\u00e9stica Beatriz e a filha do casal, Sabrina, de 1 ano e 11 meses. Alex, Beatriz e Sabrina sa\u00edram com vida.<\/p>\n<blockquote>\n<p style=\"text-align: justify;\">Primo do adolescente que\u00a0morreu, Daniel de Jesus, 24, conta que Robert era um adolescente alegre.<em> &#8220;Quando eu ouvi o barulho, achei que era pouca coisa. Estava brincando com ele ontem de noite. Era um menino alegre e brincalh\u00e3o. Ontem ficamos brincando at\u00e9 umas 22h da noite. Ele falou para eu n\u00e3o ir embora e domir aqui&#8221;<\/em>. Daniel acabou indo para casa, que fica numa rua ao lado.<\/p>\n<\/blockquote>\n<p style=\"text-align: justify;\"><strong>Estalos<\/strong><br \/>\nVizinhos relatam que, por volta das 5h50, escutaram estalos no im\u00f3vel, que fica num beco na Rua Alto de S\u00e3o Jo\u00e3o, e\u00a0tentaram avisar as fam\u00edlias que moravam no local.\u00a0O cunhado de uma das\u00a0v\u00edtimas, Jonas Lima, 40, conta que, ap\u00f3s escutar o barulho, foi at\u00e9 a janela da casa, olhou para o pr\u00e9dio e viu que vizinhos tentavam avisar os moradores. Minutos depois, ouviu um estrondo mais forte e o pr\u00e9dio desabou.<\/p>\n<p style=\"text-align: justify;\">&#8220;Ficamos todos desesperados gritando por socorro. Em nome de Jesus h\u00e1 de sair pessoas com vida. \u00c9 minha fam\u00edlia inteira&#8221;, lamenta \u00a0Ros\u00e2ngela Santana de Jesus, 38, irm\u00e3 de Alan, Rosemeire e Alex.<\/p>\n<p style=\"text-align: justify;\">O major da PM, Ramon Diego, explica que h\u00e1 muitos escombros no local, o que dificulta o resgate. &#8220;Estamos tentando acessar a laje. Estamos fazendo um trabalho de escuta no local para tentar localizar as v\u00edtimas. Estamos agora entre o primeiro e o segundo andar do pr\u00e9dio. H\u00e1 muito cheiro de g\u00e1s no local. Quando tem esse tipo de evento rompem as estruturas e esse cheiro \u00e9 projetado para fora. Precisamos que fosse desligada a energia do local. Estamos com esperan\u00e7a de tentar resgatar as pessoas com vida&#8221;, explica o major que comanda a equipe de 20 bombeiros no local na busca por pelo menos mais tr\u00eas v\u00edtimas.<\/p>\n<p style=\"text-align: justify;\">A Coelba informou que, por conta do resgate, foi desligado apenas o fornecimento de energia do im\u00f3vel que desabou. O resto das casas da rua continua\u00a0com luz el\u00e9trica.<\/p>\n<p style=\"text-align: justify;\">Cerca de 30 pessoas est\u00e3o ajudando a retirar os escombros. Os bombeiros pedem sil\u00eancio &#8211; com um apito &#8211; para tentar escutar as v\u00edtimas.<\/p>\n<p>A Defesa Civil de Salvador recebeu 22 solicita\u00e7\u00f5es em fun\u00e7\u00e3o das chuvas entre a noite de ontem e a madrugada de hoje. Entre as solicita\u00e7\u00f5es est\u00e3o um rompimento de pista, quatro deslizamentos de terra, nove alagamentos de im\u00f3veis, um desabamento de im\u00f3vel, dois alagamentos de \u00e1rea, um destelhamento e um galho de \u00e1rvore ca\u00eddo. J\u00e1 choveu nas \u00faltimas horas mais de 50% do previsto para o m\u00eas de mar\u00e7o. Qualquer emerg\u00eancia a popula\u00e7\u00e3o deve ligar para o telefone 199.<\/p>\n<p style=\"text-align: justify;\"><strong>Tr\u00e2nsito e chuva\u00a0<\/strong><br \/>\nO tr\u00e2nsito ficou lento nas principais avenidas da cidade por \u00a0conta do ac\u00famulo de \u00e1gua. Na Avenida Jequitaia, um \u00f4nibus perdeu o controle e subiu no canteiro, derrubando parcialmente um poste.\u00a0Um poste tamb\u00e9m caiu sobre carros no bairro do Marback. A queda comprometeu o fornecimento de energia el\u00e9trica.<\/p>\n<p style=\"text-align: justify;\">Na Avenida Lu\u00eds Viana Filho, a Paralela, o tr\u00e2nsito \u00e9 bastante lento no sentido Centro.Na Estrada do Derba, BA-528, houve um deslizamento de terra e\u00a0uma \u00e1rvore obstruiu a via no sentido\u00a0Base Naval,\u00a0ap\u00f3s o Hospital do Sub\u00farbio.<\/p>\n<p style=\"text-align: justify;\">A Rua dos Volunt\u00e1rios da P\u00e1tria, no bairro do Lobato, ficou alagada.<\/p>\n<p style=\"text-align: justify;\"><em>Fonte: Correio<\/em><\/p>\n","protected":false},"excerpt":{"rendered":"<p>Adolescente de 12 anos morreu e h\u00e1 ainda tr\u00eas desaparecidos<\/p>\n","protected":false},"author":2,"featured_media":5509,"comment_status":"closed","ping_status":"open","sticky":false,"template":"","format":"standard","meta":{"om_disable_all_campaigns":false,"_monsterinsights_skip_tracking":false,"_monsterinsights_sitenote_active":false,"_monsterinsights_sitenote_note":"","_monsterinsights_sitenote_category":0,"footnotes":""},"categories":[33,70,69],"tags":[166,54,569,393,169,330],"class_list":["post-5508","post","type-post","status-publish","format-standard","has-post-thumbnail","hentry","category-bahia","category-destaques","category-noticias2","tag-acidente","tag-bahia","tag-chuva","tag-feridos","tag-morte","tag-salvador"],"aioseo_notices":[],"_links":{"self":[{"href":"https:\/\/www.portalalerta.com.br\/index.php\/wp-json\/wp\/v2\/posts\/5508","targetHints":{"allow":["GET"]}}],"collection":[{"href":"https:\/\/www.portalalerta.com.br\/index.php\/wp-json\/wp\/v2\/posts"}],"about":[{"href":"https:\/\/www.portalalerta.com.br\/index.php\/wp-json\/wp\/v2\/types\/post"}],"author":[{"embeddable":true,"href":"https:\/\/www.portalalerta.com.br\/index.php\/wp-json\/wp\/v2\/users\/2"}],"replies":[{"embeddable":true,"href":"https:\/\/www.portalalerta.com.br\/index.php\/wp-json\/wp\/v2\/comments?post=5508"}],"version-history":[{"count":0,"href":"https:\/\/www.portalalerta.com.br\/index.php\/wp-json\/wp\/v2\/posts\/5508\/revisions"}],"wp:featuredmedia":[{"embeddable":true,"href":"https:\/\/www.portalalerta.com.br\/index.php\/wp-json\/wp\/v2\/media\/5509"}],"wp:attachment":[{"href":"https:\/\/www.portalalerta.com.br\/index.php\/wp-json\/wp\/v2\/media?parent=5508"}],"wp:term":[{"taxonomy":"category","embeddable":true,"href":"https:\/\/www.portalalerta.com.br\/index.php\/wp-json\/wp\/v2\/categories?post=5508"},{"taxonomy":"post_tag","embeddable":true,"href":"https:\/\/www.portalalerta.com.br\/index.php\/wp-json\/wp\/v2\/tags?post=5508"}],"curies":[{"name":"wp","href":"https:\/\/api.w.org\/{rel}","templated":true}]}}