{"id":5514,"date":"2018-03-13T17:13:01","date_gmt":"2018-03-13T20:13:01","guid":{"rendered":"http:\/\/www.portalalerta.com.br\/?p=5514"},"modified":"2018-03-13T17:31:03","modified_gmt":"2018-03-13T20:31:03","slug":"ex-ministro-mantega-vira-reu-na-operacao-zelotes","status":"publish","type":"post","link":"https:\/\/www.portalalerta.com.br\/index.php\/2018\/03\/13\/ex-ministro-mantega-vira-reu-na-operacao-zelotes\/","title":{"rendered":"Ex-ministro Mantega vira r\u00e9u na Opera\u00e7\u00e3o Zelotes"},"content":{"rendered":"<p style=\"text-align: justify;\">O juiz Vallisney Oliveira, da 10\u00aa Vara da Justi\u00e7a Federal, do Distrito Federal, aceitou nesta segunda-feira (12) a den\u00fancia contra o ex-ministro da Fazenda Guido Mantega na opera\u00e7\u00e3o Zelotes.<!--more--><\/p>\n<p style=\"text-align: justify;\">Agora, Mantega se torna r\u00e9u no processo e vai responder a uma a\u00e7\u00e3o penal.\u00a0O ex-ministro foi denunciado em novembro de 2017 pela Procuradoria da Rep\u00fablica no Distrito Federal.<\/p>\n<p style=\"text-align: justify;\"><img fetchpriority=\"high\" decoding=\"async\" class=\"size-full wp-image-2867 aligncenter\" src=\"http:\/\/www.portalalerta.com.br\/wp-content\/uploads\/2017\/11\/protege-1.jpg\" alt=\"\" width=\"600\" height=\"140\" \/>Al\u00e9m dele, os procuradores denunciaram 13 pessoas. O juiz aceitou a den\u00fancia na \u00edntegra, mas excluiu o ex-presidente do Carf (Conselho Administrativo de Recursos Fiscais) Otac\u00edlio Cartaxo, morto durante a tramita\u00e7\u00e3o do caso.<\/p>\n<p style=\"text-align: justify;\">A den\u00fancia resulta de investiga\u00e7\u00e3o sobre manipula\u00e7\u00e3o da composi\u00e7\u00e3o e do funcionamento do Conselho Superior de Recursos Fiscais, \u00f3rg\u00e3o do Carf ligado \u00e0 Fazenda, para favorecer a empresa Cimento Penha em uma opera\u00e7\u00e3o no valor de R$ 57,7 milh\u00f5es. O Carf \u00e9 uma esp\u00e9cie de tribunal administrativo ao qual empresas recorrem de multas aplicadas pela Receita Federal.<\/p>\n<p style=\"text-align: justify;\">O dono da Cimento Penha, Victor Sandri, tamb\u00e9m virou r\u00e9u, sob acusa\u00e7\u00e3o de corrup\u00e7\u00e3o ativa e advocacia administrativa (part\u00edcipe).<\/p>\n<p style=\"text-align: justify;\">De acordo com o Minist\u00e9rio P\u00fablico, em 2007 a empresa recorreu do d\u00e9bito e foi derrotada em uma inst\u00e2ncia inferior. Em 2010, apresentou novo recurso a uma inst\u00e2ncia superior. O \u00eaxito dependia da indica\u00e7\u00e3o de nomes para posi\u00e7\u00f5es estrat\u00e9gicas no Carf.<\/p>\n<p style=\"text-align: justify;\">Segundo a den\u00fancia, Mantega e Cartaxo patrocinaram, direta e indiretamente, interesses privados da empresa perante a administra\u00e7\u00e3o fazend\u00e1ria (advocacia administrativa), ao respaldarem dois nomes indicados para o conselho.<\/p>\n<p style=\"text-align: justify;\">A den\u00fancia apresenta trocas de e-mails entre os integrantes do suposto esquema com linguagem cifrada sobre as indica\u00e7\u00f5es para os cargos estrat\u00e9gicos.<\/p>\n<p style=\"text-align: justify;\">Ainda segundo a acusa\u00e7\u00e3o, houve manipula\u00e7\u00e3o na distribui\u00e7\u00e3o do processo no Carf, feito manualmente pela presid\u00eancia, sem qualquer controle, conforme dela\u00e7\u00e3o premiada do ex-conselheiro Paulo Cortez.<\/p>\n<p style=\"text-align: justify;\">De acordo com a investiga\u00e7\u00e3o, o processo administrativo tramitou em todas as inst\u00e2ncias do Carf e o d\u00e9bito acabou sendo anulado no julgamento do recurso especial no Conselho Superior de Recursos Fiscais.<\/p>\n<p style=\"text-align: justify;\">A acusa\u00e7\u00e3o afirmou ter identificado ainda pagamentos de vantagens realizados pela Cimento Penha a conselheiros do Carf e a um escrit\u00f3rio de advocacia que a representou, ap\u00f3s a vit\u00f3ria da empresa no \u00f3rg\u00e3o.<\/p>\n<p style=\"text-align: justify;\">Al\u00e9m da condena\u00e7\u00e3o dos denunciados, a Procuradoria pede que eles paguem conjuntamente \u00e0 Uni\u00e3o, a t\u00edtulo de repara\u00e7\u00e3o, os R$ 57,7 milh\u00f5es.<\/p>\n<p style=\"text-align: justify;\">A reportagem ainda n\u00e3o conseguiu contato com a defesa dos acusados.<\/p>\n<p style=\"text-align: justify;\">Na \u00e9poca da den\u00fancia, o advogado de Mantega, Jos\u00e9 Roberto Batochio, disse que seu cliente foi acusado &#8220;simplesmente por ter sido ministro da Fazenda, por ser do encargo do ministro as nomea\u00e7\u00f5es&#8221;.<\/p>\n<p style=\"text-align: justify;\">Segundo Batochio, as nomea\u00e7\u00f5es para o conselho passaram por in\u00fameras inst\u00e2ncias, cabendo ao ent\u00e3o ministro apenas ultim\u00e1-las.<\/p>\n<p style=\"text-align: justify;\"><em>Fonte: Boc\u00e3o News<\/em><\/p>\n","protected":false},"excerpt":{"rendered":"<p>O juiz Vallisney Oliveira, da 10\u00aa Vara da Justi\u00e7a Federal, do Distrito Federal, aceitou nesta segunda-feira (12) a den\u00fancia contra o ex-ministro da Fazenda Guido Mantega na opera\u00e7\u00e3o Zelotes.<\/p>\n","protected":false},"author":2,"featured_media":5517,"comment_status":"closed","ping_status":"open","sticky":false,"template":"","format":"standard","meta":{"om_disable_all_campaigns":false,"_monsterinsights_skip_tracking":false,"_monsterinsights_sitenote_active":false,"_monsterinsights_sitenote_note":"","_monsterinsights_sitenote_category":0,"footnotes":""},"categories":[34,70,69,21],"tags":[93,541,761,762,713],"class_list":["post-5514","post","type-post","status-publish","format-standard","has-post-thumbnail","hentry","category-brasil","category-destaques","category-noticias2","category-politica","tag-brasil","tag-ex-ministro","tag-guido-mantega","tag-operacao-zelotes","tag-reu"],"aioseo_notices":[],"_links":{"self":[{"href":"https:\/\/www.portalalerta.com.br\/index.php\/wp-json\/wp\/v2\/posts\/5514","targetHints":{"allow":["GET"]}}],"collection":[{"href":"https:\/\/www.portalalerta.com.br\/index.php\/wp-json\/wp\/v2\/posts"}],"about":[{"href":"https:\/\/www.portalalerta.com.br\/index.php\/wp-json\/wp\/v2\/types\/post"}],"author":[{"embeddable":true,"href":"https:\/\/www.portalalerta.com.br\/index.php\/wp-json\/wp\/v2\/users\/2"}],"replies":[{"embeddable":true,"href":"https:\/\/www.portalalerta.com.br\/index.php\/wp-json\/wp\/v2\/comments?post=5514"}],"version-history":[{"count":0,"href":"https:\/\/www.portalalerta.com.br\/index.php\/wp-json\/wp\/v2\/posts\/5514\/revisions"}],"wp:featuredmedia":[{"embeddable":true,"href":"https:\/\/www.portalalerta.com.br\/index.php\/wp-json\/wp\/v2\/media\/5517"}],"wp:attachment":[{"href":"https:\/\/www.portalalerta.com.br\/index.php\/wp-json\/wp\/v2\/media?parent=5514"}],"wp:term":[{"taxonomy":"category","embeddable":true,"href":"https:\/\/www.portalalerta.com.br\/index.php\/wp-json\/wp\/v2\/categories?post=5514"},{"taxonomy":"post_tag","embeddable":true,"href":"https:\/\/www.portalalerta.com.br\/index.php\/wp-json\/wp\/v2\/tags?post=5514"}],"curies":[{"name":"wp","href":"https:\/\/api.w.org\/{rel}","templated":true}]}}