{"id":55157,"date":"2024-03-15T16:00:00","date_gmt":"2024-03-15T19:00:00","guid":{"rendered":"https:\/\/www.portalalerta.com.br\/?p=55157"},"modified":"2024-03-15T14:58:08","modified_gmt":"2024-03-15T17:58:08","slug":"ex-comandante-do-exercito-diz-a-policia-federal-que-bolsonaro-apresentou-minuta-de-decreto-golpista","status":"publish","type":"post","link":"https:\/\/www.portalalerta.com.br\/index.php\/2024\/03\/15\/ex-comandante-do-exercito-diz-a-policia-federal-que-bolsonaro-apresentou-minuta-de-decreto-golpista\/","title":{"rendered":"Ex-comandante do Ex\u00e9rcito diz \u00e0 Pol\u00edcia Federal que Bolsonaro apresentou minuta de decreto golpista"},"content":{"rendered":"\n<p>O ex-comandante do Ex\u00e9rcito Marco Ant\u00f4nio Freire Gomes confirmou \u00e0 Pol\u00edcia Federal que o ex-presidente Jair Bolsonaro apresentou a ele e aos outros comandantes das For\u00e7as Armadas uma minuta de decreto para instaurar um estado de defesa no TSE e \u201capurar a conformidade e legalidade do processo eleitoral\u201d de 2022.<\/p>\n\n\n\n<!--more-->\n\n\n\n<p>Freire Gomes dep\u00f4s \u00e0 PF no dia 1\u00ba de mar\u00e7o, na condi\u00e7\u00e3o de testemunha, por mais de 7 horas. O teor do depoimento foi publicado pelo jornal O Globo nesta sexta.<\/p>\n\n\n<div class=\"wp-block-image\">\n<figure class=\"alignleft size-full\"><img fetchpriority=\"high\" decoding=\"async\" width=\"400\" height=\"300\" src=\"https:\/\/www.portalalerta.com.br\/wp-content\/uploads\/2023\/01\/Auto-Escola-Sonho.jpg\" alt=\"\" class=\"wp-image-47083\" srcset=\"https:\/\/www.portalalerta.com.br\/wp-content\/uploads\/2023\/01\/Auto-Escola-Sonho.jpg 400w, https:\/\/www.portalalerta.com.br\/wp-content\/uploads\/2023\/01\/Auto-Escola-Sonho-320x240.jpg 320w\" sizes=\"(max-width: 400px) 100vw, 400px\" \/><\/figure><\/div>\n\n\n<p>A informa\u00e7\u00e3o sobre a apresenta\u00e7\u00e3o da minuta por Bolsonaro aos comandantes das For\u00e7as foi antecipada pela colunista Miriam Leit\u00e3o, da Globo News no \u00faltimo dia 5.<\/p>\n\n\n\n<p>Segundo o depoimento do general, o documento foi apresentado aos comandantes das For\u00e7as em uma reuni\u00e3o no Pal\u00e1cio da Alvorada em dezembro de 2022.<\/p>\n\n\n\n<p>Freire Gomes disse \u00e0 PF que o conte\u00fado era semelhante ao da minuta encontrada pela PF em janeiro de 2023 na casa do ex-ministro da Justi\u00e7a, Anderson Torres.<\/p>\n\n\n\n<p>Naquela oportunidade, o documento encontrado na resid\u00eancia do ex-ministro da Justi\u00e7a previa a decreta\u00e7\u00e3o de um \u201cEstado de Defesa na sede do Tribunal Superior Eleitoral\u201d e a cria\u00e7\u00e3o de uma \u201cComiss\u00e3o de Regularidade Eleitoral\u201d, comandada pelos militares e com o objetivo de \u201cgarantir a preserva\u00e7\u00e3o ou o pronto restabelecimento da lisura e corre\u00e7\u00e3o do processo eleitoral.\u201d<\/p>\n\n\n\n<p><strong>Primeira reuni\u00e3o<\/strong><\/p>\n\n\n\n<p>O general disse \u00e0 PF que uma vers\u00e3o do documento foi apresentada em uma primeira reuni\u00e3o entre Bolsonaro e os comandantes das For\u00e7as Armadas no Pal\u00e1cio da Alvorada em 7 de dezembro de 2022.<\/p>\n\n\n\n<p>Segundo Freire Gomes, <strong><em>\u201cna referida reuni\u00e3o possivelmente Filipe Martins leu o referido conte\u00fado aos presentes e depois se retirou do local, ficando apenas os militares, o ent\u00e3o ministro da Defesa e o ent\u00e3o Presidente da Rep\u00fablica Jair Bolsonaro.\u201d<\/em><\/strong><\/p>\n\n\n\n<p>Filipe Martins, ex-assessor da Presid\u00eancia da Rep\u00fablica, \u00e9 um dos alvos da Opera\u00e7\u00e3o Tempus Veritatis, que investiga a organiza\u00e7\u00e3o de uma tentativa de golpe de Estado. A opera\u00e7\u00e3o tamb\u00e9m tem entre os alvos o ex-presidente Bolsonaro, o ex-comandante da Marinha, Almir Garnier, e o ex- ministro da Defesa Paulo S\u00e9rgio Nogueira \u2014 todos mencionados por Freire como participantes da reuni\u00e3o.<\/p>\n\n\n\n<p>O ex-comandante disse \u00e0 PF que Bolsonaro descreveu o documento como <strong><em>\u201cem estudo\u201d e disse que depois \u201creportaria a evolu\u00e7\u00e3o aos comandantes.\u201d<\/em><\/strong><\/p>\n\n\n\n<p><strong>Segunda reuni\u00e3o<\/strong><\/p>\n\n\n\n<p>Freire Gomes afirmou no depoimento que uma nova reuni\u00e3o foi realizada uma semana depois, no dia 14 de dezembro, tamb\u00e9m no Alvorada. E uma nova vers\u00e3o do texto foi apresentada \u2013 esta, semelhante \u00e0 do documento encontrado na casa de Torres, tamb\u00e9m alvo da opera\u00e7\u00e3o.<\/p>\n\n\n\n<p>Freire Gomes disse \u00e0 PF que Torres servia de <strong><em>\u201csuporte jur\u00eddico para as medidas que poderiam ser adotadas.\u201d<\/em><\/strong><\/p>\n\n\n\n<p>Aos investigadores, o ex-comandante disse que <strong><em>\u201cem outra reuni\u00e3o no Pal\u00e1cio da Alvorada, em data em que n\u00e3o se recorda, o ent\u00e3o presidente Jair Bolsonaro apresentou uma vers\u00e3o do documento com a decreta\u00e7\u00e3o do estado de defesa e a cria\u00e7\u00e3o da comiss\u00e3o de regularidade eleitoral para \u2018apurar a conformidade e legalidade do processo eleitoral\u2019.\u201d<\/em><\/strong><\/p>\n\n\n\n<p>Nesta reuni\u00e3o, segundo o ex-comandante, estavam presentes ele, o ex-presidente Bolsonaro, o ex-comandante da Marinha, almirante Garnier, o ex-comandante da Aeron\u00e1utica, brigadeiro Carlos Baptista Junior e o ex-ministro da Defesa, Paulo S\u00e9rgio Nogueira.<\/p>\n\n\n\n<p><strong>Recusa a apoiar<\/strong><\/p>\n\n\n\n<p>Freire Gomes disse \u00e0 PF que, nesta reuni\u00e3o, ele e o brigadeiro Baptista Junior <strong><em>\u201cafirmaram de forma contundente suas posi\u00e7\u00f5es contr\u00e1rias ao conte\u00fado exposto\u201d<\/em><\/strong> e disseram que <strong><em>\u201cn\u00e3o teria suporte jur\u00eddico para tomar qualquer atitude.\u201d<\/em><\/strong><\/p>\n\n\n\n<p>J\u00e1 o almirante Garnier, segundo Freire Gomes, <strong><em>\u201cteria se colocado \u00e0 disposi\u00e7\u00e3o do Presidente da Rep\u00fablica.\u201d<\/em><\/strong><strong><em><\/em><\/strong><\/p>\n\n\n\n<p>O general tamb\u00e9m disse \u00e0 PF que alertou o ex-presidente Bolsonaro de que o Ex\u00e9rcito <strong><em>\u201cn\u00e3o aceitaria qualquer ato de ruptura institucional\u201d e que a proposta discutida sobre o tema \u201cpoderia resultar na responsabiliza\u00e7\u00e3o penal do ent\u00e3o presidente da Rep\u00fablica.\u201d<\/em><\/strong><\/p>\n\n\n\n<p><strong>Mensagens de Cid<\/strong><\/p>\n\n\n\n<p>O ex-comandante confirmou ainda \u00e0 PF ter recebido mensagens do tenente-coronel e ex-ajudante de ordens da Presid\u00eancia, Mauro Cid, sobre o tema. Cid fez um acordo de dela\u00e7\u00e3o com a PF e j\u00e1 prestou depoimentos sobre o tema \u2014 incluindo relatos quanto \u00e0s reuni\u00f5es agora descritas pelo ex-comandante do Ex\u00e9rcito.<\/p>\n\n\n\n<p>\u00c0 PF, Freire Gomes disse reconhecer \u201cque recebeu os \u00e1udios identificados na investiga\u00e7\u00e3o. Que os \u00e1udios procuravam retratar as visitas recebidas pelo ent\u00e3o presidente e seu estado de \u00e2nimo em rela\u00e7\u00e3o \u00e0s medidas que estavam sendo discutidas.\u201d<\/p>\n\n\n\n<p><em>Fonte: A Voz do Campo<\/em><\/p>\n","protected":false},"excerpt":{"rendered":"<p>O ex-comandante do Ex\u00e9rcito Marco Ant\u00f4nio Freire Gomes confirmou \u00e0 Pol\u00edcia Federal que o ex-presidente Jair Bolsonaro apresentou a ele e aos outros comandantes das For\u00e7as Armadas uma minuta de decreto para instaurar um estado de defesa no TSE e \u201capurar a conformidade e legalidade do processo eleitoral\u201d de 2022.<\/p>\n","protected":false},"author":2,"featured_media":54902,"comment_status":"open","ping_status":"open","sticky":false,"template":"","format":"standard","meta":{"om_disable_all_campaigns":false,"_monsterinsights_skip_tracking":false,"_monsterinsights_sitenote_active":false,"_monsterinsights_sitenote_note":"","_monsterinsights_sitenote_category":0,"footnotes":""},"categories":[34,70,69,21],"tags":[100,71,48,75,4178,4180,129,6767,4375,107,6737,839,4181,132,1395,230,106,203,120,51,109,88,47,111,190],"class_list":["post-55157","post","type-post","status-publish","format-standard","has-post-thumbnail","hentry","category-brasil","category-destaques","category-noticias2","category-politica","tag-adustina","tag-antas","tag-araci","tag-cicero-dantas","tag-cipo-2","tag-crisopolis-2","tag-euclides-da-cunha","tag-ex-comandante","tag-exercito-brasileiro","tag-fatima","tag-freire-gomes","tag-golpe","tag-heliopolis-2","tag-itapicuru","tag-jair-bolsonaro","tag-jeremoabo","tag-nova-soure","tag-novo-triunfo","tag-olindina","tag-paripiranga","tag-quijingue","tag-ribeira-do-amparo","tag-ribeira-do-pombal","tag-sitio-do-quinto","tag-tucano"],"aioseo_notices":[],"_links":{"self":[{"href":"https:\/\/www.portalalerta.com.br\/index.php\/wp-json\/wp\/v2\/posts\/55157","targetHints":{"allow":["GET"]}}],"collection":[{"href":"https:\/\/www.portalalerta.com.br\/index.php\/wp-json\/wp\/v2\/posts"}],"about":[{"href":"https:\/\/www.portalalerta.com.br\/index.php\/wp-json\/wp\/v2\/types\/post"}],"author":[{"embeddable":true,"href":"https:\/\/www.portalalerta.com.br\/index.php\/wp-json\/wp\/v2\/users\/2"}],"replies":[{"embeddable":true,"href":"https:\/\/www.portalalerta.com.br\/index.php\/wp-json\/wp\/v2\/comments?post=55157"}],"version-history":[{"count":1,"href":"https:\/\/www.portalalerta.com.br\/index.php\/wp-json\/wp\/v2\/posts\/55157\/revisions"}],"predecessor-version":[{"id":55159,"href":"https:\/\/www.portalalerta.com.br\/index.php\/wp-json\/wp\/v2\/posts\/55157\/revisions\/55159"}],"wp:featuredmedia":[{"embeddable":true,"href":"https:\/\/www.portalalerta.com.br\/index.php\/wp-json\/wp\/v2\/media\/54902"}],"wp:attachment":[{"href":"https:\/\/www.portalalerta.com.br\/index.php\/wp-json\/wp\/v2\/media?parent=55157"}],"wp:term":[{"taxonomy":"category","embeddable":true,"href":"https:\/\/www.portalalerta.com.br\/index.php\/wp-json\/wp\/v2\/categories?post=55157"},{"taxonomy":"post_tag","embeddable":true,"href":"https:\/\/www.portalalerta.com.br\/index.php\/wp-json\/wp\/v2\/tags?post=55157"}],"curies":[{"name":"wp","href":"https:\/\/api.w.org\/{rel}","templated":true}]}}