{"id":5519,"date":"2018-03-13T23:42:51","date_gmt":"2018-03-14T02:42:51","guid":{"rendered":"http:\/\/www.portalalerta.com.br\/?p=5519"},"modified":"2018-03-13T23:42:51","modified_gmt":"2018-03-14T02:42:51","slug":"dupla-e-presa-por-trafico-de-drogas-em-cicero-dantas-ba","status":"publish","type":"post","link":"https:\/\/www.portalalerta.com.br\/index.php\/2018\/03\/13\/dupla-e-presa-por-trafico-de-drogas-em-cicero-dantas-ba\/","title":{"rendered":"Dupla \u00e9 presa por tr\u00e1fico de drogas, em C\u00edcero Dantas-BA"},"content":{"rendered":"<p style=\"text-align: justify;\">Por volta das 13:45hs de segunda-feira, 12, policiais civis de C\u00edcero Dantas-BA, prenderam duas pessoas por tr\u00e1fico de drogas, no referido munic\u00edpio.<!--more--><\/p>\n<p style=\"text-align: justify;\"><img decoding=\"async\" class=\"size-full wp-image-2814 alignleft\" src=\"http:\/\/www.portalalerta.com.br\/wp-content\/uploads\/2017\/11\/banner9.png\" alt=\"\" width=\"270\" height=\"174\" srcset=\"https:\/\/www.portalalerta.com.br\/wp-content\/uploads\/2017\/11\/banner9.png 270w, https:\/\/www.portalalerta.com.br\/wp-content\/uploads\/2017\/11\/banner9-227x146.png 227w, https:\/\/www.portalalerta.com.br\/wp-content\/uploads\/2017\/11\/banner9-50x32.png 50w, https:\/\/www.portalalerta.com.br\/wp-content\/uploads\/2017\/11\/banner9-116x75.png 116w\" sizes=\"(max-width: 270px) 100vw, 270px\" \/>A pris\u00e3o ocorreu ap\u00f3s um levantamento realizado pela equipe de Investiga\u00e7\u00e3o, sendo que na tarde da \u00faltima segunda-feira, seguiu os suspeitos que estavam a bordo de uma motocicleta Honda Pop de cor preta, placa policial JSE 0372, com licen\u00e7a de C\u00edcero Dantas-BA.<\/p>\n<p style=\"text-align: justify;\">A dupla saiu de C\u00edcero Dantas-BA, com destino ao munic\u00edpio de F\u00e1tima-BA, onde foram vistos entrando numa resid\u00eancia, e rapidamente sa\u00edram retornando ent\u00e3o com destino ao munic\u00edpio de origem. Na ocasi\u00e3o, os suspeitos foram abordados pelos investigadores na BA 220, nas proximidades de um posto de combust\u00edveis. Foram encontrados sob a posse da dupla: 01 tablete de maconha, e 07 pedras de crack.<\/p>\n<p style=\"text-align: justify;\">Jo\u00e3o Domingos Teles dos Santos (Jej\u00ea) e J\u00falio C\u00e9sar dos Santos Silva (Fed\u00f3), foram conduzidos juntamente com o entorpecente apreendido para a Delegacia de Pol\u00edcia Civil, onde foi registrado o flagrante por Tr\u00e1fico de Drogas.<\/p>\n<figure id=\"attachment_5520\" aria-describedby=\"caption-attachment-5520\" style=\"width: 500px\" class=\"wp-caption aligncenter\"><img fetchpriority=\"high\" decoding=\"async\" class=\"wp-image-5520 size-full\" src=\"http:\/\/www.portalalerta.com.br\/wp-content\/uploads\/2018\/03\/tr\u00e1fico-de-drogas-em-C\u00edcero-Dantas-2018.2.jpg\" alt=\"\" width=\"500\" height=\"350\" srcset=\"https:\/\/www.portalalerta.com.br\/wp-content\/uploads\/2018\/03\/tr\u00e1fico-de-drogas-em-C\u00edcero-Dantas-2018.2.jpg 500w, https:\/\/www.portalalerta.com.br\/wp-content\/uploads\/2018\/03\/tr\u00e1fico-de-drogas-em-C\u00edcero-Dantas-2018.2-343x240.jpg 343w, https:\/\/www.portalalerta.com.br\/wp-content\/uploads\/2018\/03\/tr\u00e1fico-de-drogas-em-C\u00edcero-Dantas-2018.2-209x146.jpg 209w, https:\/\/www.portalalerta.com.br\/wp-content\/uploads\/2018\/03\/tr\u00e1fico-de-drogas-em-C\u00edcero-Dantas-2018.2-50x35.jpg 50w, https:\/\/www.portalalerta.com.br\/wp-content\/uploads\/2018\/03\/tr\u00e1fico-de-drogas-em-C\u00edcero-Dantas-2018.2-107x75.jpg 107w\" sizes=\"(max-width: 500px) 100vw, 500px\" \/><figcaption id=\"caption-attachment-5520\" class=\"wp-caption-text\">Dupla foi presa ap\u00f3s ser flagrada com drogas<\/figcaption><\/figure>\n<p style=\"text-align: justify;\"><a href=\"http:\/\/www.facebook.com.br\/pombalalerta\"><strong>Curta nossa p\u00e1gina no facebook, e continue atualizado sobre tudo o que acontece em sua cidade!<\/strong><\/a><\/p>\n<p style=\"text-align: justify;\"><a href=\"https:\/\/play.google.com\/store\/apps\/details?id=com.globalstore.pombalalerta&amp;hl=pt_BR\"><strong>Baixe o nosso aplicativo, e fique de olho na not\u00edcia!<\/strong><\/a><\/p>\n<p style=\"text-align: justify;\"><em>Reda\u00e7\u00e3o: Portal Alerta<\/em><\/p>\n","protected":false},"excerpt":{"rendered":"<p>Por volta das 13:45hs de segunda-feira, 12, policiais civis de C\u00edcero Dantas-BA, prenderam duas pessoas por tr\u00e1fico de drogas, no referido munic\u00edpio.<\/p>\n","protected":false},"author":2,"featured_media":5521,"comment_status":"closed","ping_status":"open","sticky":false,"template":"","format":"standard","meta":{"om_disable_all_campaigns":false,"_monsterinsights_skip_tracking":false,"_monsterinsights_sitenote_active":false,"_monsterinsights_sitenote_note":"","_monsterinsights_sitenote_category":0,"footnotes":""},"categories":[4,70,10,69,32,22],"tags":[75,107,122,110,76],"class_list":["post-5519","post","type-post","status-publish","format-standard","has-post-thumbnail","hentry","category-cicero-dantas","category-destaques","category-fatima","category-noticias2","category-regiao","category-seguranca","tag-cicero-dantas","tag-fatima","tag-policia-civil","tag-presos","tag-trafico-de-drogas"],"aioseo_notices":[],"_links":{"self":[{"href":"https:\/\/www.portalalerta.com.br\/index.php\/wp-json\/wp\/v2\/posts\/5519","targetHints":{"allow":["GET"]}}],"collection":[{"href":"https:\/\/www.portalalerta.com.br\/index.php\/wp-json\/wp\/v2\/posts"}],"about":[{"href":"https:\/\/www.portalalerta.com.br\/index.php\/wp-json\/wp\/v2\/types\/post"}],"author":[{"embeddable":true,"href":"https:\/\/www.portalalerta.com.br\/index.php\/wp-json\/wp\/v2\/users\/2"}],"replies":[{"embeddable":true,"href":"https:\/\/www.portalalerta.com.br\/index.php\/wp-json\/wp\/v2\/comments?post=5519"}],"version-history":[{"count":0,"href":"https:\/\/www.portalalerta.com.br\/index.php\/wp-json\/wp\/v2\/posts\/5519\/revisions"}],"wp:featuredmedia":[{"embeddable":true,"href":"https:\/\/www.portalalerta.com.br\/index.php\/wp-json\/wp\/v2\/media\/5521"}],"wp:attachment":[{"href":"https:\/\/www.portalalerta.com.br\/index.php\/wp-json\/wp\/v2\/media?parent=5519"}],"wp:term":[{"taxonomy":"category","embeddable":true,"href":"https:\/\/www.portalalerta.com.br\/index.php\/wp-json\/wp\/v2\/categories?post=5519"},{"taxonomy":"post_tag","embeddable":true,"href":"https:\/\/www.portalalerta.com.br\/index.php\/wp-json\/wp\/v2\/tags?post=5519"}],"curies":[{"name":"wp","href":"https:\/\/api.w.org\/{rel}","templated":true}]}}