{"id":5523,"date":"2018-03-13T23:49:34","date_gmt":"2018-03-14T02:49:34","guid":{"rendered":"http:\/\/www.portalalerta.com.br\/?p=5523"},"modified":"2018-03-13T23:49:34","modified_gmt":"2018-03-14T02:49:34","slug":"homem-e-morto-a-tiros-e-esposa-e-amigo-sao-baleados-em-araci-ba","status":"publish","type":"post","link":"https:\/\/www.portalalerta.com.br\/index.php\/2018\/03\/13\/homem-e-morto-a-tiros-e-esposa-e-amigo-sao-baleados-em-araci-ba\/","title":{"rendered":"Homem \u00e9 morto a tiros e esposa e amigo s\u00e3o baleados em Araci-BA"},"content":{"rendered":"<p style=\"text-align: justify;\">Um homem de 35 anos foi morto e duas pessoas foram feridas a tiros no povoado de Barreira, em Araci-BA, no Territ\u00f3rio do Sisal, na noite de domingo (11). Nenhum suspeito foi preso.<!--more--><\/p>\n<p><img fetchpriority=\"high\" decoding=\"async\" class=\"size-full wp-image-2902 alignleft\" src=\"http:\/\/www.portalalerta.com.br\/wp-content\/uploads\/2017\/11\/elab-2.jpg\" alt=\"\" width=\"310\" height=\"200\" srcset=\"https:\/\/www.portalalerta.com.br\/wp-content\/uploads\/2017\/11\/elab-2.jpg 310w, https:\/\/www.portalalerta.com.br\/wp-content\/uploads\/2017\/11\/elab-2-226x146.jpg 226w, https:\/\/www.portalalerta.com.br\/wp-content\/uploads\/2017\/11\/elab-2-50x32.jpg 50w, https:\/\/www.portalalerta.com.br\/wp-content\/uploads\/2017\/11\/elab-2-116x75.jpg 116w\" sizes=\"(max-width: 310px) 100vw, 310px\" \/>Luiz Rog\u00e9rio de Jesus Carvalho, conhecido como \u201cZovinho\u201d, a esposa dele, Val\u00e9ria de Amorim Pascoal, de 26 anos, e o amigo, Domilson dos Santos Silva, de 39, estavam em uma rua do povoado, por volta das 20h30, quando tr\u00eas homens chegaram em duas motos, desceram, efetuaram os disparos e fugiram.<\/p>\n<p>Luiz Rog\u00e9rio morreu no local e Val\u00e9ria e Domilson foram levados ao hospital, segundo a Pol\u00edcia Militar. Uma equipe da 3\u00aa Companhia da Pol\u00edcia Militar fez buscas no povoado e imedia\u00e7\u00f5es, mas os suspeitos n\u00e3o foram encontrados.<\/p>\n<p>At\u00e9 o momento, a motiva\u00e7\u00e3o do crime \u00e9 desconhecida.<\/p>\n<p style=\"text-align: justify;\">Fonte: Cleriston Silva<\/p>\n","protected":false},"excerpt":{"rendered":"<p>Um homem de 35 anos foi morto e duas pessoas foram feridas a tiros no povoado de Barreira, em Araci-BA, no Territ\u00f3rio do Sisal, na noite de domingo (11). Nenhum suspeito foi preso.<\/p>\n","protected":false},"author":2,"featured_media":5524,"comment_status":"closed","ping_status":"open","sticky":false,"template":"","format":"standard","meta":{"om_disable_all_campaigns":false,"_monsterinsights_skip_tracking":false,"_monsterinsights_sitenote_active":false,"_monsterinsights_sitenote_note":"","_monsterinsights_sitenote_category":0,"footnotes":""},"categories":[41,70,69,32,22],"tags":[556,48,393,206,169,79,229],"class_list":["post-5523","post","type-post","status-publish","format-standard","has-post-thumbnail","hentry","category-araci","category-destaques","category-noticias2","category-regiao","category-seguranca","tag-3a-cia","tag-araci","tag-feridos","tag-homicidio","tag-morte","tag-policia-militar","tag-povoado"],"aioseo_notices":[],"_links":{"self":[{"href":"https:\/\/www.portalalerta.com.br\/index.php\/wp-json\/wp\/v2\/posts\/5523","targetHints":{"allow":["GET"]}}],"collection":[{"href":"https:\/\/www.portalalerta.com.br\/index.php\/wp-json\/wp\/v2\/posts"}],"about":[{"href":"https:\/\/www.portalalerta.com.br\/index.php\/wp-json\/wp\/v2\/types\/post"}],"author":[{"embeddable":true,"href":"https:\/\/www.portalalerta.com.br\/index.php\/wp-json\/wp\/v2\/users\/2"}],"replies":[{"embeddable":true,"href":"https:\/\/www.portalalerta.com.br\/index.php\/wp-json\/wp\/v2\/comments?post=5523"}],"version-history":[{"count":0,"href":"https:\/\/www.portalalerta.com.br\/index.php\/wp-json\/wp\/v2\/posts\/5523\/revisions"}],"wp:featuredmedia":[{"embeddable":true,"href":"https:\/\/www.portalalerta.com.br\/index.php\/wp-json\/wp\/v2\/media\/5524"}],"wp:attachment":[{"href":"https:\/\/www.portalalerta.com.br\/index.php\/wp-json\/wp\/v2\/media?parent=5523"}],"wp:term":[{"taxonomy":"category","embeddable":true,"href":"https:\/\/www.portalalerta.com.br\/index.php\/wp-json\/wp\/v2\/categories?post=5523"},{"taxonomy":"post_tag","embeddable":true,"href":"https:\/\/www.portalalerta.com.br\/index.php\/wp-json\/wp\/v2\/tags?post=5523"}],"curies":[{"name":"wp","href":"https:\/\/api.w.org\/{rel}","templated":true}]}}