{"id":5526,"date":"2018-03-14T00:12:38","date_gmt":"2018-03-14T03:12:38","guid":{"rendered":"http:\/\/www.portalalerta.com.br\/?p=5526"},"modified":"2018-03-14T00:12:38","modified_gmt":"2018-03-14T03:12:38","slug":"justica-de-andorra-pede-extradicao-de-ricardo-teixeira","status":"publish","type":"post","link":"https:\/\/www.portalalerta.com.br\/index.php\/2018\/03\/14\/justica-de-andorra-pede-extradicao-de-ricardo-teixeira\/","title":{"rendered":"Justi\u00e7a de Andorra pede extradi\u00e7\u00e3o de Ricardo Teixeira"},"content":{"rendered":"<p style=\"text-align: justify;\">A ju\u00edza Can\u00f2lic Mingorance pediu a extradi\u00e7\u00e3o de Ricardo Teixeira, ex-presidente da CBF (Confedera\u00e7\u00e3o Brasileira de Futebol), para Andorra. Ela \u00e9 respons\u00e1vel por investigar o cartola brasileiro num processo de lavagem de dinheiro, que tamb\u00e9m inclui Sandro Rosell, ex-presidente do Barcelona.<!--more--><\/p>\n<p style=\"text-align: justify;\">Segundo a magistrada, Teixeira \u00e9 suspeito de ser membro ativo da rede internacional. No despacho assinado no in\u00edcio deste m\u00eas, ela diz que o brasileiro teria lavado em Andorra mais de 8 milh\u00f5es de euros (cerca de R$ 32 milh\u00f5es) obtidos de forma irregular com o recebimento de propina pela venda dos direitos da sele\u00e7\u00e3o brasileira. A Constitui\u00e7\u00e3o do Brasil pro\u00edbe a extradi\u00e7\u00e3o de brasileiros, salvo os naturalizados, em caso de crime comum, praticado antes da naturaliza\u00e7\u00e3o, ou de comprovado envolvimento em tr\u00e1fico il\u00edcito de entorpecentes e drogas afins.<\/p>\n<p style=\"text-align: justify;\"><img fetchpriority=\"high\" decoding=\"async\" class=\"size-thumbnail wp-image-4869 aligncenter\" src=\"http:\/\/www.portalalerta.com.br\/wp-content\/uploads\/2018\/02\/Auto-Escola-Nobre-720x181.jpg\" alt=\"\" width=\"720\" height=\"181\" srcset=\"https:\/\/www.portalalerta.com.br\/wp-content\/uploads\/2018\/02\/Auto-Escola-Nobre.jpg 720w, https:\/\/www.portalalerta.com.br\/wp-content\/uploads\/2018\/02\/Auto-Escola-Nobre-260x65.jpg 260w, https:\/\/www.portalalerta.com.br\/wp-content\/uploads\/2018\/02\/Auto-Escola-Nobre-50x13.jpg 50w, https:\/\/www.portalalerta.com.br\/wp-content\/uploads\/2018\/02\/Auto-Escola-Nobre-150x38.jpg 150w\" sizes=\"(max-width: 720px) 100vw, 720px\" \/>Teixeira tamb\u00e9m \u00e9 acusado na Espanha por ter cometido o mesmo crime. Desde maio do ano passado, Rosell est\u00e1 preso em Madri por participar do esquema de lavagem de dinheiro. A Justi\u00e7a espanhola afirma que Teixeira e sua ex-mulher tinham cart\u00f5es de cr\u00e9dito bancados pela Uptrend, empresa de Rosell nos EUA. Para os investigadores, em cada jogo da sele\u00e7\u00e3o brasileira, a dona dos direitos sobre as partidas, a ISE, teria de repassar um porcentual para a Uptrend. De acordo com a Justi\u00e7a da Espanha, a Uptrend teria sido criada para camuflar pagamentos a Teixeira.<\/p>\n<p style=\"text-align: justify;\">As investiga\u00e7\u00f5es em Andorra e na Espanha s\u00e3o um desdobramento do processo aberto pelo FBI em 2015, que prendeu uma s\u00e9rie de cartolas da Am\u00e9rica Latina suspeitos de corrup\u00e7\u00e3o. Desde ent\u00e3o, Jos\u00e9 Maria Marin, sucessor de Teixeira, est\u00e1 preso no exterior.<\/p>\n<p style=\"text-align: justify;\"><strong>BANIMENTO<\/strong><\/p>\n<p style=\"text-align: justify;\">J\u00e1 Marco Polo Del Nero, que assim como Teixeira nunca mais deixou o Brasil, foi banido por 90 dias pela Fifa. A puni\u00e7\u00e3o termina nesta quinta (15). A entidade que controla o futebol no mundo deve afastar Del Nero definitivamente do futebol. Na Espanha, a ju\u00edza Carmem Lamela enviou \u00e0s autoridades brasileiras a investiga\u00e7\u00e3o sobre Teixeira. O mineiro de 70 anos presidiu a CBF por mais de duas d\u00e9cadas.<\/p>\n<p style=\"text-align: justify;\"><strong>OUTRO LADO<\/strong><\/p>\n<p style=\"text-align: justify;\">Respons\u00e1vel pela defesa de Teixeira, o advogado Michel Assef Filho classificou de desproporcional a decis\u00e3o da ju\u00edza de Andorra. \u201cEla pediu a extradi\u00e7\u00e3o para o meu cliente dar um depoimento. Existem outras formas de conseguir isso\u201d, disse Assef. \u201cEle pode fazer esse depoimento por carta rogat\u00f3ria e o far\u00e1 sem problema nenhum, caso seja requisitado\u201d, declarou.<\/p>\n<p><em>Fonte: Alta Press\u00e3o<\/em><\/p>\n","protected":false},"excerpt":{"rendered":"<p>A ju\u00edza Can\u00f2lic Mingorance pediu a extradi\u00e7\u00e3o de Ricardo Teixeira, ex-presidente da CBF (Confedera\u00e7\u00e3o Brasileira de Futebol), para Andorra. Ela \u00e9 respons\u00e1vel por investigar o cartola brasileiro num processo de lavagem de dinheiro, que tamb\u00e9m inclui Sandro Rosell, ex-presidente do Barcelona.<\/p>\n","protected":false},"author":2,"featured_media":5527,"comment_status":"closed","ping_status":"open","sticky":false,"template":"","format":"standard","meta":{"om_disable_all_campaigns":false,"_monsterinsights_skip_tracking":false,"_monsterinsights_sitenote_active":false,"_monsterinsights_sitenote_note":"","_monsterinsights_sitenote_category":0,"footnotes":""},"categories":[34,70,2,35,69],"tags":[763,764,766,97,339,765],"class_list":["post-5526","post","type-post","status-publish","format-standard","has-post-thumbnail","hentry","category-brasil","category-destaques","category-esportes","category-mundo","category-noticias2","tag-andorra","tag-cbf","tag-extradicao","tag-futebol","tag-mundo","tag-ricardo-teixeira"],"aioseo_notices":[],"_links":{"self":[{"href":"https:\/\/www.portalalerta.com.br\/index.php\/wp-json\/wp\/v2\/posts\/5526","targetHints":{"allow":["GET"]}}],"collection":[{"href":"https:\/\/www.portalalerta.com.br\/index.php\/wp-json\/wp\/v2\/posts"}],"about":[{"href":"https:\/\/www.portalalerta.com.br\/index.php\/wp-json\/wp\/v2\/types\/post"}],"author":[{"embeddable":true,"href":"https:\/\/www.portalalerta.com.br\/index.php\/wp-json\/wp\/v2\/users\/2"}],"replies":[{"embeddable":true,"href":"https:\/\/www.portalalerta.com.br\/index.php\/wp-json\/wp\/v2\/comments?post=5526"}],"version-history":[{"count":0,"href":"https:\/\/www.portalalerta.com.br\/index.php\/wp-json\/wp\/v2\/posts\/5526\/revisions"}],"wp:featuredmedia":[{"embeddable":true,"href":"https:\/\/www.portalalerta.com.br\/index.php\/wp-json\/wp\/v2\/media\/5527"}],"wp:attachment":[{"href":"https:\/\/www.portalalerta.com.br\/index.php\/wp-json\/wp\/v2\/media?parent=5526"}],"wp:term":[{"taxonomy":"category","embeddable":true,"href":"https:\/\/www.portalalerta.com.br\/index.php\/wp-json\/wp\/v2\/categories?post=5526"},{"taxonomy":"post_tag","embeddable":true,"href":"https:\/\/www.portalalerta.com.br\/index.php\/wp-json\/wp\/v2\/tags?post=5526"}],"curies":[{"name":"wp","href":"https:\/\/api.w.org\/{rel}","templated":true}]}}