{"id":55290,"date":"2024-03-21T09:02:00","date_gmt":"2024-03-21T12:02:00","guid":{"rendered":"https:\/\/www.portalalerta.com.br\/?p=55290"},"modified":"2024-03-20T22:50:48","modified_gmt":"2024-03-21T01:50:48","slug":"camara-aprova-fim-da-saidinha-em-feriados","status":"publish","type":"post","link":"https:\/\/www.portalalerta.com.br\/index.php\/2024\/03\/21\/camara-aprova-fim-da-saidinha-em-feriados\/","title":{"rendered":"C\u00e2mara aprova fim da \u201csaidinha\u201d em feriados"},"content":{"rendered":"\n<p>Projeto tamb\u00e9m estabelece que detento s\u00f3 poder\u00e1 ficar fora do pres\u00eddio pelo tempo necess\u00e1rio para as atividades educacionais<\/p>\n\n\n\n<!--more-->\n\n\n\n<p>A C\u00e2mara dos Deputados aprovou, nesta quarta-feira (20), o projeto de lei que limita a \u201csaidinha\u201d de presos. O texto vai \u00e0 san\u00e7\u00e3o presidencial.<\/p>\n\n\n\n<p>O projeto j\u00e1 havia sido aprovado pelos deputados em outubro do ano passado, mas, ao passar pelo Senado, o texto sofreu altera\u00e7\u00f5es e, por este motivo, precisou retornar para a C\u00e2mara.<\/p>\n\n\n<div class=\"wp-block-image\">\n<figure class=\"alignleft size-full\"><img fetchpriority=\"high\" decoding=\"async\" width=\"400\" height=\"300\" src=\"https:\/\/www.portalalerta.com.br\/wp-content\/uploads\/2023\/01\/Auto-Escola-Sonho.jpg\" alt=\"\" class=\"wp-image-47083\" srcset=\"https:\/\/www.portalalerta.com.br\/wp-content\/uploads\/2023\/01\/Auto-Escola-Sonho.jpg 400w, https:\/\/www.portalalerta.com.br\/wp-content\/uploads\/2023\/01\/Auto-Escola-Sonho-320x240.jpg 320w\" sizes=\"(max-width: 400px) 100vw, 400px\" \/><\/figure><\/div>\n\n\n<p>O texto foi aprovado em vota\u00e7\u00e3o simb\u00f3lica pelos deputados, quando n\u00e3o h\u00e1 registro individual de votos. Isso acontece quando h\u00e1 acordo para a vota\u00e7\u00e3o do projeto e o consenso entre os parlamentares \u00e9 grande.<\/p>\n\n\n\n<p>O projeto inicial previa a revoga\u00e7\u00e3o total da sa\u00edda de presos, mas foi alterado no Senado para permitir o benef\u00edcio a detentos que estudam. No entanto, a proposta pro\u00edbe a libera\u00e7\u00e3o tempor\u00e1ria de presos em datas comemorativas e feriados.<\/p>\n\n\n\n<p>Os deputados acataram as mudan\u00e7as realizadas no projeto. A altera\u00e7\u00e3o no texto foi sugerida pelo senador Sergio Moro (Uni\u00e3o-PR). Ele prop\u00f4s que o benef\u00edcio das \u201csaidinhas\u201d seja aplicado a presos em regime semiaberto que tenham atividades educacionais externas, como conclus\u00e3o dos ensinos m\u00e9dio e superior e cursos profissionalizantes, se forem cumpridos os requisitos legais.<\/p>\n\n\n\n<p>A altera\u00e7\u00e3o, no entanto, n\u00e3o se estenderia para quem cometeu crimes hediondos ou com grave amea\u00e7a. Atualmente, o benef\u00edcio \u00e9 negado apenas a quem pratica crime hediondo.<\/p>\n\n\n\n<p>O projeto tamb\u00e9m estabelece que o detento s\u00f3 poder\u00e1 ficar fora do pres\u00eddio pelo tempo necess\u00e1rio para as atividades educacionais. As outras justificativas atualmente aceitas para as sa\u00eddas tempor\u00e1rias \u2014 visita \u00e0 fam\u00edlia e participa\u00e7\u00e3o em atividades que concorram para o retorno ao conv\u00edvio social \u2014 deixam de existir na lei.<\/p>\n\n\n\n<p>A sa\u00edda tempor\u00e1ria \u00e9 concedida pela Justi\u00e7a como forma de ressocializa\u00e7\u00e3o dos presos e manuten\u00e7\u00e3o de v\u00ednculo deles com o mundo fora do sistema prisional.<\/p>\n\n\n\n<p>Atualmente, a legisla\u00e7\u00e3o permite o benef\u00edcio a presos do regime semiaberto que j\u00e1 tenham cumprido o m\u00ednimo de um sexto da pena, se for prim\u00e1rio, e um quarto, se for reincidente. Al\u00e9m disso, \u00e9 preciso apresentar comportamento adequado.<\/p>\n\n\n\n<p>Os presos que t\u00eam o benef\u00edcio podem sair at\u00e9 cinco vezes ao ano, sem vigil\u00e2ncia direta, para visitar a fam\u00edlia, estudar fora da cadeia ou participar de atividades que contribuam para a ressocializa\u00e7\u00e3o.<\/p>\n\n\n\n<p><strong>O projeto<\/strong><\/p>\n\n\n\n<p>O texto aprovado pela C\u00e2mara mant\u00e9m a sa\u00edda tempor\u00e1ria e tamb\u00e9m determina que os presos que tiverem o benef\u00edcio da sa\u00edda tempor\u00e1ria tenham que realizar um \u201cexame criminol\u00f3gico\u201d para que tenha direito \u00e0 progress\u00e3o de regime.<\/p>\n\n\n\n<p>Para isso ocorrer, por exemplo, seus antecedentes e o resultado do exame criminol\u00f3gico devem indicar que o preso ir\u00e1 <strong><em>\u201cajustar-se, com autodisciplina, baixa periculosidade, e senso de responsabilidade, ao novo regime\u201d<\/em><\/strong>.<\/p>\n\n\n\n<p>Atualmente, a legisla\u00e7\u00e3o n\u00e3o faz men\u00e7\u00e3o espec\u00edfica ao exame criminol\u00f3gico nem a ind\u00edcios de baixa periculosidade.<\/p>\n\n\n\n<p>A proposta tamb\u00e9m estabelece tr\u00eas novas situa\u00e7\u00f5es em que a Justi\u00e7a pode determinar a fiscaliza\u00e7\u00e3o por meio de tornozeleira eletr\u00f4nica:<\/p>\n\n\n\n<ul class=\"wp-block-list\">\n<li><strong>livramento condicional;<\/strong><\/li>\n\n\n\n<li><strong>execu\u00e7\u00e3o da pena nos regimes aberto e semiaberto;<\/strong><\/li>\n\n\n\n<li><strong>restri\u00e7\u00e3o de direitos relativa \u00e0 proibi\u00e7\u00e3o de frequentar lugares espec\u00edficos.<\/strong><\/li>\n<\/ul>\n\n\n\n<p>Hoje, a tornozeleira eletr\u00f4nica pode ser utilizada para monitoramento das sa\u00eddas tempor\u00e1rias do regime semiaberto e durante a pris\u00e3o domiciliar.<\/p>\n\n\n\n<p><strong>Homenagem<\/strong><\/p>\n\n\n\n<p>No texto aprovado pelos parlamentares, tamb\u00e9m determina a necessidade de um <strong>\u201cexame criminol\u00f3gico\u201d<\/strong> para que um preso tenha direito \u00e0 progress\u00e3o de regime.<\/p>\n\n\n\n<p>Outra mudan\u00e7a realizada no texto foi incluir a determina\u00e7\u00e3o de que, caso sancionada, a lei seja denominada \u201cLei PM Sargento Dias\u201d. Essa mudan\u00e7a \u00e9 uma homenagem ao sargento Roger Dias da Cunha, da Pol\u00edcia Militar de Minas Gerais. Ele foi baleado na cabe\u00e7a no dia 5 de janeiro ap\u00f3s uma abordagem a dois suspeitos em Belo Horizonte. O autor dos disparos era um beneficiado pela sa\u00edda tempor\u00e1ria que deveria ter voltado \u00e0 penitenci\u00e1ria em 23 de dezembro e era considerado foragido da Justi\u00e7a.<\/p>\n\n\n\n<p><em>Fonte: CNN<\/em><\/p>\n","protected":false},"excerpt":{"rendered":"<p>Projeto tamb\u00e9m estabelece que detento s\u00f3 poder\u00e1 ficar fora do pres\u00eddio pelo tempo necess\u00e1rio para as atividades educacionais<\/p>\n","protected":false},"author":2,"featured_media":54249,"comment_status":"open","ping_status":"open","sticky":false,"template":"","format":"standard","meta":{"om_disable_all_campaigns":false,"_monsterinsights_skip_tracking":false,"_monsterinsights_sitenote_active":false,"_monsterinsights_sitenote_note":"","_monsterinsights_sitenote_category":0,"footnotes":""},"categories":[34,70,69,21,22],"tags":[100,71,48,93,186,75,4178,4180,129,107,4181,132,230,106,203,120,51,109,88,47,6548,111,190],"class_list":["post-55290","post","type-post","status-publish","format-standard","has-post-thumbnail","hentry","category-brasil","category-destaques","category-noticias2","category-politica","category-seguranca","tag-adustina","tag-antas","tag-araci","tag-brasil","tag-camara-dos-deputados","tag-cicero-dantas","tag-cipo-2","tag-crisopolis-2","tag-euclides-da-cunha","tag-fatima","tag-heliopolis-2","tag-itapicuru","tag-jeremoabo","tag-nova-soure","tag-novo-triunfo","tag-olindina","tag-paripiranga","tag-quijingue","tag-ribeira-do-amparo","tag-ribeira-do-pombal","tag-saidinha-temporaria","tag-sitio-do-quinto","tag-tucano"],"aioseo_notices":[],"_links":{"self":[{"href":"https:\/\/www.portalalerta.com.br\/index.php\/wp-json\/wp\/v2\/posts\/55290","targetHints":{"allow":["GET"]}}],"collection":[{"href":"https:\/\/www.portalalerta.com.br\/index.php\/wp-json\/wp\/v2\/posts"}],"about":[{"href":"https:\/\/www.portalalerta.com.br\/index.php\/wp-json\/wp\/v2\/types\/post"}],"author":[{"embeddable":true,"href":"https:\/\/www.portalalerta.com.br\/index.php\/wp-json\/wp\/v2\/users\/2"}],"replies":[{"embeddable":true,"href":"https:\/\/www.portalalerta.com.br\/index.php\/wp-json\/wp\/v2\/comments?post=55290"}],"version-history":[{"count":1,"href":"https:\/\/www.portalalerta.com.br\/index.php\/wp-json\/wp\/v2\/posts\/55290\/revisions"}],"predecessor-version":[{"id":55291,"href":"https:\/\/www.portalalerta.com.br\/index.php\/wp-json\/wp\/v2\/posts\/55290\/revisions\/55291"}],"wp:featuredmedia":[{"embeddable":true,"href":"https:\/\/www.portalalerta.com.br\/index.php\/wp-json\/wp\/v2\/media\/54249"}],"wp:attachment":[{"href":"https:\/\/www.portalalerta.com.br\/index.php\/wp-json\/wp\/v2\/media?parent=55290"}],"wp:term":[{"taxonomy":"category","embeddable":true,"href":"https:\/\/www.portalalerta.com.br\/index.php\/wp-json\/wp\/v2\/categories?post=55290"},{"taxonomy":"post_tag","embeddable":true,"href":"https:\/\/www.portalalerta.com.br\/index.php\/wp-json\/wp\/v2\/tags?post=55290"}],"curies":[{"name":"wp","href":"https:\/\/api.w.org\/{rel}","templated":true}]}}