{"id":55299,"date":"2024-03-21T16:02:00","date_gmt":"2024-03-21T19:02:00","guid":{"rendered":"https:\/\/www.portalalerta.com.br\/?p=55299"},"modified":"2024-03-21T15:37:16","modified_gmt":"2024-03-21T18:37:16","slug":"se-depender-de-mim-lula-nao-veta-pl-da-saidinha-diz-jaques-wagner-a-cnn","status":"publish","type":"post","link":"https:\/\/www.portalalerta.com.br\/index.php\/2024\/03\/21\/se-depender-de-mim-lula-nao-veta-pl-da-saidinha-diz-jaques-wagner-a-cnn\/","title":{"rendered":"\u201cSe depender de mim, Lula n\u00e3o veta PL da saidinha\u201d, diz Jaques Wagner \u00e0 CNN"},"content":{"rendered":"\n<p>Projeto de Lei que restringe sa\u00edda tempor\u00e1ria de presos foi aprovado na C\u00e2mara<\/p>\n\n\n\n<!--more-->\n\n\n\n<p>O l\u00edder do governo no Senado, Jaques Wagner (PT-BA), \u00e9 contr\u00e1rio a um poss\u00edvel veto do presidente Luiz In\u00e1cio Lula da Silva (PT) ao \u201cPL das saidinhas\u201d. O projeto de lei, que acaba com a sa\u00edda tempor\u00e1ria dos presos, foi aprovado na C\u00e2mara nesta quarta-feira (20).<\/p>\n\n\n<div class=\"wp-block-image\">\n<figure class=\"alignleft size-full\"><img fetchpriority=\"high\" decoding=\"async\" width=\"400\" height=\"300\" src=\"https:\/\/www.portalalerta.com.br\/wp-content\/uploads\/2023\/01\/Auto-Escola-Sonho.jpg\" alt=\"\" class=\"wp-image-47083\" srcset=\"https:\/\/www.portalalerta.com.br\/wp-content\/uploads\/2023\/01\/Auto-Escola-Sonho.jpg 400w, https:\/\/www.portalalerta.com.br\/wp-content\/uploads\/2023\/01\/Auto-Escola-Sonho-320x240.jpg 320w\" sizes=\"(max-width: 400px) 100vw, 400px\" \/><\/figure><\/div>\n\n\n<p><strong><em>\u201cSe depender de mim, Lula n\u00e3o veta o PL da saidinha\u201d<\/em><\/strong>, disse Wagner \u00e0&nbsp;<strong>CNN<\/strong>. O senador n\u00e3o concorda com o m\u00e9rito do projeto, mas avalia que o desgate pol\u00edtico n\u00e3o compensa.<\/p>\n\n\n\n<p>Ele diz que, caso vete, o presidente vai ser acusado pela oposi\u00e7\u00e3o toda vez que ocorrer um crime ap\u00f3s a sa\u00edda tempor\u00e1ria dos presos. O PL teve amplo apoio no Congresso e foi aprovado em vota\u00e7\u00e3o simb\u00f3lica.<\/p>\n\n\n\n<p>Segundo fontes que acompanham o assunto, o ministro da Justi\u00e7a e Seguran\u00e7a P\u00fablica, Ricardo Lewandowski, deve recomendar um veto parcial a Lula para facilitar a negocia\u00e7\u00e3o com o Congresso. S\u00e3o grandes as chances de um eventual veto do presidente ser derrubado pelos deputados.<\/p>\n\n\n\n<p>O coordenador do grupo de juristas Prerrogativas, Marco Aur\u00e9lio Carvalho, disse que prepara uma mobiliza\u00e7\u00e3o para que o presidente vete o PL.<\/p>\n\n\n\n<p><em>Fonte: CNN<\/em><\/p>\n","protected":false},"excerpt":{"rendered":"<p>Projeto de Lei que restringe sa\u00edda tempor\u00e1ria de presos foi aprovado na C\u00e2mara<\/p>\n","protected":false},"author":2,"featured_media":55300,"comment_status":"open","ping_status":"open","sticky":false,"template":"","format":"standard","meta":{"om_disable_all_campaigns":false,"_monsterinsights_skip_tracking":false,"_monsterinsights_sitenote_active":false,"_monsterinsights_sitenote_note":"","_monsterinsights_sitenote_category":0,"footnotes":""},"categories":[34,70,69,21,22],"tags":[100,71,48,75,4178,4180,129,107,4181,132,614,230,106,203,120,51,109,88,47,6548,233,111,190],"class_list":["post-55299","post","type-post","status-publish","format-standard","has-post-thumbnail","hentry","category-brasil","category-destaques","category-noticias2","category-politica","category-seguranca","tag-adustina","tag-antas","tag-araci","tag-cicero-dantas","tag-cipo-2","tag-crisopolis-2","tag-euclides-da-cunha","tag-fatima","tag-heliopolis-2","tag-itapicuru","tag-jaques-wagner","tag-jeremoabo","tag-nova-soure","tag-novo-triunfo","tag-olindina","tag-paripiranga","tag-quijingue","tag-ribeira-do-amparo","tag-ribeira-do-pombal","tag-saidinha-temporaria","tag-senador","tag-sitio-do-quinto","tag-tucano"],"aioseo_notices":[],"_links":{"self":[{"href":"https:\/\/www.portalalerta.com.br\/index.php\/wp-json\/wp\/v2\/posts\/55299","targetHints":{"allow":["GET"]}}],"collection":[{"href":"https:\/\/www.portalalerta.com.br\/index.php\/wp-json\/wp\/v2\/posts"}],"about":[{"href":"https:\/\/www.portalalerta.com.br\/index.php\/wp-json\/wp\/v2\/types\/post"}],"author":[{"embeddable":true,"href":"https:\/\/www.portalalerta.com.br\/index.php\/wp-json\/wp\/v2\/users\/2"}],"replies":[{"embeddable":true,"href":"https:\/\/www.portalalerta.com.br\/index.php\/wp-json\/wp\/v2\/comments?post=55299"}],"version-history":[{"count":1,"href":"https:\/\/www.portalalerta.com.br\/index.php\/wp-json\/wp\/v2\/posts\/55299\/revisions"}],"predecessor-version":[{"id":55301,"href":"https:\/\/www.portalalerta.com.br\/index.php\/wp-json\/wp\/v2\/posts\/55299\/revisions\/55301"}],"wp:featuredmedia":[{"embeddable":true,"href":"https:\/\/www.portalalerta.com.br\/index.php\/wp-json\/wp\/v2\/media\/55300"}],"wp:attachment":[{"href":"https:\/\/www.portalalerta.com.br\/index.php\/wp-json\/wp\/v2\/media?parent=55299"}],"wp:term":[{"taxonomy":"category","embeddable":true,"href":"https:\/\/www.portalalerta.com.br\/index.php\/wp-json\/wp\/v2\/categories?post=55299"},{"taxonomy":"post_tag","embeddable":true,"href":"https:\/\/www.portalalerta.com.br\/index.php\/wp-json\/wp\/v2\/tags?post=55299"}],"curies":[{"name":"wp","href":"https:\/\/api.w.org\/{rel}","templated":true}]}}