{"id":5533,"date":"2018-03-14T01:11:30","date_gmt":"2018-03-14T04:11:30","guid":{"rendered":"http:\/\/www.portalalerta.com.br\/?p=5533"},"modified":"2018-03-14T01:11:30","modified_gmt":"2018-03-14T04:11:30","slug":"patrimonio-de-aecio-neves-triplica-depois-da-eleicao-de-2014","status":"publish","type":"post","link":"https:\/\/www.portalalerta.com.br\/index.php\/2018\/03\/14\/patrimonio-de-aecio-neves-triplica-depois-da-eleicao-de-2014\/","title":{"rendered":"Patrim\u00f4nio de A\u00e9cio Neves triplica depois da elei\u00e7\u00e3o de 2014"},"content":{"rendered":"<p style=\"text-align: justify;\">Documentos da Receita Federal revelam que o patrim\u00f4nio declarado do senador A\u00e9cio Neves (PSDB-MG) triplicou ap\u00f3s a elei\u00e7\u00e3o de 2014, quando foi derrotado por Dilma Rousseff (PT). O salto foi de R$ 2,5 milh\u00f5es em 2015 para R$ 8 milh\u00f5es em 2016.\u00a0<!--more--><\/p>\n<p style=\"text-align: justify;\">O crescimento \u00e9 resultado de uma opera\u00e7\u00e3o financeira entre A\u00e9cio e sua irm\u00e3 Andrea Neves envolvendo cotas que o senador detinha em uma r\u00e1dio, a Arco \u00cdris, da qual foi s\u00f3cio durante seis anos.<\/p>\n<p style=\"text-align: justify;\">A quebra do sigilo fiscal do tucano foi ordenada pelo STF (Supremo Tribunal Federal) em uma a\u00e7\u00e3o cautelar que corre paralelamente ao inqu\u00e9rito que investiga o parlamentar por ter pedido R$ 2 milh\u00f5es ao dono da empresa de carnes JBS, Joesley Batista. A Folha teve acesso aos documentos da investiga\u00e7\u00e3o.<\/p>\n<p style=\"text-align: justify;\"><img decoding=\"async\" class=\"size-full wp-image-2814 alignleft\" src=\"http:\/\/www.portalalerta.com.br\/wp-content\/uploads\/2017\/11\/banner9.png\" alt=\"\" width=\"270\" height=\"174\" srcset=\"https:\/\/www.portalalerta.com.br\/wp-content\/uploads\/2017\/11\/banner9.png 270w, https:\/\/www.portalalerta.com.br\/wp-content\/uploads\/2017\/11\/banner9-227x146.png 227w, https:\/\/www.portalalerta.com.br\/wp-content\/uploads\/2017\/11\/banner9-50x32.png 50w, https:\/\/www.portalalerta.com.br\/wp-content\/uploads\/2017\/11\/banner9-116x75.png 116w\" sizes=\"(max-width: 270px) 100vw, 270px\" \/>Metade dos recursos foi rastreada pela Opera\u00e7\u00e3o Patmos, um desdobramento da Lava Jato no STF, que levou \u00e0 pris\u00e3o de Andrea, bra\u00e7o direito de A\u00e9cio quando ele governou Minas Gerais (2003-2010). Ela foi solta em junho.<\/p>\n<p style=\"text-align: justify;\">Nas elei\u00e7\u00f5es de 2014, A\u00e9cio declarou ao TSE que suas cotas na Arco \u00cdris, afiliada da Jovem Pan, valiam R$ 700 mil, na forma de uma d\u00edvida que mantinha com a antiga dona, sua m\u00e3e.<\/p>\n<p style=\"text-align: justify;\">Por dois anos, em 2014 e 2015, o tucano tamb\u00e9m declarou \u00e0 Receita R$ 700 mil, conforme as c\u00f3pias das declara\u00e7\u00f5es de Imposto de Renda agora em poder do STF.<\/p>\n<p style=\"text-align: justify;\">Em setembro de 2016, A\u00e9cio decidiu vender suas cotas \u00e0 outra s\u00f3cia na r\u00e1dio, Andrea. Ao realizar a opera\u00e7\u00e3o, o senador declarou ao Fisco que elas valiam R$ 6,6 milh\u00f5es, quase dez vezes mais do que um ano antes.<\/p>\n<p style=\"text-align: justify;\">Ao mesmo tempo, a m\u00e3e de A\u00e9cio perdoou a d\u00edvida com o filho. Os mesmos R$ 6,6 milh\u00f5es foram declarados por Andrea em seu Imposto de Renda \u2014cujo sigilo tamb\u00e9m foi quebrado pelo STF.<\/p>\n<p style=\"text-align: justify;\">A\u00e9cio declarou que vendeu as cotas em 48 presta\u00e7\u00f5es, incluindo uma primeira parcela de R$ 380 mil.<\/p>\n<p style=\"text-align: justify;\">Uma especialista em contabilidade ouvida pela Folha sob a condi\u00e7\u00e3o de n\u00e3o ter o nome publicado disse que uma an\u00e1lise mais detalhada sobre o neg\u00f3cio na r\u00e1dio imp\u00f5e acesso aos balan\u00e7os da emissora, para saber como se deu a grande valoriza\u00e7\u00e3o das cotas em t\u00e3o pouco espa\u00e7o de tempo. A PGR (Procuradoria-Geral da Rep\u00fablica) n\u00e3o pediu a quebra do sigilo fiscal da emissora.<\/p>\n<p style=\"text-align: justify;\"><strong>QUESTIONAMENTO<\/strong><br \/>\nA sa\u00edda do senador da empresa coincide com um crescente questionamento sobre a legalidade da propriedade de r\u00e1dios e TVs por parlamentares federais. Para o Minist\u00e9rio P\u00fablico Federal, a posse afronta a Constitui\u00e7\u00e3o.<\/p>\n<p style=\"text-align: justify;\">O patrim\u00f4nio declarado de A\u00e9cio, 58, inclu\u00eda em 2016 um apartamento em Belo Horizonte, com valor apontado pelo senador de R$ 222 mil, outro no Rio (R$ 109 mil), lotes em Nova Lima (MG) e metade de uma fazenda de 81 hectares em Cl\u00e1udio (MG).<\/p>\n<p style=\"text-align: justify;\">Andrea, 59, declarou em seu nome tr\u00eas apartamentos no Rio: um na avenida Vieira Souto, de R$ 1,7 milh\u00e3o, um na avenida Atl\u00e2ntica (R$ 1,8 milh\u00e3o) e outro na rua Prudente de Morais, em Ipanema (R$ 400 mil), al\u00e9m um apartamento e casas em Minas.<\/p>\n<p style=\"text-align: justify;\">Os dados da Receita revelam que a r\u00e1dio era a principal fonte de renda dos irm\u00e3os. Somente de 2014 a 2016 (per\u00edodo abrangido pela quebra de sigilo), A\u00e9cio recebeu R$ 3,1 milh\u00f5es a t\u00edtulo de lucros e dividendos n\u00e3o tribut\u00e1veis, o triplo do que obteve do Senado como sal\u00e1rio no mesmo per\u00edodo (R$ 1 milh\u00e3o).<\/p>\n<p style=\"text-align: justify;\">Os dados eram desconhecidos do eleitorado porque por lei os candidatos precisam declarar ao TSE, no ato de registro da candidatura, apenas bens, n\u00e3o rendimentos.<\/p>\n<p style=\"text-align: justify;\">A\u00e9cio tamb\u00e9m declarou \u00e0 Receita recebimentos da Empresa Folha da Manh\u00e3, que edita a Folha, \u00e0 qual prestou servi\u00e7o como colunista a partir de 2011.<\/p>\n<p style=\"text-align: justify;\">A Folha remunera seus colaboradores, de diversos partidos e matizes ideol\u00f3gicos. A\u00e9cio deixou de ser colunista em maio de 2017, dias ap\u00f3s a Opera\u00e7\u00e3o Patmos. O senador declarou ter recebido R$ 13,2 mil (2014), R$ 21,4 mil (2015) e R$ 25,8 mil (2016).<\/p>\n<p style=\"text-align: justify;\"><strong>OUTRO LADO<\/strong><br \/>\nO advogado de A\u00e9cio Neves, Alberto Toron, disse que os R$ 6,6 milh\u00f5es obtidos pelo parlamentar com a venda da r\u00e1dio Arco \u00cdris foram calculados \u201ccom base no crit\u00e9rio de valor de mercado\u201d.<\/p>\n<p style=\"text-align: justify;\">Segundo ele, valor anterior, de R$ 700 mil, fora \u201cfixado, \u00e0 \u00e9poca, em oito vezes o valor patrimonial\u201d das cotas.<\/p>\n<p style=\"text-align: justify;\">De acordo com Toron, a entrada de A\u00e9cio na r\u00e1dio em 2010, por meio das cotas obtidas de sua m\u00e3e, \u201ctratou-se de uma negocia\u00e7\u00e3o familiar, e cujos crit\u00e9rios foram absolutamente legais, uma vez que a lei permite negocia\u00e7\u00f5es entre particulares\u201d.<\/p>\n<p style=\"text-align: justify;\">Toron disse que o valor de R$ 700 mil \u00e9 informado \u00e0 Receita desde 2010 e a declara\u00e7\u00e3o do Imposto de Renda do senador \u201cseguiu rigorosamente a legisla\u00e7\u00e3o\u201d. \u201cO exame minucioso do Imposto de Renda do senador A\u00e9cio n\u00e3o aponta qualquer irregularidade. Ao contr\u00e1rio, a an\u00e1lise dos dados demonstra a corre\u00e7\u00e3o da sua conduta\u201d, diz o advogado.<\/p>\n<p style=\"text-align: justify;\">Ele acrescentou que os dados fiscais \u201csempre estiveram dispon\u00edveis para as autoridades judiciais e, junto a elas ser\u00e3o sanados quaisquer questionamentos, caso venham a existir\u201d.<\/p>\n<p style=\"text-align: justify;\">Para a defesa, a venda das cotas em 2016 \u201cpelo valor do mercado demonstra o zelo do senador, uma vez que o levou ao pagamento de impostos muito mais altos\u201d.<\/p>\n<p style=\"text-align: justify;\">Segundo a defesa, pesquisa Ibope indicou que a r\u00e1dio foi a quinta mais ouvida na Grande BH de novembro de 2017 a janeiro de 2018.<\/p>\n<p style=\"text-align: justify;\"><em>Fonte: Boc\u00e3o News<\/em><\/p>\n","protected":false},"excerpt":{"rendered":"<p>Documentos da Receita Federal revelam que o patrim\u00f4nio declarado do senador A\u00e9cio Neves (PSDB-MG) triplicou ap\u00f3s a elei\u00e7\u00e3o de 2014, quando foi derrotado por Dilma Rousseff (PT). O salto foi de R$ 2,5 milh\u00f5es em 2015 para R$ 8 milh\u00f5es em 2016.\u00a0<\/p>\n","protected":false},"author":2,"featured_media":5420,"comment_status":"closed","ping_status":"open","sticky":false,"template":"","format":"standard","meta":{"om_disable_all_campaigns":false,"_monsterinsights_skip_tracking":false,"_monsterinsights_sitenote_active":false,"_monsterinsights_sitenote_note":"","_monsterinsights_sitenote_category":0,"footnotes":""},"categories":[34,70,69,21],"tags":[767,236,93,381],"class_list":["post-5533","post","type-post","status-publish","format-standard","has-post-thumbnail","hentry","category-brasil","category-destaques","category-noticias2","category-politica","tag-767","tag-aecio-neves","tag-brasil","tag-eleicoes"],"aioseo_notices":[],"_links":{"self":[{"href":"https:\/\/www.portalalerta.com.br\/index.php\/wp-json\/wp\/v2\/posts\/5533","targetHints":{"allow":["GET"]}}],"collection":[{"href":"https:\/\/www.portalalerta.com.br\/index.php\/wp-json\/wp\/v2\/posts"}],"about":[{"href":"https:\/\/www.portalalerta.com.br\/index.php\/wp-json\/wp\/v2\/types\/post"}],"author":[{"embeddable":true,"href":"https:\/\/www.portalalerta.com.br\/index.php\/wp-json\/wp\/v2\/users\/2"}],"replies":[{"embeddable":true,"href":"https:\/\/www.portalalerta.com.br\/index.php\/wp-json\/wp\/v2\/comments?post=5533"}],"version-history":[{"count":0,"href":"https:\/\/www.portalalerta.com.br\/index.php\/wp-json\/wp\/v2\/posts\/5533\/revisions"}],"wp:featuredmedia":[{"embeddable":true,"href":"https:\/\/www.portalalerta.com.br\/index.php\/wp-json\/wp\/v2\/media\/5420"}],"wp:attachment":[{"href":"https:\/\/www.portalalerta.com.br\/index.php\/wp-json\/wp\/v2\/media?parent=5533"}],"wp:term":[{"taxonomy":"category","embeddable":true,"href":"https:\/\/www.portalalerta.com.br\/index.php\/wp-json\/wp\/v2\/categories?post=5533"},{"taxonomy":"post_tag","embeddable":true,"href":"https:\/\/www.portalalerta.com.br\/index.php\/wp-json\/wp\/v2\/tags?post=5533"}],"curies":[{"name":"wp","href":"https:\/\/api.w.org\/{rel}","templated":true}]}}