{"id":55343,"date":"2024-03-24T18:51:23","date_gmt":"2024-03-24T21:51:23","guid":{"rendered":"https:\/\/www.portalalerta.com.br\/?p=55343"},"modified":"2024-03-24T18:51:24","modified_gmt":"2024-03-24T21:51:24","slug":"prefeito-de-ribeira-do-pombal-ba-oficializa-pre-candidatura-a-reeleicao","status":"publish","type":"post","link":"https:\/\/www.portalalerta.com.br\/index.php\/2024\/03\/24\/prefeito-de-ribeira-do-pombal-ba-oficializa-pre-candidatura-a-reeleicao\/","title":{"rendered":"Prefeito de Ribeira do Pombal-BA oficializa pr\u00e9-candidatura \u00e0 reelei\u00e7\u00e3o"},"content":{"rendered":"\n<p>Conforme anunciado, no \u00faltimo s\u00e1bado (23), no Hotel A Kascata, aconteceu o lan\u00e7amento das pr\u00e9-candidaturas a prefeitura de Eriksson Silva e Nathan Brito, que buscam a reelei\u00e7\u00e3o. Presen\u00e7a dos Deputados Ricardo Maia, Rog\u00e9rio Andrade, Osni Cardoso e Marcelinho Veigas, e de todos os pr\u00e9-candidatos a vereadores do grupo da situa\u00e7\u00e3o pombalense. O Hotel a kASCATA ficou lotado.<\/p>\n\n\n\n<!--more-->\n\n\n<div class=\"wp-block-image\">\n<figure class=\"alignleft size-full\"><img fetchpriority=\"high\" decoding=\"async\" width=\"372\" height=\"786\" src=\"https:\/\/www.portalalerta.com.br\/wp-content\/uploads\/2024\/03\/Real-10x-100-juros-2024.jpg\" alt=\"\" class=\"wp-image-55190\" srcset=\"https:\/\/www.portalalerta.com.br\/wp-content\/uploads\/2024\/03\/Real-10x-100-juros-2024.jpg 372w, https:\/\/www.portalalerta.com.br\/wp-content\/uploads\/2024\/03\/Real-10x-100-juros-2024-114x240.jpg 114w\" sizes=\"(max-width: 372px) 100vw, 372px\" \/><\/figure><\/div>\n\n\n<p><strong><em>&#8220;Gratid\u00e3o, Ribeira do Pombal! Um evento que ficou marcado em meu cora\u00e7\u00e3o. O in\u00edcio de mais uma caminhada importante para continuar o desenvolvimento e a transforma\u00e7\u00e3o por todo munic\u00edpio. Juntos fizemos muito e estamos prontos pra fazer bem mais. Vem com a gente&#8221;<\/em><\/strong> disse Eriksson Silva ap\u00f3s o evento. <\/p>\n\n\n\n<p><em>Fonte: Joilson Costa<\/em><\/p>\n","protected":false},"excerpt":{"rendered":"<p>Conforme anunciado, no \u00faltimo s\u00e1bado (23), no Hotel A Kascata, aconteceu o lan\u00e7amento das pr\u00e9-candidaturas a prefeitura de Eriksson Silva e Nathan Brito, que buscam a reelei\u00e7\u00e3o. Presen\u00e7a dos Deputados Ricardo Maia, Rog\u00e9rio Andrade, Osni Cardoso e Marcelinho Veigas, e de todos os pr\u00e9-candidatos a vereadores do grupo da situa\u00e7\u00e3o pombalense. O Hotel a kASCATA &hellip;<\/p>\n","protected":false},"author":2,"featured_media":55344,"comment_status":"open","ping_status":"open","sticky":false,"template":"","format":"standard","meta":{"om_disable_all_campaigns":false,"_monsterinsights_skip_tracking":false,"_monsterinsights_sitenote_active":false,"_monsterinsights_sitenote_note":"","_monsterinsights_sitenote_category":0,"footnotes":""},"categories":[70,69,21,32,3],"tags":[],"class_list":["post-55343","post","type-post","status-publish","format-standard","has-post-thumbnail","hentry","category-destaques","category-noticias2","category-politica","category-regiao","category-ribeira-do-pombal"],"aioseo_notices":[],"_links":{"self":[{"href":"https:\/\/www.portalalerta.com.br\/index.php\/wp-json\/wp\/v2\/posts\/55343","targetHints":{"allow":["GET"]}}],"collection":[{"href":"https:\/\/www.portalalerta.com.br\/index.php\/wp-json\/wp\/v2\/posts"}],"about":[{"href":"https:\/\/www.portalalerta.com.br\/index.php\/wp-json\/wp\/v2\/types\/post"}],"author":[{"embeddable":true,"href":"https:\/\/www.portalalerta.com.br\/index.php\/wp-json\/wp\/v2\/users\/2"}],"replies":[{"embeddable":true,"href":"https:\/\/www.portalalerta.com.br\/index.php\/wp-json\/wp\/v2\/comments?post=55343"}],"version-history":[{"count":1,"href":"https:\/\/www.portalalerta.com.br\/index.php\/wp-json\/wp\/v2\/posts\/55343\/revisions"}],"predecessor-version":[{"id":55345,"href":"https:\/\/www.portalalerta.com.br\/index.php\/wp-json\/wp\/v2\/posts\/55343\/revisions\/55345"}],"wp:featuredmedia":[{"embeddable":true,"href":"https:\/\/www.portalalerta.com.br\/index.php\/wp-json\/wp\/v2\/media\/55344"}],"wp:attachment":[{"href":"https:\/\/www.portalalerta.com.br\/index.php\/wp-json\/wp\/v2\/media?parent=55343"}],"wp:term":[{"taxonomy":"category","embeddable":true,"href":"https:\/\/www.portalalerta.com.br\/index.php\/wp-json\/wp\/v2\/categories?post=55343"},{"taxonomy":"post_tag","embeddable":true,"href":"https:\/\/www.portalalerta.com.br\/index.php\/wp-json\/wp\/v2\/tags?post=55343"}],"curies":[{"name":"wp","href":"https:\/\/api.w.org\/{rel}","templated":true}]}}