{"id":55357,"date":"2024-03-25T09:03:00","date_gmt":"2024-03-25T12:03:00","guid":{"rendered":"https:\/\/www.portalalerta.com.br\/?p=55357"},"modified":"2024-03-25T03:13:22","modified_gmt":"2024-03-25T06:13:22","slug":"policia-federal-prende-tres-suspeitos-do-assassinato-de-marielle-franco","status":"publish","type":"post","link":"https:\/\/www.portalalerta.com.br\/index.php\/2024\/03\/25\/policia-federal-prende-tres-suspeitos-do-assassinato-de-marielle-franco\/","title":{"rendered":"Pol\u00edcia Federal prende tr\u00eas suspeitos do assassinato de Marielle Franco"},"content":{"rendered":"\n<p>Opera\u00e7\u00e3o cumpre tr\u00eas mandados de pris\u00e3o e 12 de busca e apreens\u00e3o, todos no Rio de Janeiro<\/p>\n\n\n\n<!--more-->\n\n\n\n<p>A Pol\u00edcia Federal (PF) realiza na manh\u00e3 deste domingo (24) uma opera\u00e7\u00e3o contra os suspeitos de serem os mandantes do assassinato da vereadora Marielle Franco e do motorista Anderson Gomes. Ao todo, s\u00e3o tr\u00eas mandados de pris\u00e3o cumpridos, al\u00e9m de 12 de busca e apreens\u00e3o, todos no Rio de Janeiro.<\/p>\n\n\n\n<p>Segundo fontes, entre os presos est\u00e3o os irm\u00e3os&nbsp;<strong>Domingos Braz\u00e3o<\/strong>, atual conselheiro do Tribunal de Contas do Estado,&nbsp;<strong>Chiquinho Braz\u00e3o<\/strong>, deputado federal do Rio de Janeiro, e<strong>&nbsp;Rivaldo Barbosa<\/strong>, ex-chefe de Pol\u00edcia Civil do Rio.<\/p>\n\n\n<div class=\"wp-block-image\">\n<figure class=\"alignleft size-full\"><img fetchpriority=\"high\" decoding=\"async\" width=\"372\" height=\"786\" src=\"https:\/\/www.portalalerta.com.br\/wp-content\/uploads\/2024\/03\/Real-10x-100-juros-2024.jpg\" alt=\"\" class=\"wp-image-55190\" srcset=\"https:\/\/www.portalalerta.com.br\/wp-content\/uploads\/2024\/03\/Real-10x-100-juros-2024.jpg 372w, https:\/\/www.portalalerta.com.br\/wp-content\/uploads\/2024\/03\/Real-10x-100-juros-2024-114x240.jpg 114w\" sizes=\"(max-width: 372px) 100vw, 372px\" \/><\/figure><\/div>\n\n\n<p>A a\u00e7\u00e3o foi autorizada pelo ministro Alexandre de Moraes, do Supremo Tribunal Federal. Uma opera\u00e7\u00e3o conjunta formada pela Pol\u00edcia Federal, Procuradoria Geral da Rep\u00fablica e Minist\u00e9rio P\u00fablico do Rio de Janeiro cumpriu as pris\u00f5es, neste domingo.<\/p>\n\n\n\n<p>A opera\u00e7\u00e3o recebeu o nome de Opera\u00e7\u00e3o Murder, que significa \u201cassassinato\u201d. Os investigadores explicaram \u00e0 CNN que Murder Inc. foi uma associa\u00e7\u00e3o de crime organizado que agiu como bra\u00e7o armado de execu\u00e7\u00f5es a servi\u00e7o das m\u00e1fias de Nova York nos anos 1930.<\/p>\n\n\n\n<p>A investiga\u00e7\u00e3o entende que o caso Marielle foi de execu\u00e7\u00e3o, devido ao trabalho da parlamentar. O motorista Anderson Gomes tamb\u00e9m morreu no epis\u00f3dio, ocorrido em mar\u00e7o de 2018.<\/p>\n\n\n\n<p>De acordo com informa\u00e7\u00e3o divulgada pela PF, foram presos os \u201cautores intelectuais dos crimes de homic\u00eddio\u201d. O nome dos mandantes foi revelado pelo ex-policial Ronie Lessa, em acordo de dela\u00e7\u00e3o premiada. Como Chiquinho Braz\u00e3o \u00e9 deputado federal, possui foro privilegiado e, por isso, o caso foi parar na Suprema Corte.<\/p>\n\n\n\n<p>A pol\u00edcia ainda est\u00e1 nas ruas para cumprir mandados de busca e apreens\u00e3o na sede da Pol\u00edcia Civil do Rio e no Tribunal de Contas do Estado.<\/p>\n\n\n\n<p>Durante chegada \u00e0 sede da PF na cidade do Rio de Janeiro, a defesa dos suspeitos falou com a imprensa.<\/p>\n\n\n\n<p>\u00c0 jornalistas, o advogado Ubiratan Guedes, que representa a defesa de Domingos Braz\u00e3o, afirmou ter \u201ccerteza absoluta que improcede essa imputa\u00e7\u00e3o. Ele n\u00e3o conhecia a Marielle, n\u00e3o tinha nenhuma liga\u00e7\u00e3o com a Marielle, e agora cabe \u00e0 defesa provar isso. Tenho certeza absoluta que ele \u00e9 inocente\u201d.<\/p>\n\n\n\n<p>J\u00e1 o advogado do Sindicato da Pol\u00edcia Civil (Sindpol) e da Associa\u00e7\u00e3o da Pol\u00edcia Civil do RJ (Adepol), Alexandre Dumans, disse \u00e0\u00a0<strong>CNN\u00a0<\/strong>que a associa\u00e7\u00e3o vai acompanhar o delegado Rivaldo Barbosa,\u00a0mas que ainda n\u00e3o conseguiu entrar em contato com ele.<\/p>\n\n\n\n<p>\u201cAdvogamos para todos os delegados\u201d, afirmou Dumans, ao refor\u00e7ar que as associa\u00e7\u00f5es receberam a not\u00edcia da pris\u00e3o do ex-chefe da pol\u00edcia civil do RJ com \u201csurpresa\u201d.<\/p>\n\n\n\n<p><em>Fonte: CNN<\/em><\/p>\n","protected":false},"excerpt":{"rendered":"<p>Opera\u00e7\u00e3o cumpre tr\u00eas mandados de pris\u00e3o e 12 de busca e apreens\u00e3o, todos no Rio de Janeiro<\/p>\n","protected":false},"author":2,"featured_media":55358,"comment_status":"open","ping_status":"open","sticky":false,"template":"","format":"standard","meta":{"om_disable_all_campaigns":false,"_monsterinsights_skip_tracking":false,"_monsterinsights_sitenote_active":false,"_monsterinsights_sitenote_note":"","_monsterinsights_sitenote_category":0,"footnotes":""},"categories":[34,70,69,21,22],"tags":[100,5923,71,48,93,75,4178,4180,129,107,4181,2157,206,132,230,5470,822,106,203,120,51,110,109,88,47,300,111,190],"class_list":["post-55357","post","type-post","status-publish","format-standard","has-post-thumbnail","hentry","category-brasil","category-destaques","category-noticias2","category-politica","category-seguranca","tag-adustina","tag-anderson-gomes","tag-antas","tag-araci","tag-brasil","tag-cicero-dantas","tag-cipo-2","tag-crisopolis-2","tag-euclides-da-cunha","tag-fatima","tag-heliopolis-2","tag-homicidas","tag-homicidio","tag-itapicuru","tag-jeremoabo","tag-mandantes","tag-marielle-franco","tag-nova-soure","tag-novo-triunfo","tag-olindina","tag-paripiranga","tag-presos","tag-quijingue","tag-ribeira-do-amparo","tag-ribeira-do-pombal","tag-rio-de-janeiro","tag-sitio-do-quinto","tag-tucano"],"aioseo_notices":[],"_links":{"self":[{"href":"https:\/\/www.portalalerta.com.br\/index.php\/wp-json\/wp\/v2\/posts\/55357","targetHints":{"allow":["GET"]}}],"collection":[{"href":"https:\/\/www.portalalerta.com.br\/index.php\/wp-json\/wp\/v2\/posts"}],"about":[{"href":"https:\/\/www.portalalerta.com.br\/index.php\/wp-json\/wp\/v2\/types\/post"}],"author":[{"embeddable":true,"href":"https:\/\/www.portalalerta.com.br\/index.php\/wp-json\/wp\/v2\/users\/2"}],"replies":[{"embeddable":true,"href":"https:\/\/www.portalalerta.com.br\/index.php\/wp-json\/wp\/v2\/comments?post=55357"}],"version-history":[{"count":1,"href":"https:\/\/www.portalalerta.com.br\/index.php\/wp-json\/wp\/v2\/posts\/55357\/revisions"}],"predecessor-version":[{"id":55359,"href":"https:\/\/www.portalalerta.com.br\/index.php\/wp-json\/wp\/v2\/posts\/55357\/revisions\/55359"}],"wp:featuredmedia":[{"embeddable":true,"href":"https:\/\/www.portalalerta.com.br\/index.php\/wp-json\/wp\/v2\/media\/55358"}],"wp:attachment":[{"href":"https:\/\/www.portalalerta.com.br\/index.php\/wp-json\/wp\/v2\/media?parent=55357"}],"wp:term":[{"taxonomy":"category","embeddable":true,"href":"https:\/\/www.portalalerta.com.br\/index.php\/wp-json\/wp\/v2\/categories?post=55357"},{"taxonomy":"post_tag","embeddable":true,"href":"https:\/\/www.portalalerta.com.br\/index.php\/wp-json\/wp\/v2\/tags?post=55357"}],"curies":[{"name":"wp","href":"https:\/\/api.w.org\/{rel}","templated":true}]}}