{"id":55361,"date":"2024-03-26T05:46:14","date_gmt":"2024-03-26T08:46:14","guid":{"rendered":"https:\/\/www.portalalerta.com.br\/?p=55361"},"modified":"2024-03-26T05:46:15","modified_gmt":"2024-03-26T08:46:15","slug":"trabalhos-foram-dados-como-encerrados-diz-lewandowski-sobre-caso-marielle-apos-prisao-de-supostos-mandantes","status":"publish","type":"post","link":"https:\/\/www.portalalerta.com.br\/index.php\/2024\/03\/26\/trabalhos-foram-dados-como-encerrados-diz-lewandowski-sobre-caso-marielle-apos-prisao-de-supostos-mandantes\/","title":{"rendered":"&#8220;Trabalhos foram dados como encerrados&#8221;, diz Lewandowski sobre caso Marielle ap\u00f3s pris\u00e3o de supostos mandantes"},"content":{"rendered":"\n<p>A declara\u00e7\u00e3o foi feita pelo ministro da Justi\u00e7a neste domingo (24)<\/p>\n\n\n\n<!--more-->\n\n\n\n<p>O ministro da Justi\u00e7a, Ricardo Lewandowski, afirmou que, ap\u00f3s a pris\u00e3o dos supostos mandantes do assassinato da vereadora Marielle Franco, os trabalhos da investiga\u00e7\u00e3o sobre o caso <strong><em>&#8220;foram dados como encerrados&#8221;<\/em><\/strong>. A declara\u00e7\u00e3o foi feito pelo chefe da pasta neste domingo (24), em coletiva de imprensa.<\/p>\n\n\n<div class=\"wp-block-image\">\n<figure class=\"alignleft size-full\"><img fetchpriority=\"high\" decoding=\"async\" width=\"400\" height=\"300\" src=\"https:\/\/www.portalalerta.com.br\/wp-content\/uploads\/2023\/01\/Auto-Escola-Sonho.jpg\" alt=\"\" class=\"wp-image-47083\" srcset=\"https:\/\/www.portalalerta.com.br\/wp-content\/uploads\/2023\/01\/Auto-Escola-Sonho.jpg 400w, https:\/\/www.portalalerta.com.br\/wp-content\/uploads\/2023\/01\/Auto-Escola-Sonho-320x240.jpg 320w\" sizes=\"(max-width: 400px) 100vw, 400px\" \/><\/figure><\/div>\n\n\n<p>Os suspeitos de encomendar a morte de Marielle, que tamb\u00e9m resultou no assassinato do motorista Anderson Gomes, s\u00e3o: deputado Chiquinho Braz\u00e3o (Uni\u00e3o Brasil); Domingos Braz\u00e3o, conselheiro do Tribunal de Contas do Rio e irm\u00e3o de Chiquinho; e Rivaldo Barbosa, ex-chefe da Pol\u00edcia Civil do Rio.<\/p>\n\n\n\n<p>Lewandowski classificou o encerramento das atividades&nbsp;como uma <strong><em>&#8220;vit\u00f3ria do Estado brasileiro&#8221;<\/em><\/strong> e acrescentou que, caso novas informa\u00e7\u00f5es apare\u00e7am, <strong><em>&#8220;levar\u00e3o eventualmente a um relat\u00f3rio complementar da Pol\u00edcia Civil&#8221;<\/em><\/strong>.<\/p>\n\n\n\n<p><strong><em>&#8220;Este momento \u00e9 extremamente significativo, \u00e9 uma vit\u00f3ria do Estado brasileiro, das nossas for\u00e7as de seguran\u00e7a do pa\u00eds com rela\u00e7\u00e3o ao combate ao crime organizado&#8221;<\/em><\/strong>, iniciou o ministro.<\/p>\n\n\n\n<p><strong><em>&#8220;Alguns integrantes dessa pol\u00edcia [Civil do&nbsp;Rio de janeiro] logravam obstruir o avan\u00e7o das investiga\u00e7\u00f5es. Isso mostra que o crime organizado n\u00e3o ter\u00e1 sucesso em nosso pa\u00eds, pois temos pol\u00edcia forte, efetiva, e as for\u00e7as de seguran\u00e7a no Brasil est\u00e3o alertas, atentas e est\u00e3o preparadas para enfrentar o crime organizado&#8221;<\/em><\/strong>, acrescentou.<\/p>\n\n\n\n<p><em>Fonte: Metro1<\/em><\/p>\n","protected":false},"excerpt":{"rendered":"<p>A declara\u00e7\u00e3o foi feita pelo ministro da Justi\u00e7a neste domingo (24)<\/p>\n","protected":false},"author":2,"featured_media":55362,"comment_status":"open","ping_status":"open","sticky":false,"template":"","format":"standard","meta":{"om_disable_all_campaigns":false,"_monsterinsights_skip_tracking":false,"_monsterinsights_sitenote_active":false,"_monsterinsights_sitenote_note":"","_monsterinsights_sitenote_category":0,"footnotes":""},"categories":[34,70,69,21,22],"tags":[100,71,48,93,6785,75,4178,4180,129,107,4181,206,132,230,822,1774,106,203,120,51,109,88,47,2843,111,190],"class_list":["post-55361","post","type-post","status-publish","format-standard","has-post-thumbnail","hentry","category-brasil","category-destaques","category-noticias2","category-politica","category-seguranca","tag-adustina","tag-antas","tag-araci","tag-brasil","tag-caso-encerrado","tag-cicero-dantas","tag-cipo-2","tag-crisopolis-2","tag-euclides-da-cunha","tag-fatima","tag-heliopolis-2","tag-homicidio","tag-itapicuru","tag-jeremoabo","tag-marielle-franco","tag-ministro-da-justica","tag-nova-soure","tag-novo-triunfo","tag-olindina","tag-paripiranga","tag-quijingue","tag-ribeira-do-amparo","tag-ribeira-do-pombal","tag-ricardo-lewandowski","tag-sitio-do-quinto","tag-tucano"],"aioseo_notices":[],"_links":{"self":[{"href":"https:\/\/www.portalalerta.com.br\/index.php\/wp-json\/wp\/v2\/posts\/55361","targetHints":{"allow":["GET"]}}],"collection":[{"href":"https:\/\/www.portalalerta.com.br\/index.php\/wp-json\/wp\/v2\/posts"}],"about":[{"href":"https:\/\/www.portalalerta.com.br\/index.php\/wp-json\/wp\/v2\/types\/post"}],"author":[{"embeddable":true,"href":"https:\/\/www.portalalerta.com.br\/index.php\/wp-json\/wp\/v2\/users\/2"}],"replies":[{"embeddable":true,"href":"https:\/\/www.portalalerta.com.br\/index.php\/wp-json\/wp\/v2\/comments?post=55361"}],"version-history":[{"count":1,"href":"https:\/\/www.portalalerta.com.br\/index.php\/wp-json\/wp\/v2\/posts\/55361\/revisions"}],"predecessor-version":[{"id":55363,"href":"https:\/\/www.portalalerta.com.br\/index.php\/wp-json\/wp\/v2\/posts\/55361\/revisions\/55363"}],"wp:featuredmedia":[{"embeddable":true,"href":"https:\/\/www.portalalerta.com.br\/index.php\/wp-json\/wp\/v2\/media\/55362"}],"wp:attachment":[{"href":"https:\/\/www.portalalerta.com.br\/index.php\/wp-json\/wp\/v2\/media?parent=55361"}],"wp:term":[{"taxonomy":"category","embeddable":true,"href":"https:\/\/www.portalalerta.com.br\/index.php\/wp-json\/wp\/v2\/categories?post=55361"},{"taxonomy":"post_tag","embeddable":true,"href":"https:\/\/www.portalalerta.com.br\/index.php\/wp-json\/wp\/v2\/tags?post=55361"}],"curies":[{"name":"wp","href":"https:\/\/api.w.org\/{rel}","templated":true}]}}