{"id":55366,"date":"2024-03-26T05:59:26","date_gmt":"2024-03-26T08:59:26","guid":{"rendered":"https:\/\/www.portalalerta.com.br\/?p=55366"},"modified":"2024-03-26T05:59:27","modified_gmt":"2024-03-26T08:59:27","slug":"daniel-alves-deixa-prisao-em-barcelona-apos-14-meses","status":"publish","type":"post","link":"https:\/\/www.portalalerta.com.br\/index.php\/2024\/03\/26\/daniel-alves-deixa-prisao-em-barcelona-apos-14-meses\/","title":{"rendered":"Daniel Alves deixa pris\u00e3o em Barcelona ap\u00f3s 14 meses"},"content":{"rendered":"\n<p><strong>Condenado por estupro, brasileiro paga fian\u00e7a de 1 milh\u00e3o de euros e aguardar\u00e1 em liberdade provis\u00f3ria enquanto recursos da senten\u00e7a s\u00e3o analisados pela Justi\u00e7a espanhola<\/strong><\/p>\n\n\n\n<!--more-->\n\n\n\n<p>Daniel Alves deixou o Centro Penitenci\u00e1rio Brians 2 no fim da manh\u00e3 desta segunda-feira. Ap\u00f3s\u00a0pagar a fian\u00e7a de 1 milh\u00e3o de euros (R$ 5,4 milh\u00f5es), o brasileiro foi solto e aguardar\u00e1 em liberdade provis\u00f3ria enquanto recursos da senten\u00e7a s\u00e3o analisados. A soltura aconteceu cinco dias ap\u00f3s\u00a0a Justi\u00e7a espanhola aceitar o pedido de liberdade provis\u00f3ria\u00a0feito pela defesa do jogador.<\/p>\n\n\n\n<p>Condenado a quatro anos e meio de pris\u00e3o por estupro, o lateral passou 14 meses em pris\u00e3o preventiva e foi liberado por volta das 12h25 (de Bras\u00edlia) desta segunda. Ele saiu acompanhado de sua advogada, In\u00e9s Guardiola. Bruno Brasil, amigo que acompanhava o jogador na noite do estupro, tamb\u00e9m esteve presente.<\/p>\n\n\n\n<p>Funcion\u00e1rios de pris\u00f5es da Catalunha faziam protestos no momento da sa\u00edda de Alves, mas as manifesta\u00e7\u00f5es n\u00e3o est\u00e3o relacionadas com o caso do brasileiro. H\u00e1 duas semanas,\u00a0<strong>o sistema carcer\u00e1rio da regi\u00e3o vive uma crise<\/strong>\u00a0ap\u00f3s o assassinato da cozinheira Nuria L\u00f3pez, por um detento na pris\u00e3o de Mas d\u2019Enric, em Tarragona.<\/p>\n\n\n\n<p><strong>Condi\u00e7\u00f5es para liberdade provis\u00f3ria<\/strong><\/p>\n\n\n\n<p>Para evitar uma poss\u00edvel fuga, a justi\u00e7a determinou que todos os passaportes do jogador sejam entregues. Al\u00e9m disso, ele ter\u00e1 de cumprir um afastamento de 1km e incomunicabilidade com a v\u00edtima, n\u00e3o poder\u00e1 deixar a Espanha e ter\u00e1 de se apresentar ao tribunal semanalmente.<\/p>\n\n\n<div class=\"wp-block-image\">\n<figure class=\"alignleft size-full\"><img fetchpriority=\"high\" decoding=\"async\" width=\"372\" height=\"786\" src=\"https:\/\/www.portalalerta.com.br\/wp-content\/uploads\/2024\/03\/Real-10x-100-juros-2024.jpg\" alt=\"\" class=\"wp-image-55190\" srcset=\"https:\/\/www.portalalerta.com.br\/wp-content\/uploads\/2024\/03\/Real-10x-100-juros-2024.jpg 372w, https:\/\/www.portalalerta.com.br\/wp-content\/uploads\/2024\/03\/Real-10x-100-juros-2024-114x240.jpg 114w\" sizes=\"(max-width: 372px) 100vw, 372px\" \/><\/figure><\/div>\n\n\n<p>Daniel Alves teve o pedido de liberdade provis\u00f3ria aceito por maioria de votos, na 21\u00aa Se\u00e7\u00e3o do Tribunal de Justi\u00e7a de Barcelona, depois de cinco negados.<\/p>\n\n\n\n<p>A 21\u00aa Se\u00e7\u00e3o do Tribunal de Justi\u00e7a de Barcelona considerou que, com os recursos apresentados por todas as partes, h\u00e1 possibilidade de o processo se estender al\u00e9m da metade da pena de pris\u00e3o efetiva (dois anos e tr\u00eas meses) ou do tempo m\u00e1ximo para pris\u00e3o preventiva na Espanha (dois anos). Tamb\u00e9m explicou que a pris\u00e3o preventiva exige ser &#8220;objetivamente necess\u00e1ria&#8221; e que &#8220;ou n\u00e3o existam outras medidas menos onerosas que possam ser adotadas ou dure o tempo m\u00ednimo imprescind\u00edvel&#8221; para todo o processo.<\/p>\n\n\n\n<p>Daniel Alves demorou cinco dias para levantar a quantia. Ap\u00f3s a transfer\u00eancia do valor para a conta do tribunal, foi dada a instru\u00e7\u00e3o \u00e0 administra\u00e7\u00e3o penitenci\u00e1ria para fazer sua libera\u00e7\u00e3o. O jogador explorou diversas op\u00e7\u00f5es para efetuar o pagamento o mais r\u00e1pido poss\u00edvel.<\/p>\n\n\n\n<p>De acordo com o jornal catal\u00e3o &#8220;La Vanguardia&#8221;,\u00a0a defesa de Daniel Alves buscou um empr\u00e9stimo banc\u00e1rio para tir\u00e1-lo da cadeia. Um banco n\u00e3o revelado teria se comprometido com a equipe, enquanto outros se negaram por quest\u00e3o de reputa\u00e7\u00e3o.<\/p>\n\n\n\n<p>Em um primeiro momento, segundo o di\u00e1rio,\u00a0o respons\u00e1vel pelo pagamento da fian\u00e7a seria o pai de Neymar, Neymar da Silva Santos. O empres\u00e1rio, no entanto,\u00a0negou o envolvimento. Familiares e amigos do jogador teriam corrido para juntar o dinheiro, segundo o jornal catal\u00e3o &#8220;El Peri\u00f3dico&#8221;.<\/p>\n\n\n\n<p><strong>Por que Daniel Alves demorou para pagar a fian\u00e7a?<\/strong><\/p>\n\n\n\n<p>Com um patrim\u00f4nio avaliado em cerca de 60 milh\u00f5es de euros (R$ 324 milh\u00f5es), o jogador est\u00e1\u00a0<strong>impedido de movimentar parte do seu dinheiro<\/strong>\u00a0que possui devido a uma disputa judicial no Brasil com a ex-esposa, Dinorah Santana. O processo \u00e9 referente \u00e0 pens\u00e3o aliment\u00edcia dos dois filhos que t\u00eam.<\/p>\n\n\n\n<p>Ele tamb\u00e9m teve o bloqueio de valores na Espanha desde a acusa\u00e7\u00e3o de estupro. A 21\u00aa Se\u00e7\u00e3o do Tribunal de Justi\u00e7a de Barcelona aceitou o pedido de liberdade provis\u00f3ria feito pela defesa de Alves, com a condi\u00e7\u00e3o de pagamento de fian\u00e7a.<\/p>\n\n\n\n<p>Durante o julgamento, In\u00e9s Guardiola, advogada do jogador, afirmou que o brasileiro tinha uma d\u00edvida de 500 mil euros (R$ 2,7 milh\u00f5es) com o Minist\u00e9rio da Fazenda espanhol e duas contas no pa\u00eds, sendo uma com 50 mil euros (R$ 272 mil) e outra com saldo negativo de 20 mil euros (R$ 109 mil).<\/p>\n\n\n\n<p>H\u00e1 ainda uma possibilidade de que o\u00a0Fisco Espanhol deposite um ressarcimento de 1,2 milh\u00e3o de euros\u00a0(aproximadamente R$ 6,45 milh\u00f5es) para o jogador por conta de uma a\u00e7\u00e3o que ele abriu contra o \u00f3rg\u00e3o do pa\u00eds por discordar da tributa\u00e7\u00e3o dos valores cobrados pelos servi\u00e7os de intermedia\u00e7\u00e3o do agente Joaqu\u00edn Macan\u00e1s, na altura da renova\u00e7\u00e3o de contrato com o Barcelona entre 2013 e 2014. At\u00e9 o momento, o dep\u00f3sito n\u00e3o foi feito.<\/p>\n\n\n\n<p><strong>Risco de fuga<\/strong><\/p>\n\n\n\n<p>O \u00fanico voto contr\u00e1rio \u00e0 liberdade provis\u00f3ria foi de Luis Belest\u00e1. Para o magistrado, a pris\u00e3o preventiva de Daniel Alves deveria continuar at\u00e9 metade da pena (dois anos e tr\u00eas meses) porque &#8220;os argumentos que levaram \u00e0 pris\u00e3o preventiva n\u00e3o s\u00f3 foram confirmados mas tamb\u00e9m refor\u00e7ados&#8221;.<\/p>\n\n\n\n<p>Belest\u00e1 lembrou que &#8220;em tr\u00eas ocasi\u00f5es este tribunal considerou que havia risco de fuga, a \u00faltima em novembro de 2023, e as circunst\u00e2ncias n\u00e3o s\u00f3 se mant\u00eam atualmente mas tamb\u00e9m foram incrementadas com a senten\u00e7a e a possibilidade de a pena ser aumentada por recurso&#8221;. E salientou que &#8220;todas as se\u00e7\u00f5es do tribunal ratificaram decis\u00f5es de prorrogar a pris\u00e3o preventiva para evitar risco de fuga, inclusive de penas inferiores \u00e0 imposta ao Sr. Alves&#8221;.<\/p>\n\n\n\n<p>+ Advogada cita risco de Daniel Alves fugir sem passaporte; v\u00edtima sente que &#8220;esfor\u00e7o serviu para nada&#8221;<\/p>\n\n\n\n<p>Em audi\u00eancia na v\u00e9spera da decis\u00e3o, citando Barcelona como seu local de resid\u00eancia,\u00a0Daniel Alves garantiu: &#8220;N\u00e3o vou fugir, confio na Justi\u00e7a e estarei sempre \u00e0 sua disposi\u00e7\u00e3o&#8221;, segundo jornais espanh\u00f3is. A sess\u00e3o foi realizada a portas fechadas, e o jogador se pronunciou por videoconfer\u00eancia &#8211;\u00a0o pedido de liberdade provis\u00f3ria havia sido feito em meio a uma crise no sistema penitenci\u00e1rio na Catalunha.<\/p>\n\n\n\n<p><strong>Recursos podem alongar processo<\/strong><\/p>\n\n\n\n<p>A expectativa \u00e9 que os recursos na sala de apela\u00e7\u00e3o do Tribunal Superior de Justi\u00e7a da Catalunha sejam deliberados nos pr\u00f3ximos meses. Todas as partes recorreram da senten\u00e7a: a defesa de Daniel Alves pede absolvi\u00e7\u00e3o; o Minist\u00e9rio P\u00fablico e os advogados da v\u00edtima demandam pena m\u00e1xima, de 12 anos. O caso ainda pode ser levado at\u00e9 o Tribunal Supremo, \u00f3rg\u00e3o jur\u00eddico de \u00faltima inst\u00e2ncia na Espanha.<\/p>\n\n\n\n<p>Como a pena de pris\u00e3o imposta foi baixa, a defesa do jogador acredita que os argumentos caiam. Antes do julgamento, a parte denunciante pedia san\u00e7\u00e3o m\u00e1xima, e o Minist\u00e9rio P\u00fablico prop\u00f4s nove anos de c\u00e1rcere.<\/p>\n\n\n\n<p>Daniel Alves foi acusado de agredir sexualmente uma mulher de 23 anos no banheiro de uma boate de Barcelona, no dia 30 de dezembro de 2022.\u00a0Ele foi detido no dia 20 de janeiro de 2023, quando compareceu para um depoimento, e mantido em pris\u00e3o preventiva, no Centro Penitenci\u00e1rio Brians 2. Duas semanas depois do\u00a0julgamento de tr\u00eas dias, em fevereiro de 2024, a 21\u00aa Se\u00e7\u00e3o do Tribunal de Justi\u00e7a de Barcelona anunciou\u00a0a senten\u00e7a de quatro anos e meio de pris\u00e3o mais cinco anos de liberdade vigiada.<\/p>\n\n\n\n<p><em>Fonte: Ge.globo<\/em><\/p>\n","protected":false},"excerpt":{"rendered":"<p>Condenado por estupro, brasileiro paga fian\u00e7a de 1 milh\u00e3o de euros e aguardar\u00e1 em liberdade provis\u00f3ria enquanto recursos da senten\u00e7a s\u00e3o analisados pela Justi\u00e7a espanhola<\/p>\n","protected":false},"author":2,"featured_media":55367,"comment_status":"open","ping_status":"open","sticky":false,"template":"","format":"standard","meta":{"om_disable_all_campaigns":false,"_monsterinsights_skip_tracking":false,"_monsterinsights_sitenote_active":false,"_monsterinsights_sitenote_note":"","_monsterinsights_sitenote_category":0,"footnotes":""},"categories":[34,70,35,69,22],"tags":[100,71,48,93,75,4178,4180,5864,899,56,129,107,4181,132,230,218,339,106,203,120,51,109,88,47,111,190],"class_list":["post-55366","post","type-post","status-publish","format-standard","has-post-thumbnail","hentry","category-brasil","category-destaques","category-mundo","category-noticias2","category-seguranca","tag-adustina","tag-antas","tag-araci","tag-brasil","tag-cicero-dantas","tag-cipo-2","tag-crisopolis-2","tag-daniel-alves","tag-espanha","tag-estupro","tag-euclides-da-cunha","tag-fatima","tag-heliopolis-2","tag-itapicuru","tag-jeremoabo","tag-liberdade","tag-mundo","tag-nova-soure","tag-novo-triunfo","tag-olindina","tag-paripiranga","tag-quijingue","tag-ribeira-do-amparo","tag-ribeira-do-pombal","tag-sitio-do-quinto","tag-tucano"],"aioseo_notices":[],"_links":{"self":[{"href":"https:\/\/www.portalalerta.com.br\/index.php\/wp-json\/wp\/v2\/posts\/55366","targetHints":{"allow":["GET"]}}],"collection":[{"href":"https:\/\/www.portalalerta.com.br\/index.php\/wp-json\/wp\/v2\/posts"}],"about":[{"href":"https:\/\/www.portalalerta.com.br\/index.php\/wp-json\/wp\/v2\/types\/post"}],"author":[{"embeddable":true,"href":"https:\/\/www.portalalerta.com.br\/index.php\/wp-json\/wp\/v2\/users\/2"}],"replies":[{"embeddable":true,"href":"https:\/\/www.portalalerta.com.br\/index.php\/wp-json\/wp\/v2\/comments?post=55366"}],"version-history":[{"count":1,"href":"https:\/\/www.portalalerta.com.br\/index.php\/wp-json\/wp\/v2\/posts\/55366\/revisions"}],"predecessor-version":[{"id":55368,"href":"https:\/\/www.portalalerta.com.br\/index.php\/wp-json\/wp\/v2\/posts\/55366\/revisions\/55368"}],"wp:featuredmedia":[{"embeddable":true,"href":"https:\/\/www.portalalerta.com.br\/index.php\/wp-json\/wp\/v2\/media\/55367"}],"wp:attachment":[{"href":"https:\/\/www.portalalerta.com.br\/index.php\/wp-json\/wp\/v2\/media?parent=55366"}],"wp:term":[{"taxonomy":"category","embeddable":true,"href":"https:\/\/www.portalalerta.com.br\/index.php\/wp-json\/wp\/v2\/categories?post=55366"},{"taxonomy":"post_tag","embeddable":true,"href":"https:\/\/www.portalalerta.com.br\/index.php\/wp-json\/wp\/v2\/tags?post=55366"}],"curies":[{"name":"wp","href":"https:\/\/api.w.org\/{rel}","templated":true}]}}