{"id":55387,"date":"2024-03-26T16:48:52","date_gmt":"2024-03-26T19:48:52","guid":{"rendered":"https:\/\/www.portalalerta.com.br\/?p=55387"},"modified":"2024-03-26T16:48:53","modified_gmt":"2024-03-26T19:48:53","slug":"dois-suspeitos-sao-presos-apos-morte-de-advogado-em-inhambupe-ba","status":"publish","type":"post","link":"https:\/\/www.portalalerta.com.br\/index.php\/2024\/03\/26\/dois-suspeitos-sao-presos-apos-morte-de-advogado-em-inhambupe-ba\/","title":{"rendered":"Dois suspeitos s\u00e3o presos ap\u00f3s morte de advogado em Inhambupe-BA"},"content":{"rendered":"\n<p>Dois homens foram detidos no domingo (24), sob suspeita de envolvimento no assassinato de\u00a0<a href=\"https:\/\/www.portalalerta.com.br\/index.php\/2024\/03\/25\/advogado-e-encontrado-morto-com-marcas-de-tiros-em-inhambupe-ba\/\" target=\"_blank\" rel=\"noopener\" title=\"\">Thiago Rocha Santana<\/a>, 30 anos,\u00a0advogado\u00a0e funcion\u00e1rio da Prefeitura de Inhambupe, Bahia. <\/p>\n\n\n\n<!--more-->\n\n\n\n<p>O corpo de Thiago foi localizado na manh\u00e3 do s\u00e1bado (23), apresentando marcas de tiros. A opera\u00e7\u00e3o de captura dos suspeitos foi conduzida pela\u00a0Pol\u00edcia Militar, especificamente por equipes do 4\u00b0 Batalh\u00e3o sediado em Alagoinhas, uma cidade vizinha. Os policiais utilizaram o sinal de GPS do celular da v\u00edtima para chegar ao Bairro Novo Inhambupe, onde colheram informa\u00e7\u00f5es que levaram at\u00e9 um dos envolvidos, encontrado no Povoado Saguim. Segundo a PM, esse indiv\u00edduo confessou o\u00a0assassinato\u00a0e indicou a participa\u00e7\u00e3o de outro homem, que foi preso posteriormente.<\/p>\n\n\n<div class=\"wp-block-image\">\n<figure class=\"alignleft size-full\"><img fetchpriority=\"high\" decoding=\"async\" width=\"372\" height=\"786\" src=\"https:\/\/www.portalalerta.com.br\/wp-content\/uploads\/2024\/03\/Real-10x-100-juros-2024.jpg\" alt=\"\" class=\"wp-image-55190\" srcset=\"https:\/\/www.portalalerta.com.br\/wp-content\/uploads\/2024\/03\/Real-10x-100-juros-2024.jpg 372w, https:\/\/www.portalalerta.com.br\/wp-content\/uploads\/2024\/03\/Real-10x-100-juros-2024-114x240.jpg 114w\" sizes=\"(max-width: 372px) 100vw, 372px\" \/><\/figure><\/div>\n\n\n<p>Ambos foram conduzidos \u00e0 delegacia territorial de Alagoinhas e est\u00e3o detidos por homic\u00eddio, aguardando decis\u00e3o judicial. Os detalhes sobre os detidos n\u00e3o foram publicados.<\/p>\n\n\n\n<p>A investiga\u00e7\u00e3o est\u00e1 a cargo da Delegacia Territorial de Inhambupe e da 2\u00aa Coordenadoria Regional de Pol\u00edcia do Interior (Coorpin), sob orienta\u00e7\u00e3o do delegado Rafael Almeida. A motiva\u00e7\u00e3o e as circunst\u00e2ncias do crime ainda est\u00e3o sendo apuradas, mas sabe-se que um dos detidos tinha rela\u00e7\u00e3o pr\u00f3xima com a v\u00edtima.<\/p>\n\n\n\n<p>Inicialmente, a hip\u00f3tese era de que Thiago tivesse morrido em um acidente de tr\u00e2nsito na BR-110, mas essa teoria foi descartada ap\u00f3s a descoberta de que a causa da morte foram disparos de\u00a0arma de fogo. O caso continua sob investiga\u00e7\u00e3o pela Pol\u00edcia Civil de Inhambupe.<\/p>\n\n\n\n<p>A Prefeitura de Inhambupe expressou pesar pelo falecimento de Thiago Rocha Santana, mencionando sua compet\u00eancia profissional e o impacto de sua perda para o \u00f3rg\u00e3o p\u00fablico.<\/p>\n\n\n\n<p><em>Fonte: Chico Sabe Tudo<\/em><\/p>\n","protected":false},"excerpt":{"rendered":"<p>Dois homens foram detidos no domingo (24), sob suspeita de envolvimento no assassinato de\u00a0Thiago Rocha Santana, 30 anos,\u00a0advogado\u00a0e funcion\u00e1rio da Prefeitura de Inhambupe, Bahia.<\/p>\n","protected":false},"author":2,"featured_media":55352,"comment_status":"open","ping_status":"open","sticky":false,"template":"","format":"standard","meta":{"om_disable_all_campaigns":false,"_monsterinsights_skip_tracking":false,"_monsterinsights_sitenote_active":false,"_monsterinsights_sitenote_note":"","_monsterinsights_sitenote_category":0,"footnotes":""},"categories":[33,70,69,22],"tags":[100,490,71,48,54,75,4178,4180,129,107,4181,2157,206,1513,132,230,106,203,120,51,110,109,88,47,111,190],"class_list":["post-55387","post","type-post","status-publish","format-standard","has-post-thumbnail","hentry","category-bahia","category-destaques","category-noticias2","category-seguranca","tag-adustina","tag-advogado","tag-antas","tag-araci","tag-bahia","tag-cicero-dantas","tag-cipo-2","tag-crisopolis-2","tag-euclides-da-cunha","tag-fatima","tag-heliopolis-2","tag-homicidas","tag-homicidio","tag-inhambupe","tag-itapicuru","tag-jeremoabo","tag-nova-soure","tag-novo-triunfo","tag-olindina","tag-paripiranga","tag-presos","tag-quijingue","tag-ribeira-do-amparo","tag-ribeira-do-pombal","tag-sitio-do-quinto","tag-tucano"],"aioseo_notices":[],"_links":{"self":[{"href":"https:\/\/www.portalalerta.com.br\/index.php\/wp-json\/wp\/v2\/posts\/55387","targetHints":{"allow":["GET"]}}],"collection":[{"href":"https:\/\/www.portalalerta.com.br\/index.php\/wp-json\/wp\/v2\/posts"}],"about":[{"href":"https:\/\/www.portalalerta.com.br\/index.php\/wp-json\/wp\/v2\/types\/post"}],"author":[{"embeddable":true,"href":"https:\/\/www.portalalerta.com.br\/index.php\/wp-json\/wp\/v2\/users\/2"}],"replies":[{"embeddable":true,"href":"https:\/\/www.portalalerta.com.br\/index.php\/wp-json\/wp\/v2\/comments?post=55387"}],"version-history":[{"count":1,"href":"https:\/\/www.portalalerta.com.br\/index.php\/wp-json\/wp\/v2\/posts\/55387\/revisions"}],"predecessor-version":[{"id":55388,"href":"https:\/\/www.portalalerta.com.br\/index.php\/wp-json\/wp\/v2\/posts\/55387\/revisions\/55388"}],"wp:featuredmedia":[{"embeddable":true,"href":"https:\/\/www.portalalerta.com.br\/index.php\/wp-json\/wp\/v2\/media\/55352"}],"wp:attachment":[{"href":"https:\/\/www.portalalerta.com.br\/index.php\/wp-json\/wp\/v2\/media?parent=55387"}],"wp:term":[{"taxonomy":"category","embeddable":true,"href":"https:\/\/www.portalalerta.com.br\/index.php\/wp-json\/wp\/v2\/categories?post=55387"},{"taxonomy":"post_tag","embeddable":true,"href":"https:\/\/www.portalalerta.com.br\/index.php\/wp-json\/wp\/v2\/tags?post=55387"}],"curies":[{"name":"wp","href":"https:\/\/api.w.org\/{rel}","templated":true}]}}