{"id":55393,"date":"2024-03-27T10:51:20","date_gmt":"2024-03-27T13:51:20","guid":{"rendered":"https:\/\/www.portalalerta.com.br\/?p=55393"},"modified":"2024-03-27T10:51:21","modified_gmt":"2024-03-27T13:51:21","slug":"homem-e-assassinado-a-tiro-em-euclides-da-cunha-ba","status":"publish","type":"post","link":"https:\/\/www.portalalerta.com.br\/index.php\/2024\/03\/27\/homem-e-assassinado-a-tiro-em-euclides-da-cunha-ba\/","title":{"rendered":"Homem \u00e9 assassinado \u00e0 tiro em Euclides da Cunha-BA"},"content":{"rendered":"\n<p>Disparos de uma arma de fogo feriram fatalmente um morador do conjunto habitacional do programa Minha Casa, Minha Vida, em Euclides da Cunha-BA. A morte foi registrada na noite da \u00faltima sexta-feira (22), na Unidade de Pronto Atendimento (UPA).<\/p>\n\n\n\n<!--more-->\n\n\n<div class=\"wp-block-image\">\n<figure class=\"alignleft size-full\"><img fetchpriority=\"high\" decoding=\"async\" width=\"372\" height=\"786\" src=\"https:\/\/www.portalalerta.com.br\/wp-content\/uploads\/2024\/03\/Real-10x-100-juros-2024.jpg\" alt=\"\" class=\"wp-image-55190\" srcset=\"https:\/\/www.portalalerta.com.br\/wp-content\/uploads\/2024\/03\/Real-10x-100-juros-2024.jpg 372w, https:\/\/www.portalalerta.com.br\/wp-content\/uploads\/2024\/03\/Real-10x-100-juros-2024-114x240.jpg 114w\" sizes=\"(max-width: 372px) 100vw, 372px\" \/><\/figure><\/div>\n\n\n<p>Segundo consta, o homem foi identificado apenas pelo prenome de Alonso, um jovem de aproximadamente 20 anos.<\/p>\n\n\n\n<p>Os relatos indicam que Alonso foi alvejado no t\u00f3rax em via p\u00fablica, por volta das 21h. Apesar de ser socorrido com rapidez pelo servi\u00e7o de urg\u00eancia e emerg\u00eancia municipal, seu estado cl\u00ednico era considerado grav\u00edssimo desde o momento em que chegou \u00e0 UPA. Minutos ap\u00f3s, Alonso n\u00e3o resistiu aos ferimentos e evoluiu a \u00f3bito.<\/p>\n\n\n\n<p><em>Fonte: euclidesdacunha.com<\/em><\/p>\n","protected":false},"excerpt":{"rendered":"<p>Disparos de uma arma de fogo feriram fatalmente um morador do conjunto habitacional do programa Minha Casa, Minha Vida, em Euclides da Cunha-BA. A morte foi registrada na noite da \u00faltima sexta-feira (22), na Unidade de Pronto Atendimento (UPA).<\/p>\n","protected":false},"author":2,"featured_media":5698,"comment_status":"open","ping_status":"open","sticky":false,"template":"","format":"standard","meta":{"om_disable_all_campaigns":false,"_monsterinsights_skip_tracking":false,"_monsterinsights_sitenote_active":false,"_monsterinsights_sitenote_note":"","_monsterinsights_sitenote_category":0,"footnotes":""},"categories":[70,17,69,32,22],"tags":[100,71,48,75,4178,4180,375,129,107,4181,206,132,230,169,106,203,120,51,109,88,47,111,190],"class_list":["post-55393","post","type-post","status-publish","format-standard","has-post-thumbnail","hentry","category-destaques","category-euclides-da-cunha","category-noticias2","category-regiao","category-seguranca","tag-adustina","tag-antas","tag-araci","tag-cicero-dantas","tag-cipo-2","tag-crisopolis-2","tag-disparos-de-arma-de-fogo","tag-euclides-da-cunha","tag-fatima","tag-heliopolis-2","tag-homicidio","tag-itapicuru","tag-jeremoabo","tag-morte","tag-nova-soure","tag-novo-triunfo","tag-olindina","tag-paripiranga","tag-quijingue","tag-ribeira-do-amparo","tag-ribeira-do-pombal","tag-sitio-do-quinto","tag-tucano"],"aioseo_notices":[],"_links":{"self":[{"href":"https:\/\/www.portalalerta.com.br\/index.php\/wp-json\/wp\/v2\/posts\/55393","targetHints":{"allow":["GET"]}}],"collection":[{"href":"https:\/\/www.portalalerta.com.br\/index.php\/wp-json\/wp\/v2\/posts"}],"about":[{"href":"https:\/\/www.portalalerta.com.br\/index.php\/wp-json\/wp\/v2\/types\/post"}],"author":[{"embeddable":true,"href":"https:\/\/www.portalalerta.com.br\/index.php\/wp-json\/wp\/v2\/users\/2"}],"replies":[{"embeddable":true,"href":"https:\/\/www.portalalerta.com.br\/index.php\/wp-json\/wp\/v2\/comments?post=55393"}],"version-history":[{"count":1,"href":"https:\/\/www.portalalerta.com.br\/index.php\/wp-json\/wp\/v2\/posts\/55393\/revisions"}],"predecessor-version":[{"id":55394,"href":"https:\/\/www.portalalerta.com.br\/index.php\/wp-json\/wp\/v2\/posts\/55393\/revisions\/55394"}],"wp:featuredmedia":[{"embeddable":true,"href":"https:\/\/www.portalalerta.com.br\/index.php\/wp-json\/wp\/v2\/media\/5698"}],"wp:attachment":[{"href":"https:\/\/www.portalalerta.com.br\/index.php\/wp-json\/wp\/v2\/media?parent=55393"}],"wp:term":[{"taxonomy":"category","embeddable":true,"href":"https:\/\/www.portalalerta.com.br\/index.php\/wp-json\/wp\/v2\/categories?post=55393"},{"taxonomy":"post_tag","embeddable":true,"href":"https:\/\/www.portalalerta.com.br\/index.php\/wp-json\/wp\/v2\/tags?post=55393"}],"curies":[{"name":"wp","href":"https:\/\/api.w.org\/{rel}","templated":true}]}}