{"id":55395,"date":"2024-03-27T10:54:22","date_gmt":"2024-03-27T13:54:22","guid":{"rendered":"https:\/\/www.portalalerta.com.br\/?p=55395"},"modified":"2024-03-27T10:54:22","modified_gmt":"2024-03-27T13:54:22","slug":"argentina-da-asilo-a-seis-opositores-venezuelanos-em-embaixada-e-denuncia-corte-de-luz","status":"publish","type":"post","link":"https:\/\/www.portalalerta.com.br\/index.php\/2024\/03\/27\/argentina-da-asilo-a-seis-opositores-venezuelanos-em-embaixada-e-denuncia-corte-de-luz\/","title":{"rendered":"Argentina d\u00e1 asilo a seis opositores venezuelanos em embaixada e denuncia corte de luz"},"content":{"rendered":"\n<p>Em comunicado, a Casa Rosada advertiu \u201csobre qualquer a\u00e7\u00e3o deliberada que ponha em perigo a seguran\u00e7a da equipe diplom\u00e1tica argentina e dos cidad\u00e3os venezuelanos sob prote\u00e7\u00e3o\u201d<\/p>\n\n\n\n<!--more-->\n\n\n\n<p>A\u00a0Argentina\u00a0confirmou, nesta ter\u00e7a-feira (26), que est\u00e1 dando asilo a l\u00edderes pol\u00edticos da oposi\u00e7\u00e3o na resid\u00eancia oficial de sua embaixada em Caracas e manifestou \u201cpreocupa\u00e7\u00e3o\u201d com o corte no fornecimento el\u00e9trico da sede diplom\u00e1tica na \u00faltima segunda (25).<\/p>\n\n\n\n<p>Em comunicado, a Casa Rosada advertiu ao governo da\u00a0Venezuela\u00a0<strong><em>\u201csobre qualquer a\u00e7\u00e3o deliberada que ponha em perigo a seguran\u00e7a da equipe diplom\u00e1tica argentina e dos cidad\u00e3os venezuelanos sob prote\u00e7\u00e3o\u201d.<\/em><\/strong><\/p>\n\n\n<div class=\"wp-block-image\">\n<figure class=\"alignleft size-full\"><img fetchpriority=\"high\" decoding=\"async\" width=\"400\" height=\"300\" src=\"https:\/\/www.portalalerta.com.br\/wp-content\/uploads\/2023\/01\/Auto-Escola-Sonho.jpg\" alt=\"\" class=\"wp-image-47083\" srcset=\"https:\/\/www.portalalerta.com.br\/wp-content\/uploads\/2023\/01\/Auto-Escola-Sonho.jpg 400w, https:\/\/www.portalalerta.com.br\/wp-content\/uploads\/2023\/01\/Auto-Escola-Sonho-320x240.jpg 320w\" sizes=\"(max-width: 400px) 100vw, 400px\" \/><\/figure><\/div>\n\n\n<p>O governo argentino tamb\u00e9m lembrou que \u00e9 obriga\u00e7\u00e3o do Estado receptor de miss\u00f5es diplom\u00e1ticas salvaguard\u00e1-las de \u201cinvas\u00f5es ou danos e preservar a tranquilidade e dignidade da mesma\u201d.<\/p>\n\n\n\n<p>Fontes do governo argentino confirmaram \u00e0&nbsp;<strong>CNN<\/strong>&nbsp;que est\u00e3o dando asilo a seis opositores que t\u00eam mandado de pris\u00e3o.<\/p>\n\n\n\n<p><strong><em>\u201cS\u00e3o dirigentes perseguidos que precisavam de prote\u00e7\u00e3o\u201d<\/em><\/strong>, explicaram. <strong><em>\u201cN\u00e3o somos um foco opositor em Caracas, somente estamos atuando em exerc\u00edcio efetivo de prote\u00e7\u00e3o dos direitos humanos\u201d<\/em><\/strong>, esclareceram.<\/p>\n\n\n\n<p>O texto do comunicado, emitido pelo escrit\u00f3rio do presidente\u00a0Javier Milei,\u00a0explica que o acolhimento dos opositores foi concedido sob o respaldo da inviolabilidade garantida pela Conven\u00e7\u00e3o de Viena sobre as Rela\u00e7\u00f5es Diplom\u00e1ticas, da qual ambos os pa\u00edses s\u00e3o signat\u00e1rios.<\/p>\n\n\n\n<p>O comunicado argentino tamb\u00e9m \u201cexpressa sua inquietude diante da deteriora\u00e7\u00e3o da situa\u00e7\u00e3o institucional e atos de intimida\u00e7\u00e3o e persegui\u00e7\u00e3o contra figuras pol\u00edticas da Venezuela\u201d.<\/p>\n\n\n\n<p>No texto, ainda h\u00e1 um pedido de Milei para que o presidente Nicol\u00e1s Maduro \u201cgaranta a seguran\u00e7a e bem-estar do povo venezuelano e convoque elei\u00e7\u00f5es transparentes, livres, democr\u00e1ticas e competitivas, sem proscri\u00e7\u00f5es de nenhum tipo\u201d.<\/p>\n\n\n\n<p>Diversos mandados de pris\u00e3o foram emitidos nas \u00faltimas semanas pelo Minist\u00e9rio P\u00fablico da Venezuela ap\u00f3s a den\u00fancia de supostos planos de conspira\u00e7\u00e3o contra Maduro e o governador do estado de T\u00e1chira, Freddy Bernal.<\/p>\n\n\n\n<p>Entre os presos, est\u00e3o sete integrantes do movimento pol\u00edtico Vente, de Mar\u00eda Corina Machado. Outros sete colaboradores\u00a0da l\u00edder opositora est\u00e3o com mandado de pris\u00e3o.<\/p>\n\n\n\n<p>A Argentina est\u00e1 sem embaixador em Caracas desde o in\u00edcio do governo Milei, que disse que n\u00e3o se relacionaria com comunistas.<\/p>\n\n\n\n<p>A tens\u00e3o entre os pa\u00edses escalou desde fevereiro, quando uma aeronave venezuelana que estava retida no Aeroporto Internacional de Ezeiza, na Grande Buenos Aires,\u00a0foi confiscada e entregue aos Estados Unidos. Caracas qualificou a a\u00e7\u00e3o como um \u201croubo descarado\u201d.<\/p>\n\n\n\n<p>Em repres\u00e1lia, a Venezuela proibiu que aeronaves argentinas sobrevoassem seu espa\u00e7o a\u00e9reo.<\/p>\n\n\n\n<p>O porta-voz da presid\u00eancia argentina, Manuel Adorni,\u00a0chamou os governantes chavistas de \u201camigos do terrorismo\u201d\u00a0e o chanceler venezuelano, Yv\u00e1n Gil, chamou o governo Milei de \u201cneonazista\u201d, al\u00e9m de \u201csubmisso e obediente ao seu amo imperial\u201d, em refer\u00eancia \u00e0 atual rela\u00e7\u00e3o argentina com os Estados Unidos.<\/p>\n\n\n\n<p><em>Fonte: CNN<\/em><\/p>\n","protected":false},"excerpt":{"rendered":"<p>Em comunicado, a Casa Rosada advertiu \u201csobre qualquer a\u00e7\u00e3o deliberada que ponha em perigo a seguran\u00e7a da equipe diplom\u00e1tica argentina e dos cidad\u00e3os venezuelanos sob prote\u00e7\u00e3o\u201d<\/p>\n","protected":false},"author":2,"featured_media":55396,"comment_status":"open","ping_status":"open","sticky":false,"template":"","format":"standard","meta":{"om_disable_all_campaigns":false,"_monsterinsights_skip_tracking":false,"_monsterinsights_sitenote_active":false,"_monsterinsights_sitenote_note":"","_monsterinsights_sitenote_category":0,"footnotes":""},"categories":[70,35,69,21],"tags":[100,71,48,297,2548,75,4178,4180,129,107,4181,132,230,339,106,203,120,51,109,88,47,111,190,326],"class_list":["post-55395","post","type-post","status-publish","format-standard","has-post-thumbnail","hentry","category-destaques","category-mundo","category-noticias2","category-politica","tag-adustina","tag-antas","tag-araci","tag-argentina","tag-asilo-politico","tag-cicero-dantas","tag-cipo-2","tag-crisopolis-2","tag-euclides-da-cunha","tag-fatima","tag-heliopolis-2","tag-itapicuru","tag-jeremoabo","tag-mundo","tag-nova-soure","tag-novo-triunfo","tag-olindina","tag-paripiranga","tag-quijingue","tag-ribeira-do-amparo","tag-ribeira-do-pombal","tag-sitio-do-quinto","tag-tucano","tag-venezuela"],"aioseo_notices":[],"_links":{"self":[{"href":"https:\/\/www.portalalerta.com.br\/index.php\/wp-json\/wp\/v2\/posts\/55395","targetHints":{"allow":["GET"]}}],"collection":[{"href":"https:\/\/www.portalalerta.com.br\/index.php\/wp-json\/wp\/v2\/posts"}],"about":[{"href":"https:\/\/www.portalalerta.com.br\/index.php\/wp-json\/wp\/v2\/types\/post"}],"author":[{"embeddable":true,"href":"https:\/\/www.portalalerta.com.br\/index.php\/wp-json\/wp\/v2\/users\/2"}],"replies":[{"embeddable":true,"href":"https:\/\/www.portalalerta.com.br\/index.php\/wp-json\/wp\/v2\/comments?post=55395"}],"version-history":[{"count":1,"href":"https:\/\/www.portalalerta.com.br\/index.php\/wp-json\/wp\/v2\/posts\/55395\/revisions"}],"predecessor-version":[{"id":55397,"href":"https:\/\/www.portalalerta.com.br\/index.php\/wp-json\/wp\/v2\/posts\/55395\/revisions\/55397"}],"wp:featuredmedia":[{"embeddable":true,"href":"https:\/\/www.portalalerta.com.br\/index.php\/wp-json\/wp\/v2\/media\/55396"}],"wp:attachment":[{"href":"https:\/\/www.portalalerta.com.br\/index.php\/wp-json\/wp\/v2\/media?parent=55395"}],"wp:term":[{"taxonomy":"category","embeddable":true,"href":"https:\/\/www.portalalerta.com.br\/index.php\/wp-json\/wp\/v2\/categories?post=55395"},{"taxonomy":"post_tag","embeddable":true,"href":"https:\/\/www.portalalerta.com.br\/index.php\/wp-json\/wp\/v2\/tags?post=55395"}],"curies":[{"name":"wp","href":"https:\/\/api.w.org\/{rel}","templated":true}]}}