{"id":55404,"date":"2024-03-27T17:18:06","date_gmt":"2024-03-27T20:18:06","guid":{"rendered":"https:\/\/www.portalalerta.com.br\/?p=55404"},"modified":"2024-03-27T17:18:07","modified_gmt":"2024-03-27T20:18:07","slug":"pf-conclui-inquerito-e-nao-indicia-bolsonaro-por-importunacao-de-baleia-jubarte","status":"publish","type":"post","link":"https:\/\/www.portalalerta.com.br\/index.php\/2024\/03\/27\/pf-conclui-inquerito-e-nao-indicia-bolsonaro-por-importunacao-de-baleia-jubarte\/","title":{"rendered":"PF conclui inqu\u00e9rito e n\u00e3o indicia Bolsonaro por importuna\u00e7\u00e3o de baleia jubarte"},"content":{"rendered":"\n<p><strong>Minist\u00e9rio P\u00fablico pode arquivar caso, oferecer den\u00fancia ou pedir dilig\u00eancias complementares<\/strong><\/p>\n\n\n\n<!--more-->\n\n\n\n<p>A\u00a0Pol\u00edcia Federal\u00a0concluiu o inqu\u00e9rito para apurar se o\u00a0ex-presidente Jair Bolsonaro\u00a0importunou uma baleia jubarte durante um passeio de moto aqu\u00e1tica em S\u00e3o Sebasti\u00e3o, no litoral de S\u00e3o Paulo. Ap\u00f3s cinco meses de investiga\u00e7\u00e3o, a corpora\u00e7\u00e3o encerrou os trabalhos sem indiciamentos. O\u00a0advogado Fabio Wajngarten\u00a0\u2014 que estava no passeio e precisou prestar esclarecimentos sobre o caso\u00a0\u2014 tamb\u00e9m n\u00e3o foi indiciado.\u00a0<\/p>\n\n\n<div class=\"wp-block-image\">\n<figure class=\"alignleft size-full\"><img fetchpriority=\"high\" decoding=\"async\" width=\"372\" height=\"786\" src=\"https:\/\/www.portalalerta.com.br\/wp-content\/uploads\/2024\/03\/Real-10x-100-juros-2024.jpg\" alt=\"\" class=\"wp-image-55190\" srcset=\"https:\/\/www.portalalerta.com.br\/wp-content\/uploads\/2024\/03\/Real-10x-100-juros-2024.jpg 372w, https:\/\/www.portalalerta.com.br\/wp-content\/uploads\/2024\/03\/Real-10x-100-juros-2024-114x240.jpg 114w\" sizes=\"(max-width: 372px) 100vw, 372px\" \/><\/figure><\/div>\n\n\n<p>O relat\u00f3rio da PF aponta que n\u00e3o h\u00e1 provas suficientes para indicar que houve crime de importuna\u00e7\u00e3o praticado por Bolsonaro. No\u00a0depoimento prestado em fevereiro deste ano, o ex-presidente informou que andava de moto aqu\u00e1tica quando uma baleia surgiu, que n\u00e3o sabia que era crime chegar perto e que n\u00e3o teve inten\u00e7\u00e3o de incomodar ou interferir na rota do animal.<\/p>\n\n\n\n<p>O caso ocorreu em junho de 2023, e o inqu\u00e9rito foi aberto com base em v\u00eddeos que mostram um homem pilotando uma moto aqu\u00e1tica e ficando a 15 metros de dist\u00e2ncia da baleia com o motor ligado. A PF investigava poss\u00edveis crimes previstos em lei que pro\u00edbem a pesca ou o &#8220;molestamento intencional&#8221; de baleias.<\/p>\n\n\n\n<p>Em novembro do ano passado, o Minist\u00e9rio P\u00fablico Federal passou a acompanhar o inqu\u00e9rito, suspeitando que Bolsonaro seria o condutor do ve\u00edculo aqu\u00e1tico que se aproximou do mam\u00edfero. O ingresso do \u00f3rg\u00e3o na investiga\u00e7\u00e3o foi solicitado pelo Ibama, que tamb\u00e9m investiga o caso, como um desdobramento de uma apura\u00e7\u00e3o preliminar do MPF sobre o epis\u00f3dio.<\/p>\n\n\n\n<p>O processo est\u00e1 agora nas m\u00e3os do Minist\u00e9rio P\u00fablico Federal, que pode decidir pelo arquivamento, por oferecer a den\u00fancia ou por pedir dilig\u00eancias complementares.<\/p>\n\n\n\n<p><em>Fonte: R7<\/em><\/p>\n","protected":false},"excerpt":{"rendered":"<p>Minist\u00e9rio P\u00fablico pode arquivar caso, oferecer den\u00fancia ou pedir dilig\u00eancias complementares<\/p>\n","protected":false},"author":2,"featured_media":55405,"comment_status":"open","ping_status":"open","sticky":false,"template":"","format":"standard","meta":{"om_disable_all_campaigns":false,"_monsterinsights_skip_tracking":false,"_monsterinsights_sitenote_active":false,"_monsterinsights_sitenote_note":"","_monsterinsights_sitenote_category":0,"footnotes":""},"categories":[34,70,69,21],"tags":[100,71,48,6787,93,75,4178,4180,129,107,4181,132,1395,230,106,203,120,51,173,109,88,47,111,190],"class_list":["post-55404","post","type-post","status-publish","format-standard","has-post-thumbnail","hentry","category-brasil","category-destaques","category-noticias2","category-politica","tag-adustina","tag-antas","tag-araci","tag-baleia-jubarte","tag-brasil","tag-cicero-dantas","tag-cipo-2","tag-crisopolis-2","tag-euclides-da-cunha","tag-fatima","tag-heliopolis-2","tag-itapicuru","tag-jair-bolsonaro","tag-jeremoabo","tag-nova-soure","tag-novo-triunfo","tag-olindina","tag-paripiranga","tag-policia-federal","tag-quijingue","tag-ribeira-do-amparo","tag-ribeira-do-pombal","tag-sitio-do-quinto","tag-tucano"],"aioseo_notices":[],"_links":{"self":[{"href":"https:\/\/www.portalalerta.com.br\/index.php\/wp-json\/wp\/v2\/posts\/55404","targetHints":{"allow":["GET"]}}],"collection":[{"href":"https:\/\/www.portalalerta.com.br\/index.php\/wp-json\/wp\/v2\/posts"}],"about":[{"href":"https:\/\/www.portalalerta.com.br\/index.php\/wp-json\/wp\/v2\/types\/post"}],"author":[{"embeddable":true,"href":"https:\/\/www.portalalerta.com.br\/index.php\/wp-json\/wp\/v2\/users\/2"}],"replies":[{"embeddable":true,"href":"https:\/\/www.portalalerta.com.br\/index.php\/wp-json\/wp\/v2\/comments?post=55404"}],"version-history":[{"count":1,"href":"https:\/\/www.portalalerta.com.br\/index.php\/wp-json\/wp\/v2\/posts\/55404\/revisions"}],"predecessor-version":[{"id":55406,"href":"https:\/\/www.portalalerta.com.br\/index.php\/wp-json\/wp\/v2\/posts\/55404\/revisions\/55406"}],"wp:featuredmedia":[{"embeddable":true,"href":"https:\/\/www.portalalerta.com.br\/index.php\/wp-json\/wp\/v2\/media\/55405"}],"wp:attachment":[{"href":"https:\/\/www.portalalerta.com.br\/index.php\/wp-json\/wp\/v2\/media?parent=55404"}],"wp:term":[{"taxonomy":"category","embeddable":true,"href":"https:\/\/www.portalalerta.com.br\/index.php\/wp-json\/wp\/v2\/categories?post=55404"},{"taxonomy":"post_tag","embeddable":true,"href":"https:\/\/www.portalalerta.com.br\/index.php\/wp-json\/wp\/v2\/tags?post=55404"}],"curies":[{"name":"wp","href":"https:\/\/api.w.org\/{rel}","templated":true}]}}