{"id":55407,"date":"2024-03-27T17:36:17","date_gmt":"2024-03-27T20:36:17","guid":{"rendered":"https:\/\/www.portalalerta.com.br\/?p=55407"},"modified":"2024-03-27T17:36:18","modified_gmt":"2024-03-27T20:36:18","slug":"em-virtude-do-feriado-da-sexta-feira-da-paixao-feira-livre-de-ribeira-do-pombal-ba-sera-antecipada-para-esta-quinta-feira-28","status":"publish","type":"post","link":"https:\/\/www.portalalerta.com.br\/index.php\/2024\/03\/27\/em-virtude-do-feriado-da-sexta-feira-da-paixao-feira-livre-de-ribeira-do-pombal-ba-sera-antecipada-para-esta-quinta-feira-28\/","title":{"rendered":"Em virtude do feriado da Sexta-feira da Paix\u00e3o, feira livre de Ribeira do Pombal-BA ser\u00e1 antecipada para esta quinta-feira (28)"},"content":{"rendered":"\n<p>Como j\u00e1 \u00e9 tradi\u00e7\u00e3o, o munic\u00edpio de Ribeira do Pombal-BA antecipou a feira livre que estaria prevista para acontecer nesta sexta-feira (29), para a quinta-feira (28).<\/p>\n\n\n\n<!--more-->\n\n\n<div class=\"wp-block-image\">\n<figure class=\"alignleft size-full\"><img fetchpriority=\"high\" decoding=\"async\" width=\"400\" height=\"300\" src=\"https:\/\/www.portalalerta.com.br\/wp-content\/uploads\/2023\/01\/Auto-Escola-Sonho.jpg\" alt=\"\" class=\"wp-image-47083\" srcset=\"https:\/\/www.portalalerta.com.br\/wp-content\/uploads\/2023\/01\/Auto-Escola-Sonho.jpg 400w, https:\/\/www.portalalerta.com.br\/wp-content\/uploads\/2023\/01\/Auto-Escola-Sonho-320x240.jpg 320w\" sizes=\"(max-width: 400px) 100vw, 400px\" \/><\/figure><\/div>\n\n\n<p>A antecipa\u00e7\u00e3o em virtude do feriado da Sexta-feira Santa, ou sexta-feira da Paix\u00e3o, em alus\u00e3o ao per\u00edodo pascoal.<\/p>\n\n\n\n<p>A partir da pr\u00f3xima semana, as feiras dever\u00e3o ocorrer em seus dias habituais.<\/p>\n\n\n\n<p><em>Reda\u00e7\u00e3o: Portal Alerta<\/em><\/p>\n","protected":false},"excerpt":{"rendered":"<p>Como j\u00e1 \u00e9 tradi\u00e7\u00e3o, o munic\u00edpio de Ribeira do Pombal-BA antecipou a feira livre que estaria prevista para acontecer nesta sexta-feira (29), para a quinta-feira (28).<\/p>\n","protected":false},"author":2,"featured_media":30348,"comment_status":"open","ping_status":"open","sticky":false,"template":"","format":"standard","meta":{"om_disable_all_campaigns":false,"_monsterinsights_skip_tracking":false,"_monsterinsights_sitenote_active":false,"_monsterinsights_sitenote_note":"","_monsterinsights_sitenote_category":0,"footnotes":""},"categories":[70,69,32,3],"tags":[100,71,3675,48,75,4178,4180,129,107,1308,4181,132,230,106,203,120,51,109,88,47,111,190],"class_list":["post-55407","post","type-post","status-publish","format-standard","has-post-thumbnail","hentry","category-destaques","category-noticias2","category-regiao","category-ribeira-do-pombal","tag-adustina","tag-antas","tag-antecipacao","tag-araci","tag-cicero-dantas","tag-cipo-2","tag-crisopolis-2","tag-euclides-da-cunha","tag-fatima","tag-feira-livre","tag-heliopolis-2","tag-itapicuru","tag-jeremoabo","tag-nova-soure","tag-novo-triunfo","tag-olindina","tag-paripiranga","tag-quijingue","tag-ribeira-do-amparo","tag-ribeira-do-pombal","tag-sitio-do-quinto","tag-tucano"],"aioseo_notices":[],"_links":{"self":[{"href":"https:\/\/www.portalalerta.com.br\/index.php\/wp-json\/wp\/v2\/posts\/55407","targetHints":{"allow":["GET"]}}],"collection":[{"href":"https:\/\/www.portalalerta.com.br\/index.php\/wp-json\/wp\/v2\/posts"}],"about":[{"href":"https:\/\/www.portalalerta.com.br\/index.php\/wp-json\/wp\/v2\/types\/post"}],"author":[{"embeddable":true,"href":"https:\/\/www.portalalerta.com.br\/index.php\/wp-json\/wp\/v2\/users\/2"}],"replies":[{"embeddable":true,"href":"https:\/\/www.portalalerta.com.br\/index.php\/wp-json\/wp\/v2\/comments?post=55407"}],"version-history":[{"count":1,"href":"https:\/\/www.portalalerta.com.br\/index.php\/wp-json\/wp\/v2\/posts\/55407\/revisions"}],"predecessor-version":[{"id":55408,"href":"https:\/\/www.portalalerta.com.br\/index.php\/wp-json\/wp\/v2\/posts\/55407\/revisions\/55408"}],"wp:featuredmedia":[{"embeddable":true,"href":"https:\/\/www.portalalerta.com.br\/index.php\/wp-json\/wp\/v2\/media\/30348"}],"wp:attachment":[{"href":"https:\/\/www.portalalerta.com.br\/index.php\/wp-json\/wp\/v2\/media?parent=55407"}],"wp:term":[{"taxonomy":"category","embeddable":true,"href":"https:\/\/www.portalalerta.com.br\/index.php\/wp-json\/wp\/v2\/categories?post=55407"},{"taxonomy":"post_tag","embeddable":true,"href":"https:\/\/www.portalalerta.com.br\/index.php\/wp-json\/wp\/v2\/tags?post=55407"}],"curies":[{"name":"wp","href":"https:\/\/api.w.org\/{rel}","templated":true}]}}