{"id":55409,"date":"2024-03-27T17:40:49","date_gmt":"2024-03-27T20:40:49","guid":{"rendered":"https:\/\/www.portalalerta.com.br\/?p=55409"},"modified":"2024-03-27T17:40:50","modified_gmt":"2024-03-27T20:40:50","slug":"brasil-cria-306-mil-empregos-formais-em-fevereiro-213-a-mais-que-no-mesmo-mes-de-2023","status":"publish","type":"post","link":"https:\/\/www.portalalerta.com.br\/index.php\/2024\/03\/27\/brasil-cria-306-mil-empregos-formais-em-fevereiro-213-a-mais-que-no-mesmo-mes-de-2023\/","title":{"rendered":"Brasil cria 306 mil empregos formais em fevereiro, 21,3% a mais que no mesmo m\u00eas de 2023"},"content":{"rendered":"\n<p><strong>Foi o melhor resultado mensal em dois anos;&nbsp;em compara\u00e7\u00e3o a&nbsp;janeiro deste ano, foram 125.716 novos postos a mais<\/strong><\/p>\n\n\n\n<!--more-->\n\n\n\n<p>O Brasil abriu 306.111\u00a0vagas de trabalho\u00a0com carteira assinada em fevereiro, 21,3% a mais do que o mesmo m\u00eas de 2023. Em compara\u00e7\u00e3o a\u00a0janeiro deste ano, foram 125.716 novos postos a mais ou aumento de 143,49%. O saldo \u00e9 resultado de 2.249.070 admiss\u00f5es e de 1.942.959 desligamentos.\u00a0Foi o melhor resultado mensal em dois anos. Os dados foram divulgados nesta quarta-feira (27) pelo\u00a0Caged (Cadastro Nacional de Empregados e Desempregados), do Minist\u00e9rio do Trabalho e Emprego.<\/p>\n\n\n<div class=\"wp-block-image\">\n<figure class=\"alignleft size-full\"><img fetchpriority=\"high\" decoding=\"async\" width=\"372\" height=\"786\" src=\"https:\/\/www.portalalerta.com.br\/wp-content\/uploads\/2024\/03\/Real-10x-100-juros-2024.jpg\" alt=\"\" class=\"wp-image-55190\" srcset=\"https:\/\/www.portalalerta.com.br\/wp-content\/uploads\/2024\/03\/Real-10x-100-juros-2024.jpg 372w, https:\/\/www.portalalerta.com.br\/wp-content\/uploads\/2024\/03\/Real-10x-100-juros-2024-114x240.jpg 114w\" sizes=\"(max-width: 372px) 100vw, 372px\" \/><\/figure><\/div>\n\n\n<p>No acumulado do ano, de janeiro a fevereiro, o saldo foi de mais 474.614 empregos, resultado de 4.342.227 admiss\u00f5es e 3.867.613 demiss\u00f5es. Nos \u00faltimos 12 meses, entre mar\u00e7o de 2023 a fevereiro deste ano, foi registrado saldo de mais 1.602.965 empregos, decorrente de 23.714.985 admiss\u00f5es e de 22.112.020 desligamentos, com ajustes at\u00e9 janeiro de 2024.<\/p>\n\n\n\n<p>Em fevereiro, os setores que mais geraram empregos foram os de servi\u00e7os, com 193.127 novos postos, ind\u00fastria, com 54.448 empregos, ind\u00fastria de transforma\u00e7\u00e3o, com mais 51.870 vagas, constru\u00e7\u00e3o (+35.053 postos), com\u00e9rcio (+19.724 postos) e agropecu\u00e1ria com saldo com mais 3.759 vagas.<\/p>\n\n\n\n<p>De acordo com o levantamento, as cinco regi\u00f5es brasileiras apresentaram saldo positivo:<\/p>\n\n\n\n<p>\u2022&nbsp;<strong>Sudeste<\/strong>&nbsp;(+159.569 postos, +0,68%);<br>\u2022<strong>&nbsp;Sul<\/strong>&nbsp;(+84.864 postos, +1,01%);<br>\u2022&nbsp;<strong>Centro-Oeste<\/strong>&nbsp;(+34.044 postos, +0,83%);<br>\u2022&nbsp;<strong>Norte<\/strong>&nbsp;(+17.062 postos, +0,75%);<br>\u2022&nbsp;<strong>Nordeste<\/strong>&nbsp;(+10.571 postos, +0,14%).<\/p>\n\n\n\n<p>O sal\u00e1rio m\u00e9dio das admiss\u00f5es em fevereiro foi de R$ 2.082,79.&nbsp;Comparado a janeiro, houve redu\u00e7\u00e3o real de R$ 50,42 no sal\u00e1rio m\u00e9dio de admiss\u00e3o, uma varia\u00e7\u00e3o em torno de -2,36%.<\/p>\n\n\n\n<p><em>Fonte: R7<\/em><\/p>\n","protected":false},"excerpt":{"rendered":"<p>Foi o melhor resultado mensal em dois anos;&nbsp;em compara\u00e7\u00e3o a&nbsp;janeiro deste ano, foram 125.716 novos postos a mais<\/p>\n","protected":false},"author":2,"featured_media":19517,"comment_status":"open","ping_status":"open","sticky":false,"template":"","format":"standard","meta":{"om_disable_all_campaigns":false,"_monsterinsights_skip_tracking":false,"_monsterinsights_sitenote_active":false,"_monsterinsights_sitenote_note":"","_monsterinsights_sitenote_category":0,"footnotes":""},"categories":[34,70,69],"tags":[100,71,48,93,3294,75,4178,4180,1470,129,107,4181,132,230,106,203,120,51,109,88,47,111,190],"class_list":["post-55409","post","type-post","status-publish","format-standard","has-post-thumbnail","hentry","category-brasil","category-destaques","category-noticias2","tag-adustina","tag-antas","tag-araci","tag-brasil","tag-caged","tag-cicero-dantas","tag-cipo-2","tag-crisopolis-2","tag-emprego","tag-euclides-da-cunha","tag-fatima","tag-heliopolis-2","tag-itapicuru","tag-jeremoabo","tag-nova-soure","tag-novo-triunfo","tag-olindina","tag-paripiranga","tag-quijingue","tag-ribeira-do-amparo","tag-ribeira-do-pombal","tag-sitio-do-quinto","tag-tucano"],"aioseo_notices":[],"_links":{"self":[{"href":"https:\/\/www.portalalerta.com.br\/index.php\/wp-json\/wp\/v2\/posts\/55409","targetHints":{"allow":["GET"]}}],"collection":[{"href":"https:\/\/www.portalalerta.com.br\/index.php\/wp-json\/wp\/v2\/posts"}],"about":[{"href":"https:\/\/www.portalalerta.com.br\/index.php\/wp-json\/wp\/v2\/types\/post"}],"author":[{"embeddable":true,"href":"https:\/\/www.portalalerta.com.br\/index.php\/wp-json\/wp\/v2\/users\/2"}],"replies":[{"embeddable":true,"href":"https:\/\/www.portalalerta.com.br\/index.php\/wp-json\/wp\/v2\/comments?post=55409"}],"version-history":[{"count":1,"href":"https:\/\/www.portalalerta.com.br\/index.php\/wp-json\/wp\/v2\/posts\/55409\/revisions"}],"predecessor-version":[{"id":55410,"href":"https:\/\/www.portalalerta.com.br\/index.php\/wp-json\/wp\/v2\/posts\/55409\/revisions\/55410"}],"wp:featuredmedia":[{"embeddable":true,"href":"https:\/\/www.portalalerta.com.br\/index.php\/wp-json\/wp\/v2\/media\/19517"}],"wp:attachment":[{"href":"https:\/\/www.portalalerta.com.br\/index.php\/wp-json\/wp\/v2\/media?parent=55409"}],"wp:term":[{"taxonomy":"category","embeddable":true,"href":"https:\/\/www.portalalerta.com.br\/index.php\/wp-json\/wp\/v2\/categories?post=55409"},{"taxonomy":"post_tag","embeddable":true,"href":"https:\/\/www.portalalerta.com.br\/index.php\/wp-json\/wp\/v2\/tags?post=55409"}],"curies":[{"name":"wp","href":"https:\/\/api.w.org\/{rel}","templated":true}]}}