{"id":55413,"date":"2024-03-28T07:00:00","date_gmt":"2024-03-28T10:00:00","guid":{"rendered":"https:\/\/www.portalalerta.com.br\/?p=55413"},"modified":"2024-03-27T22:44:48","modified_gmt":"2024-03-28T01:44:48","slug":"advogado-de-bolsonaro-quer-justificar-pessoalmente-a-moraes-hospedagem-em-embaixada","status":"publish","type":"post","link":"https:\/\/www.portalalerta.com.br\/index.php\/2024\/03\/28\/advogado-de-bolsonaro-quer-justificar-pessoalmente-a-moraes-hospedagem-em-embaixada\/","title":{"rendered":"Advogado de Bolsonaro quer justificar pessoalmente a Moraes hospedagem em embaixada"},"content":{"rendered":"\n<p><strong>Ex-presidente ficou dois dias na Embaixada da Hungria ap\u00f3s ter passaporte confiscado pela Pol\u00edcia Federal, em fevereiro<\/strong><\/p>\n\n\n\n<!--more-->\n\n\n\n<p>Advogado de\u00a0<strong>Jair Bolsonaro<\/strong>, F\u00e1bio Wajngarten articula um encontro presencial com o ministro do Supremo Tribunal Federal Alexandre de Moraes para apresentar uma justificativa da\u00a0<strong>hospedagem do ex-presidente na Embaixada da Hungria entre 12 e 14 de fevereiro<\/strong>\u00a0deste ano. A\u00a0<strong>estada aconteceu quatro dias ap\u00f3s Bolsonaro\u00a0ter o passaporte retido pela Pol\u00edcia Federal<\/strong>. Caso fosse alvo de um mandado de pris\u00e3o \u00e0 \u00e9poca, o ex-chefe do Executivo n\u00e3o poderia ser preso em uma embaixada, j\u00e1 que o local \u00e9 considerado um espa\u00e7o estrangeiro no pa\u00eds.<\/p>\n\n\n<div class=\"wp-block-image\">\n<figure class=\"alignleft size-full\"><img fetchpriority=\"high\" decoding=\"async\" width=\"400\" height=\"300\" src=\"https:\/\/www.portalalerta.com.br\/wp-content\/uploads\/2023\/01\/Auto-Escola-Sonho.jpg\" alt=\"\" class=\"wp-image-47083\" srcset=\"https:\/\/www.portalalerta.com.br\/wp-content\/uploads\/2023\/01\/Auto-Escola-Sonho.jpg 400w, https:\/\/www.portalalerta.com.br\/wp-content\/uploads\/2023\/01\/Auto-Escola-Sonho-320x240.jpg 320w\" sizes=\"(max-width: 400px) 100vw, 400px\" \/><\/figure><\/div>\n\n\n<p>A tentativa de prestar esclarecimentos pessoalmente foi confirmada pelo pr\u00f3prio&nbsp;Wajngarten ao&nbsp;<strong>R7<\/strong>. O objetivo do advogado \u00e9 conseguir sanar qualquer d\u00favida sobre o ocorrido. A reportagem apurou que Moraes n\u00e3o recebeu um pedido&nbsp;de&nbsp;audi\u00eancia com Wajngarten.<\/p>\n\n\n\n<p>O prazo dado pelo ministro para que Bolsonaro explique a ida \u00e0 embaixada termina nesta quarta-feira (27), e a peti\u00e7\u00e3o pode ser protocolada no sistema do STF, sem a necessidade de encontro presencial.&nbsp;<\/p>\n\n\n\n<p>A\u00a0<strong>defesa do ex-presidente sustenta que Bolsonaro ficou hospedado no local\u00a0a convite<\/strong>\u00a0para manter contatos com autoridades do pa\u00eds europeu e para atualizar os cen\u00e1rios pol\u00edticos das duas na\u00e7\u00f5es.\u00a0<\/p>\n\n\n\n<p><strong><em>&#8220;O ex-presidente da Rep\u00fablica Jair Bolsonaro passou dois dias hospedado na embaixada da Hungria em Bras\u00edlia para manter contatos com autoridades do pa\u00eds amigo. Como \u00e9 do conhecimento p\u00fablico, o ex-mandat\u00e1rio do pa\u00eds mant\u00e9m um bom relacionamento com o premier h\u00fangaro, com quem se encontrou recentemente na posse do presidente Javier Milei, em Buenos Aires&#8221;<\/em><\/strong>, disse a defesa, em nota enviada \u00e0 imprensa na segunda-feira (25).<\/p>\n\n\n\n<p><em>Fonte: R7<\/em><\/p>\n","protected":false},"excerpt":{"rendered":"<p>Ex-presidente ficou dois dias na Embaixada da Hungria ap\u00f3s ter passaporte confiscado pela Pol\u00edcia Federal, em fevereiro<\/p>\n","protected":false},"author":2,"featured_media":55411,"comment_status":"open","ping_status":"open","sticky":false,"template":"","format":"standard","meta":{"om_disable_all_campaigns":false,"_monsterinsights_skip_tracking":false,"_monsterinsights_sitenote_active":false,"_monsterinsights_sitenote_note":"","_monsterinsights_sitenote_category":0,"footnotes":""},"categories":[34,70,69,21],"tags":[100,490,71,48,93,75,4178,4180,129,6788,107,4181,132,1395,230,106,203,120,51,109,88,47,111,216,190],"class_list":["post-55413","post","type-post","status-publish","format-standard","has-post-thumbnail","hentry","category-brasil","category-destaques","category-noticias2","category-politica","tag-adustina","tag-advogado","tag-antas","tag-araci","tag-brasil","tag-cicero-dantas","tag-cipo-2","tag-crisopolis-2","tag-euclides-da-cunha","tag-fabio-wajngarten-2","tag-fatima","tag-heliopolis-2","tag-itapicuru","tag-jair-bolsonaro","tag-jeremoabo","tag-nova-soure","tag-novo-triunfo","tag-olindina","tag-paripiranga","tag-quijingue","tag-ribeira-do-amparo","tag-ribeira-do-pombal","tag-sitio-do-quinto","tag-stf","tag-tucano"],"aioseo_notices":[],"_links":{"self":[{"href":"https:\/\/www.portalalerta.com.br\/index.php\/wp-json\/wp\/v2\/posts\/55413","targetHints":{"allow":["GET"]}}],"collection":[{"href":"https:\/\/www.portalalerta.com.br\/index.php\/wp-json\/wp\/v2\/posts"}],"about":[{"href":"https:\/\/www.portalalerta.com.br\/index.php\/wp-json\/wp\/v2\/types\/post"}],"author":[{"embeddable":true,"href":"https:\/\/www.portalalerta.com.br\/index.php\/wp-json\/wp\/v2\/users\/2"}],"replies":[{"embeddable":true,"href":"https:\/\/www.portalalerta.com.br\/index.php\/wp-json\/wp\/v2\/comments?post=55413"}],"version-history":[{"count":1,"href":"https:\/\/www.portalalerta.com.br\/index.php\/wp-json\/wp\/v2\/posts\/55413\/revisions"}],"predecessor-version":[{"id":55414,"href":"https:\/\/www.portalalerta.com.br\/index.php\/wp-json\/wp\/v2\/posts\/55413\/revisions\/55414"}],"wp:featuredmedia":[{"embeddable":true,"href":"https:\/\/www.portalalerta.com.br\/index.php\/wp-json\/wp\/v2\/media\/55411"}],"wp:attachment":[{"href":"https:\/\/www.portalalerta.com.br\/index.php\/wp-json\/wp\/v2\/media?parent=55413"}],"wp:term":[{"taxonomy":"category","embeddable":true,"href":"https:\/\/www.portalalerta.com.br\/index.php\/wp-json\/wp\/v2\/categories?post=55413"},{"taxonomy":"post_tag","embeddable":true,"href":"https:\/\/www.portalalerta.com.br\/index.php\/wp-json\/wp\/v2\/tags?post=55413"}],"curies":[{"name":"wp","href":"https:\/\/api.w.org\/{rel}","templated":true}]}}