{"id":55417,"date":"2024-03-28T07:02:00","date_gmt":"2024-03-28T10:02:00","guid":{"rendered":"https:\/\/www.portalalerta.com.br\/?p=55417"},"modified":"2024-03-27T22:50:06","modified_gmt":"2024-03-28T01:50:06","slug":"processo-que-pode-cassar-chiquinho-brazao-chega-ao-conselho-de-etica-da-camara","status":"publish","type":"post","link":"https:\/\/www.portalalerta.com.br\/index.php\/2024\/03\/28\/processo-que-pode-cassar-chiquinho-brazao-chega-ao-conselho-de-etica-da-camara\/","title":{"rendered":"Processo que pode cassar Chiquinho Braz\u00e3o chega ao Conselho de \u00c9tica da C\u00e2mara"},"content":{"rendered":"\n<p><strong>Presidente do colegiado informou que pretende instaurar processo contra parlamentar na segunda semana de abril<\/strong><\/p>\n\n\n\n<!--more-->\n\n\n\n<p>O processo que pode resultar na cassa\u00e7\u00e3o do mandato do deputado federal Chiquinho Braz\u00e3o chegou ao\u00a0<strong>Conselho de \u00c9tica da C\u00e2mara nesta quarta-feira (27)<\/strong>. O presidente do colegiado, Leur Lomanto J\u00fanior (Uni\u00e3o-BA), planeja iniciar o processo na segunda semana de abril.<\/p>\n\n\n<div class=\"wp-block-image\">\n<figure class=\"alignleft size-full\"><img fetchpriority=\"high\" decoding=\"async\" width=\"400\" height=\"300\" src=\"https:\/\/www.portalalerta.com.br\/wp-content\/uploads\/2023\/01\/Auto-Escola-Sonho.jpg\" alt=\"\" class=\"wp-image-47083\" srcset=\"https:\/\/www.portalalerta.com.br\/wp-content\/uploads\/2023\/01\/Auto-Escola-Sonho.jpg 400w, https:\/\/www.portalalerta.com.br\/wp-content\/uploads\/2023\/01\/Auto-Escola-Sonho-320x240.jpg 320w\" sizes=\"(max-width: 400px) 100vw, 400px\" \/><\/figure><\/div>\n\n\n<p>A representa\u00e7\u00e3o feita pelo PSOL pede a\u00a0<strong>cassa\u00e7\u00e3o do mandato de Chiquinho Braz\u00e3o por envolvimento na morte da ex-vereadora do Rio Marielle Franco<\/strong>. O presidente do conselho definir\u00e1 o relator nos pr\u00f3ximos dias. Nesta semana, a 1\u00aa Turma do Supremo Tribunal Federal confirmou por unanimidade a pris\u00e3o de Chiquinho, do conselheiro do Tribunal de Contas do Rio de Janeiro Domingos Braz\u00e3o, e do delegado da Pol\u00edcia Civil Rivaldo Barbosa. Eles s\u00e3o\u00a0<strong>suspeitos de planejar o crime e ordenar a morte de Marielle<\/strong>\u00a0e de seu motorista Anderson Gomes.<\/p>\n\n\n\n<p>A pris\u00e3o de Chiquinho Braz\u00e3o requer aprova\u00e7\u00e3o pela C\u00e2mara. Conforme estabelecido na Constitui\u00e7\u00e3o, um deputado s\u00f3 pode ser detido em flagrante por crime inafian\u00e7\u00e1vel, o que demanda a ratifica\u00e7\u00e3o pela maioria absoluta da Casa, em vota\u00e7\u00e3o p\u00fablica. Atualmente, o processo est\u00e1 em an\u00e1lise na Comiss\u00e3o de Constitui\u00e7\u00e3o e Justi\u00e7a.<\/p>\n\n\n\n<p>O PSOL argumenta que a cassa\u00e7\u00e3o de Chiquinho Braz\u00e3o \u00e9 uma necessidade e que sua perman\u00eancia como deputado federal mancha a hist\u00f3ria da C\u00e2mara. O partido sustenta que o suposto autor intelectual da morte de Marielle e Anderson n\u00e3o pode representar a Casa, e sua cassa\u00e7\u00e3o \u00e9 urgente.<\/p>\n\n\n\n<p>O Conselho de \u00c9tica ter\u00e1 60 dias \u00fateis para conduzir o processo. Ap\u00f3s receber a representa\u00e7\u00e3o, o presidente do colegiado inicia o processo e nomeia o relator, escolhido em lista tr\u00edplice por sorteio. O acusado \u00e9 notificado e tem 10 dias \u00fateis para apresentar defesa por escrito. O relator tem 40 dias \u00fateis para instruir o processo e mais 10 dias \u00fateis para emitir parecer.<\/p>\n\n\n\n<p>As decis\u00f5es do Conselho de \u00c9tica ser\u00e3o submetidas a vota\u00e7\u00e3o aberta em plen\u00e1rio. O prazo para delibera\u00e7\u00e3o, a partir da instaura\u00e7\u00e3o do processo no Conselho, \u00e9 de 90 dias \u00fateis. A cassa\u00e7\u00e3o do mandato requer votos da maioria absoluta dos deputados, ou seja, pelo menos 257.<\/p>\n\n\n\n<p><em>Fonte: R7<\/em><\/p>\n","protected":false},"excerpt":{"rendered":"<p>Presidente do colegiado informou que pretende instaurar processo contra parlamentar na segunda semana de abril<\/p>\n","protected":false},"author":2,"featured_media":55377,"comment_status":"open","ping_status":"open","sticky":false,"template":"","format":"standard","meta":{"om_disable_all_campaigns":false,"_monsterinsights_skip_tracking":false,"_monsterinsights_sitenote_active":false,"_monsterinsights_sitenote_note":"","_monsterinsights_sitenote_category":0,"footnotes":""},"categories":[34,70,69,21],"tags":[100,71,48,93,644,6786,75,4178,4180,215,129,107,4181,258,206,132,230,106,203,120,51,109,88,47,111,190],"class_list":["post-55417","post","type-post","status-publish","format-standard","has-post-thumbnail","hentry","category-brasil","category-destaques","category-noticias2","category-politica","tag-adustina","tag-antas","tag-araci","tag-brasil","tag-cassacao","tag-chiquinho-brazao","tag-cicero-dantas","tag-cipo-2","tag-crisopolis-2","tag-deputado-federal","tag-euclides-da-cunha","tag-fatima","tag-heliopolis-2","tag-homicida","tag-homicidio","tag-itapicuru","tag-jeremoabo","tag-nova-soure","tag-novo-triunfo","tag-olindina","tag-paripiranga","tag-quijingue","tag-ribeira-do-amparo","tag-ribeira-do-pombal","tag-sitio-do-quinto","tag-tucano"],"aioseo_notices":[],"_links":{"self":[{"href":"https:\/\/www.portalalerta.com.br\/index.php\/wp-json\/wp\/v2\/posts\/55417","targetHints":{"allow":["GET"]}}],"collection":[{"href":"https:\/\/www.portalalerta.com.br\/index.php\/wp-json\/wp\/v2\/posts"}],"about":[{"href":"https:\/\/www.portalalerta.com.br\/index.php\/wp-json\/wp\/v2\/types\/post"}],"author":[{"embeddable":true,"href":"https:\/\/www.portalalerta.com.br\/index.php\/wp-json\/wp\/v2\/users\/2"}],"replies":[{"embeddable":true,"href":"https:\/\/www.portalalerta.com.br\/index.php\/wp-json\/wp\/v2\/comments?post=55417"}],"version-history":[{"count":1,"href":"https:\/\/www.portalalerta.com.br\/index.php\/wp-json\/wp\/v2\/posts\/55417\/revisions"}],"predecessor-version":[{"id":55418,"href":"https:\/\/www.portalalerta.com.br\/index.php\/wp-json\/wp\/v2\/posts\/55417\/revisions\/55418"}],"wp:featuredmedia":[{"embeddable":true,"href":"https:\/\/www.portalalerta.com.br\/index.php\/wp-json\/wp\/v2\/media\/55377"}],"wp:attachment":[{"href":"https:\/\/www.portalalerta.com.br\/index.php\/wp-json\/wp\/v2\/media?parent=55417"}],"wp:term":[{"taxonomy":"category","embeddable":true,"href":"https:\/\/www.portalalerta.com.br\/index.php\/wp-json\/wp\/v2\/categories?post=55417"},{"taxonomy":"post_tag","embeddable":true,"href":"https:\/\/www.portalalerta.com.br\/index.php\/wp-json\/wp\/v2\/tags?post=55417"}],"curies":[{"name":"wp","href":"https:\/\/api.w.org\/{rel}","templated":true}]}}