{"id":55428,"date":"2024-03-28T11:01:00","date_gmt":"2024-03-28T14:01:00","guid":{"rendered":"https:\/\/www.portalalerta.com.br\/?p=55428"},"modified":"2024-03-28T10:31:09","modified_gmt":"2024-03-28T13:31:09","slug":"israel-nao-tem-escolha-a-nao-ser-a-ofensiva-em-rafah-diz-benjamin-netanyahu","status":"publish","type":"post","link":"https:\/\/www.portalalerta.com.br\/index.php\/2024\/03\/28\/israel-nao-tem-escolha-a-nao-ser-a-ofensiva-em-rafah-diz-benjamin-netanyahu\/","title":{"rendered":"Israel n\u00e3o tem escolha a n\u00e3o ser a ofensiva em Rafah, diz Benjamin Netanyahu"},"content":{"rendered":"\n<p>Declara\u00e7\u00e3o foi feita a parlamentares dos EUA que foram a Israel; \u00f3rg\u00e3os internacionais alertaram contra opera\u00e7\u00e3o militar<\/p>\n\n\n\n<!--more-->\n\n\n\n<p>O primeiro-ministro de Israel, Benjamin Netanyahu, disse a um grupo de parlamentares dos Estados Unidos que a \u201cvit\u00f3ria\u201d na Faixa de Gaza e a \u201cconquista\u201d sobre a lideran\u00e7a s\u00eanior do Hamas est\u00e3o apenas <strong><em>\u201ca algumas semanas de dist\u00e2ncia\u201d<\/em><\/strong>.<\/p>\n\n\n\n<p>Falando a um grupo do Congresso que reuniu republicanos e democratas nesta quarta-feira (27), Netanyahu afirmou: <strong><em>\u201cMatamos muitos l\u00edderes importantes [do Hamas], incluindo o n\u00famero quatro do Hamas, o n\u00famero tr\u00eas do Hamas. Teremos o n\u00famero dois e o n\u00famero um. Isso \u00e9 vit\u00f3ria. A vit\u00f3ria est\u00e1 ao nosso alcance. Faltam algumas semanas\u201d<\/em><\/strong>.<\/p>\n\n\n<div class=\"wp-block-image\">\n<figure class=\"alignleft size-full\"><img fetchpriority=\"high\" decoding=\"async\" width=\"372\" height=\"786\" src=\"https:\/\/www.portalalerta.com.br\/wp-content\/uploads\/2024\/03\/Real-10x-100-juros-2024.jpg\" alt=\"\" class=\"wp-image-55190\" srcset=\"https:\/\/www.portalalerta.com.br\/wp-content\/uploads\/2024\/03\/Real-10x-100-juros-2024.jpg 372w, https:\/\/www.portalalerta.com.br\/wp-content\/uploads\/2024\/03\/Real-10x-100-juros-2024-114x240.jpg 114w\" sizes=\"(max-width: 372px) 100vw, 372px\" \/><\/figure><\/div>\n\n\n<p>O gabinete do premi\u00ea pontuou que a reuni\u00e3o com a delega\u00e7\u00e3o americana em, Jerusal\u00e9m, Israel, foi organizada pelo grupo de lobby pr\u00f3-Israel Comit\u00ea Americano de Assuntos P\u00fablicos de Israel (AIPAC). Netanyahu disse que era <strong><em>\u201cmuito importante manter o apoio bipartid\u00e1rio\u201d, mas \u201cespecialmente nestas tentativas vezes.\u201d<\/em><\/strong><\/p>\n\n\n\n<p>Netanyahu comentou que Israel <strong><em>\u201cn\u00e3o tem escolha\u201d<\/em><\/strong> a n\u00e3o ser entrar em Rafah, j\u00e1 que <strong><em>\u201ca pr\u00f3pria exist\u00eancia do pa\u00eds est\u00e1 em risco\u201d<\/em><\/strong>.<\/p>\n\n\n\n<p>O primeiro-ministro destacou ainda que desde o ataque do Hamas, em 7 de outubro, Israel desfrutava de um <strong><em>\u201calinhamento not\u00e1vel\u201d<\/em><\/strong> com o governo Biden, mas tinha opini\u00f5es fundamentalmente diferentes sobre uma a\u00e7\u00e3o israelense em Rafah.<\/p>\n\n\n\n<p>Israel tem enfrentado cr\u00edticas da comunidade internacional antes da ofensiva na cidade do sul de Gaza, onde mais de um milh\u00e3o de pessoas est\u00e3o abrigadas.<\/p>\n\n\n\n<p>Netanyahu tinha dito anteriormente \u00e0 delega\u00e7\u00e3o que os palestinos deslocados em Gaza poderiam <strong><em>\u201csimplesmente sair\u201d<\/em><\/strong> de Rafah e <strong><em>\u201cse mover com as suas tendas\u201d<\/em><\/strong>.<\/p>\n\n\n\n<p><strong><em>\u201cH\u00e1 toda a Faixa de Gaza ao norte de Rafah. As pessoas descem, podem subir\u201d<\/em><\/strong>, disse o primeiro-ministro.<\/p>\n\n\n\n<p>As diverg\u00eancias sobre a iminente invas\u00e3o de Rafah e o agravamento do desastre humanit\u00e1rio em Gaza levaram \u00e0 pior crise na rela\u00e7\u00e3o entre Netanyahu e o presidente dos EUA, Joe Biden.<\/p>\n\n\n\n<p>No in\u00edcio desta semana, Netanyahu cancelou a visita de uma delega\u00e7\u00e3o a Washington em protesto contra a absten\u00e7\u00e3o dos EUA durante vota\u00e7\u00e3o no Conselho de Seguran\u00e7a da ONU, que permitiu\u00a0a aprova\u00e7\u00e3o de uma resolu\u00e7\u00e3o que exigia um cessar-fogo imediato em Gaza.<\/p>\n\n\n\n<p>A resolu\u00e7\u00e3o, proposta pelos 10 membros n\u00e3o permanentes do Conselho de Seguran\u00e7a, exigia um cessar-fogo imediato para o m\u00eas do Ramad\u00e3, a liberta\u00e7\u00e3o imediata e incondicional dos ref\u00e9ns e <strong><em>\u201ca necessidade urgente de expandir o fluxo\u201d<\/em><\/strong> de ajuda para Gaza.<\/p>\n\n\n\n<p>Nas reuni\u00f5es de segunda e ter\u00e7a-feira, altos funcion\u00e1rios dos EUA e o ministro da Defesa israelense, Yoav Gallant, n\u00e3o haviam chegado a nenhum acordo sobre como Israel avan\u00e7aria com uma opera\u00e7\u00e3o em Rafah.<\/p>\n\n\n\n<p>Entretanto, ambos os lados concordaram em continuar as discuss\u00f5es nos pr\u00f3ximos dias e semanas, disseram autoridades dos EUA e de Israel \u00e0&nbsp;<strong>CNN.<\/strong><\/p>\n\n\n\n<p>O Secret\u00e1rio de Defesa dos EUA, Lloyd Austin, o Conselheiro de Seguran\u00e7a Nacional, Jake Sullivan, e o Secret\u00e1rio de Estado, Antony Blinken, ressaltou a Gallant que Israel precisa de encontrar uma op\u00e7\u00e3o \u201calternativa\u201d para um grande ataque a Rafah, que deixaria em perigo os civis e exacerbaria o sofrimento ali.<\/p>\n\n\n\n<p>A Casa Branca destacou nesta quarta-feira que Netanyahu concordou em reprogramar a visita da delega\u00e7\u00e3o israelense\u00a0a Washington para discutir a poss\u00edvel opera\u00e7\u00e3o Rafah.<\/p>\n\n\n\n<p><em>Fonte: CNN<\/em><\/p>\n","protected":false},"excerpt":{"rendered":"<p>Declara\u00e7\u00e3o foi feita a parlamentares dos EUA que foram a Israel; \u00f3rg\u00e3os internacionais alertaram contra opera\u00e7\u00e3o militar<\/p>\n","protected":false},"author":2,"featured_media":55422,"comment_status":"open","ping_status":"open","sticky":false,"template":"","format":"standard","meta":{"om_disable_all_campaigns":false,"_monsterinsights_skip_tracking":false,"_monsterinsights_sitenote_active":false,"_monsterinsights_sitenote_note":"","_monsterinsights_sitenote_category":0,"footnotes":""},"categories":[70,35,69],"tags":[100,71,48,2485,75,4178,4180,129,107,835,2517,4181,858,132,230,339,106,203,120,51,109,88,47,111,190],"class_list":["post-55428","post","type-post","status-publish","format-standard","has-post-thumbnail","hentry","category-destaques","category-mundo","category-noticias2","tag-adustina","tag-antas","tag-araci","tag-benjamin-netanyahu","tag-cicero-dantas","tag-cipo-2","tag-crisopolis-2","tag-euclides-da-cunha","tag-fatima","tag-guerra","tag-hamas","tag-heliopolis-2","tag-israel","tag-itapicuru","tag-jeremoabo","tag-mundo","tag-nova-soure","tag-novo-triunfo","tag-olindina","tag-paripiranga","tag-quijingue","tag-ribeira-do-amparo","tag-ribeira-do-pombal","tag-sitio-do-quinto","tag-tucano"],"aioseo_notices":[],"_links":{"self":[{"href":"https:\/\/www.portalalerta.com.br\/index.php\/wp-json\/wp\/v2\/posts\/55428","targetHints":{"allow":["GET"]}}],"collection":[{"href":"https:\/\/www.portalalerta.com.br\/index.php\/wp-json\/wp\/v2\/posts"}],"about":[{"href":"https:\/\/www.portalalerta.com.br\/index.php\/wp-json\/wp\/v2\/types\/post"}],"author":[{"embeddable":true,"href":"https:\/\/www.portalalerta.com.br\/index.php\/wp-json\/wp\/v2\/users\/2"}],"replies":[{"embeddable":true,"href":"https:\/\/www.portalalerta.com.br\/index.php\/wp-json\/wp\/v2\/comments?post=55428"}],"version-history":[{"count":1,"href":"https:\/\/www.portalalerta.com.br\/index.php\/wp-json\/wp\/v2\/posts\/55428\/revisions"}],"predecessor-version":[{"id":55429,"href":"https:\/\/www.portalalerta.com.br\/index.php\/wp-json\/wp\/v2\/posts\/55428\/revisions\/55429"}],"wp:featuredmedia":[{"embeddable":true,"href":"https:\/\/www.portalalerta.com.br\/index.php\/wp-json\/wp\/v2\/media\/55422"}],"wp:attachment":[{"href":"https:\/\/www.portalalerta.com.br\/index.php\/wp-json\/wp\/v2\/media?parent=55428"}],"wp:term":[{"taxonomy":"category","embeddable":true,"href":"https:\/\/www.portalalerta.com.br\/index.php\/wp-json\/wp\/v2\/categories?post=55428"},{"taxonomy":"post_tag","embeddable":true,"href":"https:\/\/www.portalalerta.com.br\/index.php\/wp-json\/wp\/v2\/tags?post=55428"}],"curies":[{"name":"wp","href":"https:\/\/api.w.org\/{rel}","templated":true}]}}