{"id":55430,"date":"2024-03-28T11:02:00","date_gmt":"2024-03-28T14:02:00","guid":{"rendered":"https:\/\/www.portalalerta.com.br\/?p=55430"},"modified":"2024-03-28T10:33:37","modified_gmt":"2024-03-28T13:33:37","slug":"acusado-de-cometer-homicidio-morre-em-confronto-com-a-policia-em-euclides-da-cunha-ba","status":"publish","type":"post","link":"https:\/\/www.portalalerta.com.br\/index.php\/2024\/03\/28\/acusado-de-cometer-homicidio-morre-em-confronto-com-a-policia-em-euclides-da-cunha-ba\/","title":{"rendered":"Acusado de cometer homic\u00eddio morre em confronto com a pol\u00edcia, em Euclides da Cunha-BA"},"content":{"rendered":"\n<p>Por volta das 06h desta quarta-feira (27), uma a\u00e7\u00e3o conjunta entre policiais civis e militares de Euclides da Cunha-BA, culminou na morte de um criminoso, acusado da pr\u00e1tica de homic\u00eddio, no referido munic\u00edpio.<\/p>\n\n\n\n<!--more-->\n\n\n<div class=\"wp-block-image\">\n<figure class=\"alignleft size-full\"><img fetchpriority=\"high\" decoding=\"async\" width=\"400\" height=\"300\" src=\"https:\/\/www.portalalerta.com.br\/wp-content\/uploads\/2023\/01\/Auto-Escola-Sonho.jpg\" alt=\"\" class=\"wp-image-47083\" srcset=\"https:\/\/www.portalalerta.com.br\/wp-content\/uploads\/2023\/01\/Auto-Escola-Sonho.jpg 400w, https:\/\/www.portalalerta.com.br\/wp-content\/uploads\/2023\/01\/Auto-Escola-Sonho-320x240.jpg 320w\" sizes=\"(max-width: 400px) 100vw, 400px\" \/><\/figure><\/div>\n\n\n<p>Com a chegada dos policiais no bairro Nova Am\u00e9rica, um dos criminosos fugiu, e o outro passou a efetuar disparos de arma de fogo em dire\u00e7\u00e3o aos profissionais de seguran\u00e7a p\u00fablica, que revidaram, originando assim o confronto. Na ocasi\u00e3o, o homicida identificado pelas iniciais E.L.S.C, foi alvejado, e gravemente ferido foi socorrido para o Hospital ACM\/Portugu\u00eas.<\/p>\n\n\n\n<p>De acordo com informa\u00e7\u00f5es, o rapaz teria sido um dos autores do \u00faltimo homic\u00eddio na cidade, fato ocorrido no \u00faltimo domingo (24), vitimando o pombalense de prenome Felipe. <strong>Relembre<\/strong><\/p>\n\n\n\n<p><em>Reda\u00e7\u00e3o: Portal Alerta<\/em><\/p>\n","protected":false},"excerpt":{"rendered":"<p>Por volta das 06h desta quarta-feira (27), uma a\u00e7\u00e3o conjunta entre policiais civis e militares de Euclides da Cunha-BA, culminou na morte de um criminoso, acusado da pr\u00e1tica de homic\u00eddio, no referido munic\u00edpio.<\/p>\n","protected":false},"author":2,"featured_media":55423,"comment_status":"open","ping_status":"open","sticky":false,"template":"","format":"standard","meta":{"om_disable_all_campaigns":false,"_monsterinsights_skip_tracking":false,"_monsterinsights_sitenote_active":false,"_monsterinsights_sitenote_note":"","_monsterinsights_sitenote_category":0,"footnotes":""},"categories":[70,17,69,32,22],"tags":[565,100,71,48,75,4178,178,4180,129,107,4181,258,206,132,230,169,106,203,120,51,122,79,109,88,47,111,190],"class_list":["post-55430","post","type-post","status-publish","format-standard","has-post-thumbnail","hentry","category-destaques","category-euclides-da-cunha","category-noticias2","category-regiao","category-seguranca","tag-acao-conjunta","tag-adustina","tag-antas","tag-araci","tag-cicero-dantas","tag-cipo-2","tag-confronto","tag-crisopolis-2","tag-euclides-da-cunha","tag-fatima","tag-heliopolis-2","tag-homicida","tag-homicidio","tag-itapicuru","tag-jeremoabo","tag-morte","tag-nova-soure","tag-novo-triunfo","tag-olindina","tag-paripiranga","tag-policia-civil","tag-policia-militar","tag-quijingue","tag-ribeira-do-amparo","tag-ribeira-do-pombal","tag-sitio-do-quinto","tag-tucano"],"aioseo_notices":[],"_links":{"self":[{"href":"https:\/\/www.portalalerta.com.br\/index.php\/wp-json\/wp\/v2\/posts\/55430","targetHints":{"allow":["GET"]}}],"collection":[{"href":"https:\/\/www.portalalerta.com.br\/index.php\/wp-json\/wp\/v2\/posts"}],"about":[{"href":"https:\/\/www.portalalerta.com.br\/index.php\/wp-json\/wp\/v2\/types\/post"}],"author":[{"embeddable":true,"href":"https:\/\/www.portalalerta.com.br\/index.php\/wp-json\/wp\/v2\/users\/2"}],"replies":[{"embeddable":true,"href":"https:\/\/www.portalalerta.com.br\/index.php\/wp-json\/wp\/v2\/comments?post=55430"}],"version-history":[{"count":1,"href":"https:\/\/www.portalalerta.com.br\/index.php\/wp-json\/wp\/v2\/posts\/55430\/revisions"}],"predecessor-version":[{"id":55431,"href":"https:\/\/www.portalalerta.com.br\/index.php\/wp-json\/wp\/v2\/posts\/55430\/revisions\/55431"}],"wp:featuredmedia":[{"embeddable":true,"href":"https:\/\/www.portalalerta.com.br\/index.php\/wp-json\/wp\/v2\/media\/55423"}],"wp:attachment":[{"href":"https:\/\/www.portalalerta.com.br\/index.php\/wp-json\/wp\/v2\/media?parent=55430"}],"wp:term":[{"taxonomy":"category","embeddable":true,"href":"https:\/\/www.portalalerta.com.br\/index.php\/wp-json\/wp\/v2\/categories?post=55430"},{"taxonomy":"post_tag","embeddable":true,"href":"https:\/\/www.portalalerta.com.br\/index.php\/wp-json\/wp\/v2\/tags?post=55430"}],"curies":[{"name":"wp","href":"https:\/\/api.w.org\/{rel}","templated":true}]}}