{"id":55432,"date":"2024-03-28T11:03:00","date_gmt":"2024-03-28T14:03:00","guid":{"rendered":"https:\/\/www.portalalerta.com.br\/?p=55432"},"modified":"2024-03-28T10:35:35","modified_gmt":"2024-03-28T13:35:35","slug":"haddad-revela-bolao-do-pt-sobre-sua-permanencia-e-diz-que-quer-seguir-no-cargo","status":"publish","type":"post","link":"https:\/\/www.portalalerta.com.br\/index.php\/2024\/03\/28\/haddad-revela-bolao-do-pt-sobre-sua-permanencia-e-diz-que-quer-seguir-no-cargo\/","title":{"rendered":"Haddad revela \u2018bol\u00e3o do PT\u2019 sobre sua perman\u00eancia e diz que quer seguir no cargo"},"content":{"rendered":"\n<p>Haddad \u00e9 alvo constante de \u201cfogo amigo\u201d do partido, que demanda mais gastos p\u00fablicos<\/p>\n\n\n\n<!--more-->\n\n\n<div class=\"wp-block-image\">\n<figure class=\"alignleft size-full\"><img fetchpriority=\"high\" decoding=\"async\" width=\"372\" height=\"786\" src=\"https:\/\/www.portalalerta.com.br\/wp-content\/uploads\/2024\/03\/Real-10x-100-juros-2024.jpg\" alt=\"\" class=\"wp-image-55190\" srcset=\"https:\/\/www.portalalerta.com.br\/wp-content\/uploads\/2024\/03\/Real-10x-100-juros-2024.jpg 372w, https:\/\/www.portalalerta.com.br\/wp-content\/uploads\/2024\/03\/Real-10x-100-juros-2024-114x240.jpg 114w\" sizes=\"(max-width: 372px) 100vw, 372px\" \/><\/figure><\/div>\n\n\n<p>O ministro da Fazenda, Fernando Haddad, contou em entrevista \u00e0&nbsp;<strong>CNN<\/strong>&nbsp;que fizeram um \u201cbol\u00e3o\u201d no PT sobre quanto tempo ele permaneceria no cargo quando assumiu o comanda da pasta.<\/p>\n\n\n\n<p><strong><em>\u201cFizeram um bol\u00e3o no PT de quanto tempo eu duraria aqui. Teve outros. Deve ter tido\u00a0na Faria Lima tamb\u00e9m. Gostaria que o Brasil estivesse em outra situa\u00e7\u00e3o, de menos oposi\u00e7\u00e3o e mais uni\u00e3o e reconstru\u00e7\u00e3o\u201d,<\/em><\/strong>\u2019 disse.<\/p>\n\n\n\n<p>Haddad \u00e9 alvo constante de \u201cfogo amigo\u201d do partido, que demanda mais\u00a0gastos p\u00fablicos, principalmente da presidente do PT, Gleisi Hoffmann, e do ministro da Casa Civil, Rui Costa.<\/p>\n\n\n\n<p>Ele tamb\u00e9m contou que seu \u201csonho\u201d era ser ministro da Fazenda e que, no curto prazo, quer focar para fazer seus projetos avan\u00e7arem, desde que continue sendo \u00fatil ao presidente Luiz In\u00e1cio Lula da Silva (PT) e ao pa\u00eds. <strong><em>\u201cTenho muita dificuldade de fazer alguma coisa que n\u00e3o tenha paix\u00e3o\u201d<\/em><\/strong>, afirmou.<\/p>\n\n\n\n<p>Questionado se tinha saudades de fazer campanha pol\u00edtica e se ainda sonhava com a Presid\u00eancia da Rep\u00fablica, o ministro desconversou. <strong><em>\u201cTenho saudade de tocar viol\u00e3o, ler mais, ficar com meus filhos, mas foi a tarefa que assumi a convite do presidente\u201d<\/em><\/strong>, disse. <strong><em>\u201cSonhar com a Presid\u00eancia n\u00e3o faz bem \u00e0 sa\u00fade\u201d<\/em><\/strong>, brincou.<\/p>\n\n\n\n<p>Haddad foi candidato \u00e0 presidente em 2018, quando Lula estava preso, mas perdeu para Jair Bolsonaro. \u00c9 um dos mais cotados para ser o candidato do PT para o comando do pa\u00eds, mas s\u00f3 em 2030, j\u00e1 que\u00a0Lula deve tentar a reelei\u00e7\u00e3o em 2026.<\/p>\n\n\n\n<p>A \u00edntegra da entrevista com o ministro Fernando Haddad ser\u00e1 exibida no&nbsp;<strong>CNN<\/strong>&nbsp;360\u00ba desta quarta-feira (27).<\/p>\n\n\n\n<p><em>Fonte: CNN<\/em><\/p>\n","protected":false},"excerpt":{"rendered":"<p>Haddad \u00e9 alvo constante de \u201cfogo amigo\u201d do partido, que demanda mais gastos p\u00fablicos<\/p>\n","protected":false},"author":2,"featured_media":3884,"comment_status":"open","ping_status":"open","sticky":false,"template":"","format":"standard","meta":{"om_disable_all_campaigns":false,"_monsterinsights_skip_tracking":false,"_monsterinsights_sitenote_active":false,"_monsterinsights_sitenote_note":"","_monsterinsights_sitenote_category":0,"footnotes":""},"categories":[34,70,69,21],"tags":[100,71,48,93,75,4178,4180,129,107,405,4181,132,230,106,203,120,51,304,109,88,47,111,190],"class_list":["post-55432","post","type-post","status-publish","format-standard","has-post-thumbnail","hentry","category-brasil","category-destaques","category-noticias2","category-politica","tag-adustina","tag-antas","tag-araci","tag-brasil","tag-cicero-dantas","tag-cipo-2","tag-crisopolis-2","tag-euclides-da-cunha","tag-fatima","tag-fernando-haddad","tag-heliopolis-2","tag-itapicuru","tag-jeremoabo","tag-nova-soure","tag-novo-triunfo","tag-olindina","tag-paripiranga","tag-pt","tag-quijingue","tag-ribeira-do-amparo","tag-ribeira-do-pombal","tag-sitio-do-quinto","tag-tucano"],"aioseo_notices":[],"_links":{"self":[{"href":"https:\/\/www.portalalerta.com.br\/index.php\/wp-json\/wp\/v2\/posts\/55432","targetHints":{"allow":["GET"]}}],"collection":[{"href":"https:\/\/www.portalalerta.com.br\/index.php\/wp-json\/wp\/v2\/posts"}],"about":[{"href":"https:\/\/www.portalalerta.com.br\/index.php\/wp-json\/wp\/v2\/types\/post"}],"author":[{"embeddable":true,"href":"https:\/\/www.portalalerta.com.br\/index.php\/wp-json\/wp\/v2\/users\/2"}],"replies":[{"embeddable":true,"href":"https:\/\/www.portalalerta.com.br\/index.php\/wp-json\/wp\/v2\/comments?post=55432"}],"version-history":[{"count":1,"href":"https:\/\/www.portalalerta.com.br\/index.php\/wp-json\/wp\/v2\/posts\/55432\/revisions"}],"predecessor-version":[{"id":55433,"href":"https:\/\/www.portalalerta.com.br\/index.php\/wp-json\/wp\/v2\/posts\/55432\/revisions\/55433"}],"wp:featuredmedia":[{"embeddable":true,"href":"https:\/\/www.portalalerta.com.br\/index.php\/wp-json\/wp\/v2\/media\/3884"}],"wp:attachment":[{"href":"https:\/\/www.portalalerta.com.br\/index.php\/wp-json\/wp\/v2\/media?parent=55432"}],"wp:term":[{"taxonomy":"category","embeddable":true,"href":"https:\/\/www.portalalerta.com.br\/index.php\/wp-json\/wp\/v2\/categories?post=55432"},{"taxonomy":"post_tag","embeddable":true,"href":"https:\/\/www.portalalerta.com.br\/index.php\/wp-json\/wp\/v2\/tags?post=55432"}],"curies":[{"name":"wp","href":"https:\/\/api.w.org\/{rel}","templated":true}]}}