{"id":55437,"date":"2024-03-28T18:01:00","date_gmt":"2024-03-28T21:01:00","guid":{"rendered":"https:\/\/www.portalalerta.com.br\/?p=55437"},"modified":"2024-03-28T13:29:45","modified_gmt":"2024-03-28T16:29:45","slug":"estudantes-de-araci-ba-desenvolvem-sacola-sustentavel-feita-com-bioplastico-de-sisal","status":"publish","type":"post","link":"https:\/\/www.portalalerta.com.br\/index.php\/2024\/03\/28\/estudantes-de-araci-ba-desenvolvem-sacola-sustentavel-feita-com-bioplastico-de-sisal\/","title":{"rendered":"Estudantes de Araci-BA desenvolvem sacola \u2018sustent\u00e1vel\u2019 feita com biopl\u00e1stico de sisal"},"content":{"rendered":"\n<p>Estudantes do Centro Territorial de Educa\u00e7\u00e3o Profissional (Cetep) do munic\u00edpio de Araci, na regi\u00e3o sisaleira da Bahia, desenvolveram o projeto \u2018Ecosisal Bag\u2019 com o objetivo de substituir sacolas convencionais por ecobags feitas de biopl\u00e1stico de sisal.<\/p>\n\n\n\n<!--more-->\n\n\n<div class=\"wp-block-image\">\n<figure class=\"alignleft size-full\"><img fetchpriority=\"high\" decoding=\"async\" width=\"372\" height=\"786\" src=\"https:\/\/www.portalalerta.com.br\/wp-content\/uploads\/2024\/03\/Real-10x-100-juros-2024.jpg\" alt=\"\" class=\"wp-image-55190\" srcset=\"https:\/\/www.portalalerta.com.br\/wp-content\/uploads\/2024\/03\/Real-10x-100-juros-2024.jpg 372w, https:\/\/www.portalalerta.com.br\/wp-content\/uploads\/2024\/03\/Real-10x-100-juros-2024-114x240.jpg 114w\" sizes=\"(max-width: 372px) 100vw, 372px\" \/><\/figure><\/div>\n\n\n<p>A professora Pachiele da Silva orientou a equipe no projeto, que visa reduzir a polui\u00e7\u00e3o ambiental e valorizar os recursos naturais locais. <strong><em>\u201cA pesquisa foi realizada atrav\u00e9s de testes laboratoriais na nossa escola, envolvendo in\u00fameros ajustes de metodologia at\u00e9 alcan\u00e7armos o resultado esperado, um biopl\u00e1stico sustent\u00e1vel e renov\u00e1vel para a fabrica\u00e7\u00e3o da sacola\u201d,<\/em><\/strong> explica.<\/p>\n\n\n\n<p>A professora destaca que o uso do sisal como mat\u00e9ria-prima tamb\u00e9m pode gerar oportunidades de emprego na comunidade, especialmente em \u00e1reas rurais onde a planta \u00e9 cultivada.<\/p>\n\n\n\n<p>Com o apoio da Universidade Federal do Rec\u00f4ncavo da Bahia (UFRB), os estudantes ter\u00e3o a oportunidade de participar da Rota Cient\u00edfica Escolar, uma olimp\u00edada latino-americana de ci\u00eancias que acontece em Assun\u00e7\u00e3o, capital do Paraguai. O pr\u00f3ximo passo \u00e9 aprimorar o design e a funcionalidade das sacolas biodegrad\u00e1veis para atender a poss\u00edveis expectativas dos consumidores, como qualidade e usabilidade.<\/p>\n\n\n\n<p>O projeto \u2018Ecosisal Bag\u2019 faz parte do Programa Ci\u00eancia na Escola, da Secretaria de Educa\u00e7\u00e3o da Bahia e, al\u00e9m da orienta\u00e7\u00e3o de Pachiele da Silva, conta com participa\u00e7\u00e3o dos professores Carine Tondo e Luciano Hocevar. A equipe \u00e9 composta ainda pelos estudantes Gabriel Silva, N\u00edcolas Pimentel, \u00cadrian Santana e Taiala de Jesus.<\/p>\n\n\n\n<p>Estudantes do Cetep Araci desenvolvem sacola \u2018sustent\u00e1vel\u2019 feita com biopl\u00e1stico de sisal | Foto: Divulga\u00e7\u00e3o\/Secti<\/p>\n\n\n\n<p><em>Fonte: Not\u00edcias de SantaLuz<\/em><\/p>\n","protected":false},"excerpt":{"rendered":"<p>Estudantes do Centro Territorial de Educa\u00e7\u00e3o Profissional (Cetep) do munic\u00edpio de Araci, na regi\u00e3o sisaleira da Bahia, desenvolveram o projeto \u2018Ecosisal Bag\u2019 com o objetivo de substituir sacolas convencionais por ecobags feitas de biopl\u00e1stico de sisal.<\/p>\n","protected":false},"author":2,"featured_media":55425,"comment_status":"open","ping_status":"open","sticky":false,"template":"","format":"standard","meta":{"om_disable_all_campaigns":false,"_monsterinsights_skip_tracking":false,"_monsterinsights_sitenote_active":false,"_monsterinsights_sitenote_note":"","_monsterinsights_sitenote_category":0,"footnotes":""},"categories":[41,70,20,69,32],"tags":[100,71,48,750,75,4178,4180,140,129,107,4181,132,230,106,203,120,51,109,88,47,6791,2932,111,190],"class_list":["post-55437","post","type-post","status-publish","format-standard","has-post-thumbnail","hentry","category-araci","category-destaques","category-educacao","category-noticias2","category-regiao","tag-adustina","tag-antas","tag-araci","tag-cetep","tag-cicero-dantas","tag-cipo-2","tag-crisopolis-2","tag-educacao","tag-euclides-da-cunha","tag-fatima","tag-heliopolis-2","tag-itapicuru","tag-jeremoabo","tag-nova-soure","tag-novo-triunfo","tag-olindina","tag-paripiranga","tag-quijingue","tag-ribeira-do-amparo","tag-ribeira-do-pombal","tag-sacola-sustentavel","tag-sisal","tag-sitio-do-quinto","tag-tucano"],"aioseo_notices":[],"_links":{"self":[{"href":"https:\/\/www.portalalerta.com.br\/index.php\/wp-json\/wp\/v2\/posts\/55437","targetHints":{"allow":["GET"]}}],"collection":[{"href":"https:\/\/www.portalalerta.com.br\/index.php\/wp-json\/wp\/v2\/posts"}],"about":[{"href":"https:\/\/www.portalalerta.com.br\/index.php\/wp-json\/wp\/v2\/types\/post"}],"author":[{"embeddable":true,"href":"https:\/\/www.portalalerta.com.br\/index.php\/wp-json\/wp\/v2\/users\/2"}],"replies":[{"embeddable":true,"href":"https:\/\/www.portalalerta.com.br\/index.php\/wp-json\/wp\/v2\/comments?post=55437"}],"version-history":[{"count":1,"href":"https:\/\/www.portalalerta.com.br\/index.php\/wp-json\/wp\/v2\/posts\/55437\/revisions"}],"predecessor-version":[{"id":55438,"href":"https:\/\/www.portalalerta.com.br\/index.php\/wp-json\/wp\/v2\/posts\/55437\/revisions\/55438"}],"wp:featuredmedia":[{"embeddable":true,"href":"https:\/\/www.portalalerta.com.br\/index.php\/wp-json\/wp\/v2\/media\/55425"}],"wp:attachment":[{"href":"https:\/\/www.portalalerta.com.br\/index.php\/wp-json\/wp\/v2\/media?parent=55437"}],"wp:term":[{"taxonomy":"category","embeddable":true,"href":"https:\/\/www.portalalerta.com.br\/index.php\/wp-json\/wp\/v2\/categories?post=55437"},{"taxonomy":"post_tag","embeddable":true,"href":"https:\/\/www.portalalerta.com.br\/index.php\/wp-json\/wp\/v2\/tags?post=55437"}],"curies":[{"name":"wp","href":"https:\/\/api.w.org\/{rel}","templated":true}]}}