{"id":55439,"date":"2024-03-28T18:02:00","date_gmt":"2024-03-28T21:02:00","guid":{"rendered":"https:\/\/www.portalalerta.com.br\/?p=55439"},"modified":"2024-03-28T13:33:42","modified_gmt":"2024-03-28T16:33:42","slug":"colombia-expulsa-diplomatas-argentinos-apos-milei-chamar-petro-de-assassino-terrorista","status":"publish","type":"post","link":"https:\/\/www.portalalerta.com.br\/index.php\/2024\/03\/28\/colombia-expulsa-diplomatas-argentinos-apos-milei-chamar-petro-de-assassino-terrorista\/","title":{"rendered":"Col\u00f4mbia expulsa diplomatas argentinos ap\u00f3s Milei chamar Petro de \u201cassassino terrorista\u201d"},"content":{"rendered":"\n<p>O governo da Col\u00f4mbia ordenou nesta quarta-feira (27) a expuls\u00e3o de todo o corpo diplom\u00e1tico da Argentina no seu pa\u00eds, em protesto pelas declara\u00e7\u00f5es que o presidente Javier Milei fez contra o chefe de Estado colombiano, Gustavo Petro.<\/p>\n\n\n\n<!--more-->\n\n\n<div class=\"wp-block-image\">\n<figure class=\"alignleft size-full\"><img fetchpriority=\"high\" decoding=\"async\" width=\"400\" height=\"300\" src=\"https:\/\/www.portalalerta.com.br\/wp-content\/uploads\/2023\/01\/Auto-Escola-Sonho.jpg\" alt=\"\" class=\"wp-image-47083\" srcset=\"https:\/\/www.portalalerta.com.br\/wp-content\/uploads\/2023\/01\/Auto-Escola-Sonho.jpg 400w, https:\/\/www.portalalerta.com.br\/wp-content\/uploads\/2023\/01\/Auto-Escola-Sonho-320x240.jpg 320w\" sizes=\"(max-width: 400px) 100vw, 400px\" \/><\/figure><\/div>\n\n\n<p><strong><em>\u201cAs express\u00f5es do presidente argentino deterioraram a confian\u00e7a da nossa na\u00e7\u00e3o, al\u00e9m de ofenderem a dignidade do presidente Petro, que foi eleito democraticamente\u201d,<\/em><\/strong> afirmou o governo da Col\u00f4mbia em comunicado.<\/p>\n\n\n\n<p>A decis\u00e3o acontece depois de Milei dizer, em entrevista a Andr\u00e9s Oppenheimer, que&nbsp;<a href=\"https:\/\/www.cnnbrasil.com.br\/internacional\/waack-as-brigas-entre-presidentes-latino-americanos\/\" target=\"_blank\" rel=\"noreferrer noopener\">\u201cn\u00e3o se pode esperar muito de algu\u00e9m que foi um assassino terrorista\u201d<\/a>, em refer\u00eancia ao passado de guerrilha de Petro.<\/p>\n\n\n\n<p>Segundo o Minist\u00e9rio das Rela\u00e7\u00f5es Exteriores da Col\u00f4mbia, o alcance da expuls\u00e3o \u201cser\u00e1 comunicado \u00e0 embaixada argentina atrav\u00e9s dos canais institucionais diplom\u00e1ticos\u201d.<\/p>\n\n\n\n<p>A&nbsp;<strong>CNN<\/strong>&nbsp;pediu coment\u00e1rios \u00e0 chancelaria argentina sobre esta decis\u00e3o e aguarda resposta.<\/p>\n\n\n\n<p>Antes de a decis\u00e3o ser anunciada, o embaixador colombiano na Argentina, Camilo Romero, antecipou no X que o governo colombiano <strong><em>\u201cest\u00e1 explorando todas as medidas\u201d<\/em><\/strong> para responder \u00e0s declara\u00e7\u00f5es de Milei contra o Petro.<\/p>\n\n\n\n<p><em>Fonte: CNN<\/em><\/p>\n","protected":false},"excerpt":{"rendered":"<p>O governo da Col\u00f4mbia ordenou nesta quarta-feira (27) a expuls\u00e3o de todo o corpo diplom\u00e1tico da Argentina no seu pa\u00eds, em protesto pelas declara\u00e7\u00f5es que o presidente Javier Milei fez contra o chefe de Estado colombiano, Gustavo Petro.<\/p>\n","protected":false},"author":2,"featured_media":49069,"comment_status":"open","ping_status":"open","sticky":false,"template":"","format":"standard","meta":{"om_disable_all_campaigns":false,"_monsterinsights_skip_tracking":false,"_monsterinsights_sitenote_active":false,"_monsterinsights_sitenote_note":"","_monsterinsights_sitenote_category":0,"footnotes":""},"categories":[70,35,69],"tags":[100,71,48,297,75,4178,992,4180,6792,129,2374,107,6793,4181,132,6449,230,339,106,203,120,51,109,88,47,111,6794,190],"class_list":["post-55439","post","type-post","status-publish","format-standard","has-post-thumbnail","hentry","category-destaques","category-mundo","category-noticias2","tag-adustina","tag-antas","tag-araci","tag-argentina","tag-cicero-dantas","tag-cipo-2","tag-colombia","tag-crisopolis-2","tag-diplomatas","tag-euclides-da-cunha","tag-expulsao","tag-fatima","tag-gustavo-petro","tag-heliopolis-2","tag-itapicuru","tag-javier-milei","tag-jeremoabo","tag-mundo","tag-nova-soure","tag-novo-triunfo","tag-olindina","tag-paripiranga","tag-quijingue","tag-ribeira-do-amparo","tag-ribeira-do-pombal","tag-sitio-do-quinto","tag-terrorista","tag-tucano"],"aioseo_notices":[],"_links":{"self":[{"href":"https:\/\/www.portalalerta.com.br\/index.php\/wp-json\/wp\/v2\/posts\/55439","targetHints":{"allow":["GET"]}}],"collection":[{"href":"https:\/\/www.portalalerta.com.br\/index.php\/wp-json\/wp\/v2\/posts"}],"about":[{"href":"https:\/\/www.portalalerta.com.br\/index.php\/wp-json\/wp\/v2\/types\/post"}],"author":[{"embeddable":true,"href":"https:\/\/www.portalalerta.com.br\/index.php\/wp-json\/wp\/v2\/users\/2"}],"replies":[{"embeddable":true,"href":"https:\/\/www.portalalerta.com.br\/index.php\/wp-json\/wp\/v2\/comments?post=55439"}],"version-history":[{"count":1,"href":"https:\/\/www.portalalerta.com.br\/index.php\/wp-json\/wp\/v2\/posts\/55439\/revisions"}],"predecessor-version":[{"id":55440,"href":"https:\/\/www.portalalerta.com.br\/index.php\/wp-json\/wp\/v2\/posts\/55439\/revisions\/55440"}],"wp:featuredmedia":[{"embeddable":true,"href":"https:\/\/www.portalalerta.com.br\/index.php\/wp-json\/wp\/v2\/media\/49069"}],"wp:attachment":[{"href":"https:\/\/www.portalalerta.com.br\/index.php\/wp-json\/wp\/v2\/media?parent=55439"}],"wp:term":[{"taxonomy":"category","embeddable":true,"href":"https:\/\/www.portalalerta.com.br\/index.php\/wp-json\/wp\/v2\/categories?post=55439"},{"taxonomy":"post_tag","embeddable":true,"href":"https:\/\/www.portalalerta.com.br\/index.php\/wp-json\/wp\/v2\/tags?post=55439"}],"curies":[{"name":"wp","href":"https:\/\/api.w.org\/{rel}","templated":true}]}}