{"id":5544,"date":"2018-03-14T08:27:02","date_gmt":"2018-03-14T11:27:02","guid":{"rendered":"http:\/\/www.portalalerta.com.br\/?p=5544"},"modified":"2018-03-14T08:27:02","modified_gmt":"2018-03-14T11:27:02","slug":"ex-presidiario-sergipano-e-flagrado-com-veiculo-roubado-em-adustina-ba","status":"publish","type":"post","link":"https:\/\/www.portalalerta.com.br\/index.php\/2018\/03\/14\/ex-presidiario-sergipano-e-flagrado-com-veiculo-roubado-em-adustina-ba\/","title":{"rendered":"Ex-presidi\u00e1rio, sergipano \u00e9 flagrado com ve\u00edculo roubado, em Adustina-BA"},"content":{"rendered":"<p style=\"text-align: justify;\">Por volta das 16:30hs de ter\u00e7a-feira, 13, policiais militares de Adustina-BA, abordaram um suspeito que transitava nas proximidades do cemit\u00e9rio local.<!--more--><\/p>\n<p style=\"text-align: justify;\"><img decoding=\"async\" class=\"size-full wp-image-2814 alignleft\" src=\"http:\/\/www.portalalerta.com.br\/wp-content\/uploads\/2017\/11\/banner9.png\" alt=\"\" width=\"270\" height=\"174\" srcset=\"https:\/\/www.portalalerta.com.br\/wp-content\/uploads\/2017\/11\/banner9.png 270w, https:\/\/www.portalalerta.com.br\/wp-content\/uploads\/2017\/11\/banner9-227x146.png 227w, https:\/\/www.portalalerta.com.br\/wp-content\/uploads\/2017\/11\/banner9-50x32.png 50w, https:\/\/www.portalalerta.com.br\/wp-content\/uploads\/2017\/11\/banner9-116x75.png 116w\" sizes=\"(max-width: 270px) 100vw, 270px\" \/>Durante a abordagem, o suspeito afirmou que estaria num ve\u00edculo Volkswagen Fox, e que o mesmo estaria estacionado na Rua do Sal, nas proximidades da Prefeitura Municipal. No local, os militares realizaram buscas no interior do carro, bem como verificou os dados identificadores do mesmo, sendo constatado que o documento apresentado era falso, al\u00e9m de constar adultera\u00e7\u00e3o da placa, j\u00e1 que a verdadeira seria OKP 9214, com licen\u00e7a de Cama\u00e7ari-Ba, e n\u00e3o a que estava no carro, OKR 6704, com licen\u00e7a de Brumado-BA.<\/p>\n<p style=\"text-align: justify;\">Ao consultarem a placa verdadeira, os militares constataram que o ve\u00edculo \u00e9 proveniente de furto\/ roubo, ocorrido no munic\u00edpio de Cama\u00e7ari-BA. Desta forma, o abordado, identificado como Jos\u00e9 Raimundo Ribeiro de Souza, 47 anos, morador de Sim\u00e3o Dias-SE, foi conduzido para a Delegacia de Pol\u00edcia Civil da cidade, juntamente com o ve\u00edculo, onde foram apresentados por recepta\u00e7\u00e3o. Ainda segundo informa\u00e7\u00f5es, \u201cMaguinho\u201d como \u00e9 conhecido, j\u00e1 acumula passagens policiais.<\/p>\n<figure id=\"attachment_5545\" aria-describedby=\"caption-attachment-5545\" style=\"width: 500px\" class=\"wp-caption aligncenter\"><img fetchpriority=\"high\" decoding=\"async\" class=\"wp-image-5545 size-full\" src=\"http:\/\/www.portalalerta.com.br\/wp-content\/uploads\/2018\/03\/Jos\u00e9-Raimundo-Ribeiro-de-Souza-Maguinho.jpg\" alt=\"\" width=\"500\" height=\"400\" srcset=\"https:\/\/www.portalalerta.com.br\/wp-content\/uploads\/2018\/03\/Jos\u00e9-Raimundo-Ribeiro-de-Souza-Maguinho.jpg 500w, https:\/\/www.portalalerta.com.br\/wp-content\/uploads\/2018\/03\/Jos\u00e9-Raimundo-Ribeiro-de-Souza-Maguinho-300x240.jpg 300w, https:\/\/www.portalalerta.com.br\/wp-content\/uploads\/2018\/03\/Jos\u00e9-Raimundo-Ribeiro-de-Souza-Maguinho-183x146.jpg 183w, https:\/\/www.portalalerta.com.br\/wp-content\/uploads\/2018\/03\/Jos\u00e9-Raimundo-Ribeiro-de-Souza-Maguinho-50x40.jpg 50w, https:\/\/www.portalalerta.com.br\/wp-content\/uploads\/2018\/03\/Jos\u00e9-Raimundo-Ribeiro-de-Souza-Maguinho-94x75.jpg 94w\" sizes=\"(max-width: 500px) 100vw, 500px\" \/><figcaption id=\"caption-attachment-5545\" class=\"wp-caption-text\">&#8220;Maguinho&#8221; foi flagrado com um ve\u00edculo proveniente de crime, em Adustina-BA<\/figcaption><\/figure>\n<p style=\"text-align: justify;\"><a href=\"http:\/\/www.facebook.com.br\/pombalalerta\"><strong>Curta nossa p\u00e1gina no facebook, e continue atualizado sobre tudo o que acontece em sua cidade!<\/strong><\/a><\/p>\n<p style=\"text-align: justify;\"><a href=\"https:\/\/play.google.com\/store\/apps\/details?id=com.globalstore.pombalalerta&amp;hl=pt_BR\"><strong>Baixe o nosso aplicativo, e fique de olho na not\u00edcia!<\/strong><\/a><\/p>\n<p style=\"text-align: justify;\"><em>\u00a0<\/em><em>Reda\u00e7\u00e3o: Portal Alerta<\/em><\/p>\n","protected":false},"excerpt":{"rendered":"<p>Por volta das 16:30hs de ter\u00e7a-feira, 13, policiais militares de Adustina-BA, abordaram um suspeito que transitava nas proximidades do cemit\u00e9rio local.<\/p>\n","protected":false},"author":2,"featured_media":5546,"comment_status":"closed","ping_status":"open","sticky":false,"template":"","format":"standard","meta":{"om_disable_all_campaigns":false,"_monsterinsights_skip_tracking":false,"_monsterinsights_sitenote_active":false,"_monsterinsights_sitenote_note":"","_monsterinsights_sitenote_category":0,"footnotes":""},"categories":[40,70,69,32,22],"tags":[100,79,77,200,114,629,102],"class_list":["post-5544","post","type-post","status-publish","format-standard","has-post-thumbnail","hentry","category-adustina","category-destaques","category-noticias2","category-regiao","category-seguranca","tag-adustina","tag-policia-militar","tag-preso","tag-roubo-de-carro","tag-sergipe","tag-simao-dias","tag-veiculo-recuperado"],"aioseo_notices":[],"_links":{"self":[{"href":"https:\/\/www.portalalerta.com.br\/index.php\/wp-json\/wp\/v2\/posts\/5544","targetHints":{"allow":["GET"]}}],"collection":[{"href":"https:\/\/www.portalalerta.com.br\/index.php\/wp-json\/wp\/v2\/posts"}],"about":[{"href":"https:\/\/www.portalalerta.com.br\/index.php\/wp-json\/wp\/v2\/types\/post"}],"author":[{"embeddable":true,"href":"https:\/\/www.portalalerta.com.br\/index.php\/wp-json\/wp\/v2\/users\/2"}],"replies":[{"embeddable":true,"href":"https:\/\/www.portalalerta.com.br\/index.php\/wp-json\/wp\/v2\/comments?post=5544"}],"version-history":[{"count":0,"href":"https:\/\/www.portalalerta.com.br\/index.php\/wp-json\/wp\/v2\/posts\/5544\/revisions"}],"wp:featuredmedia":[{"embeddable":true,"href":"https:\/\/www.portalalerta.com.br\/index.php\/wp-json\/wp\/v2\/media\/5546"}],"wp:attachment":[{"href":"https:\/\/www.portalalerta.com.br\/index.php\/wp-json\/wp\/v2\/media?parent=5544"}],"wp:term":[{"taxonomy":"category","embeddable":true,"href":"https:\/\/www.portalalerta.com.br\/index.php\/wp-json\/wp\/v2\/categories?post=5544"},{"taxonomy":"post_tag","embeddable":true,"href":"https:\/\/www.portalalerta.com.br\/index.php\/wp-json\/wp\/v2\/tags?post=5544"}],"curies":[{"name":"wp","href":"https:\/\/api.w.org\/{rel}","templated":true}]}}