{"id":55461,"date":"2024-03-29T09:03:00","date_gmt":"2024-03-29T12:03:00","guid":{"rendered":"https:\/\/www.portalalerta.com.br\/?p=55461"},"modified":"2024-03-28T22:41:04","modified_gmt":"2024-03-29T01:41:04","slug":"e-grave-que-a-candidata-nao-possa-ter-sido-registrada-diz-lula-sobre-eleicao-na-venezuela","status":"publish","type":"post","link":"https:\/\/www.portalalerta.com.br\/index.php\/2024\/03\/29\/e-grave-que-a-candidata-nao-possa-ter-sido-registrada-diz-lula-sobre-eleicao-na-venezuela\/","title":{"rendered":"\u201c\u00c9 grave que a candidata n\u00e3o possa ter sido registrada\u201d, diz Lula sobre elei\u00e7\u00e3o na Venezuela"},"content":{"rendered":"\n<p>O presidente Luiz In\u00e1cio Lula da Silva (PT) disse, nesta quinta-feira (28), que \u00e9 grave a candidata Corina Yoris do bloco opositor majorit\u00e1rio, Plataforma Unit\u00e1ria,\u00a0n\u00e3o tenha conseguido se inscrever para a elei\u00e7\u00e3o na Venezuela.<\/p>\n\n\n\n<!--more-->\n\n\n\n<p>A fala aconteceu durante entrevista coletiva no Pal\u00e1cio do Planalto ao lado do presidente da Fran\u00e7a, Emmanuel Macron.<\/p>\n\n\n\n<p><strong><em>\u201cAgora \u00e9 grave que a candidata n\u00e3o possa ter sido registrada. N\u00e3o foi proibida pela Justi\u00e7a, me parece que ela se dirigiu at\u00e9 o lugar e tentou o computador do local e n\u00e3o conseguiu entrar\u201d,<\/em><\/strong> afirmou Lula.<\/p>\n\n\n<div class=\"wp-block-image\">\n<figure class=\"alignleft size-full\"><img fetchpriority=\"high\" decoding=\"async\" width=\"372\" height=\"786\" src=\"https:\/\/www.portalalerta.com.br\/wp-content\/uploads\/2024\/03\/Real-10x-100-juros-2024.jpg\" alt=\"\" class=\"wp-image-55190\" srcset=\"https:\/\/www.portalalerta.com.br\/wp-content\/uploads\/2024\/03\/Real-10x-100-juros-2024.jpg 372w, https:\/\/www.portalalerta.com.br\/wp-content\/uploads\/2024\/03\/Real-10x-100-juros-2024-114x240.jpg 114w\" sizes=\"(max-width: 372px) 100vw, 372px\" \/><\/figure><\/div>\n\n\n<p><strong><em>\u201cEnt\u00e3o, foi uma coisa que causou preju\u00edzo a uma candidata, que por coincid\u00eancia leva o mesmo nome da candidata que tinha sido proibida de ser candidata\u201d,<\/em><\/strong> prosseguiu.<\/p>\n\n\n\n<p>Na \u00faltima ter\u00e7a-feira (26),\u00a0o governo brasileiro manifestou que \u201cacompanha com expectativa e preocupa\u00e7\u00e3o\u201d o desenrolar do processo eleitoral\u201d venezuelano.<\/p>\n\n\n\n<p>Yoris havia sido indicada como representante de Mar\u00eda Corina Machado, que foi impedida de ocupar cargos p\u00fablicos por 15 anos.<\/p>\n\n\n\n<p>Macron concordou com a fala de Lula e disse que a maneira como o rito eleitoral est\u00e1 acontecendo no pa\u00eds n\u00e3o pode ser considerada democr\u00e1tica.<\/p>\n\n\n\n<p><strong><em>\u201cCondenamos firmemente por terem tirado uma candidata muito boa desse processo e espero que seja poss\u00edvel ter um novo marco nos pr\u00f3ximos dias e semanas. N\u00e3o nos desesperemos, mas a situa\u00e7\u00e3o \u00e9 grave e piorou com a \u00faltima decis\u00e3o. N\u00f3s temos uma vis\u00e3o comum perfeita\u201d,<\/em><\/strong> expressou o chefe de Estado franc\u00eas.<\/p>\n\n\n\n<p><strong>Entenda o caso<\/strong><\/p>\n\n\n\n<p>Na \u00faltima segunda-feira (25), Corina Yoris denunciou que n\u00e3o estava conseguindo se inscrever para o pleito pelos partidos da Plataforma Unit\u00e1ria. O prazo terminava na meia-noite daquele dia.<\/p>\n\n\n\n<p><strong><em>\u201cFizemos todas as tentativas para introduzir os dados dos partidos Mesa da Unidade Democr\u00e1tica e Um Novo Tempo e o sistema est\u00e1 completamente fechado para entrar digitalmente\u201d,<\/em><\/strong> disse Yoris sobre a tentativa de se candidatar para o pleito pelas siglas do bloco opositor Plataforma Unit\u00e1ria.<\/p>\n\n\n\n<p>Segundo Yoris, o problema n\u00e3o \u00e9 somente com seu nome, mas com os <strong><em>\u201cpartidos que n\u00e3o t\u00eam acesso\u201d.<\/em><\/strong> <strong><em>\u201cEsgotamos todos os meios ao nosso alcance para resolver isso\u201d,<\/em><\/strong> disse, complementando: <strong><em>\u201cQualquer cidad\u00e3o que tente se candidatar porque o acesso est\u00e1 impedido para os partidos.\u201d<\/em><\/strong><\/p>\n\n\n\n<p>Ela ainda disse que sua equipe tentou ir pessoalmente ao Conselho Nacional Eleitoral (CNE) para entregar uma carta solicitando uma prorroga\u00e7\u00e3o do prazo de inscri\u00e7\u00e3o de candidaturas, j\u00e1 que os partidos n\u00e3o conseguiram se inscrever.<\/p>\n\n\n\n<p><strong><em>\u201cNem fisicamente pudemos fazer isso porque os acessos ao CNE est\u00e3o ocupados militarmente e n\u00e3o conseguimos chegar\u201d, <\/em><\/strong>contou.<\/p>\n\n\n\n<p>O bloqueio, em sua vers\u00e3o, acontece sem que ela tenha qualquer impedimento para concorrer, ao contr\u00e1rio de Machado, que foi proibida, por senten\u00e7a do Tribunal Superior de Justi\u00e7a, de ocupar cargos p\u00fablicos pelos pr\u00f3ximos 15 anos.<\/p>\n\n\n\n<p><strong><em>\u201cQuero enfatizar que meus direitos pol\u00edticos est\u00e3o inc\u00f3lumes, n\u00e3o tenho mancha nenhuma, n\u00e3o posso ser inabilitada sob nenhum aspecto\u201d,<\/em><\/strong> explicou.<\/p>\n\n\n\n<p><em>Fonte: CNN<\/em><\/p>\n","protected":false},"excerpt":{"rendered":"<p>O presidente Luiz In\u00e1cio Lula da Silva (PT) disse, nesta quinta-feira (28), que \u00e9 grave a candidata Corina Yoris do bloco opositor majorit\u00e1rio, Plataforma Unit\u00e1ria,\u00a0n\u00e3o tenha conseguido se inscrever para a elei\u00e7\u00e3o na Venezuela.<\/p>\n","protected":false},"author":2,"featured_media":54763,"comment_status":"open","ping_status":"open","sticky":false,"template":"","format":"standard","meta":{"om_disable_all_campaigns":false,"_monsterinsights_skip_tracking":false,"_monsterinsights_sitenote_active":false,"_monsterinsights_sitenote_note":"","_monsterinsights_sitenote_category":0,"footnotes":""},"categories":[34,70,35,69,21],"tags":[100,71,48,93,75,4178,4180,381,129,107,4181,132,230,303,1112,106,203,120,51,109,88,47,111,190,326],"class_list":["post-55461","post","type-post","status-publish","format-standard","has-post-thumbnail","hentry","category-brasil","category-destaques","category-mundo","category-noticias2","category-politica","tag-adustina","tag-antas","tag-araci","tag-brasil","tag-cicero-dantas","tag-cipo-2","tag-crisopolis-2","tag-eleicoes","tag-euclides-da-cunha","tag-fatima","tag-heliopolis-2","tag-itapicuru","tag-jeremoabo","tag-lula","tag-nicolas-maduro","tag-nova-soure","tag-novo-triunfo","tag-olindina","tag-paripiranga","tag-quijingue","tag-ribeira-do-amparo","tag-ribeira-do-pombal","tag-sitio-do-quinto","tag-tucano","tag-venezuela"],"aioseo_notices":[],"_links":{"self":[{"href":"https:\/\/www.portalalerta.com.br\/index.php\/wp-json\/wp\/v2\/posts\/55461","targetHints":{"allow":["GET"]}}],"collection":[{"href":"https:\/\/www.portalalerta.com.br\/index.php\/wp-json\/wp\/v2\/posts"}],"about":[{"href":"https:\/\/www.portalalerta.com.br\/index.php\/wp-json\/wp\/v2\/types\/post"}],"author":[{"embeddable":true,"href":"https:\/\/www.portalalerta.com.br\/index.php\/wp-json\/wp\/v2\/users\/2"}],"replies":[{"embeddable":true,"href":"https:\/\/www.portalalerta.com.br\/index.php\/wp-json\/wp\/v2\/comments?post=55461"}],"version-history":[{"count":1,"href":"https:\/\/www.portalalerta.com.br\/index.php\/wp-json\/wp\/v2\/posts\/55461\/revisions"}],"predecessor-version":[{"id":55462,"href":"https:\/\/www.portalalerta.com.br\/index.php\/wp-json\/wp\/v2\/posts\/55461\/revisions\/55462"}],"wp:featuredmedia":[{"embeddable":true,"href":"https:\/\/www.portalalerta.com.br\/index.php\/wp-json\/wp\/v2\/media\/54763"}],"wp:attachment":[{"href":"https:\/\/www.portalalerta.com.br\/index.php\/wp-json\/wp\/v2\/media?parent=55461"}],"wp:term":[{"taxonomy":"category","embeddable":true,"href":"https:\/\/www.portalalerta.com.br\/index.php\/wp-json\/wp\/v2\/categories?post=55461"},{"taxonomy":"post_tag","embeddable":true,"href":"https:\/\/www.portalalerta.com.br\/index.php\/wp-json\/wp\/v2\/tags?post=55461"}],"curies":[{"name":"wp","href":"https:\/\/api.w.org\/{rel}","templated":true}]}}