{"id":5548,"date":"2018-03-14T12:13:19","date_gmt":"2018-03-14T15:13:19","guid":{"rendered":"http:\/\/www.portalalerta.com.br\/?p=5548"},"modified":"2018-03-14T12:13:19","modified_gmt":"2018-03-14T15:13:19","slug":"selecao-de-itapicuru-ba-vence-e-assume-lideranca-na-copa-da-laranja","status":"publish","type":"post","link":"https:\/\/www.portalalerta.com.br\/index.php\/2018\/03\/14\/selecao-de-itapicuru-ba-vence-e-assume-lideranca-na-copa-da-laranja\/","title":{"rendered":"Sele\u00e7\u00e3o de Itapicuru-BA vence e assume lideran\u00e7a na Copa da Laranja"},"content":{"rendered":"<p style=\"text-align: justify;\">A Sele\u00e7\u00e3o de Itapicuru venceu por 2 X 0 a Selecao de Apor\u00e1 na tarde do \u00faltimo domingo\u00a0 (11\/03) no Est\u00e1dio Jos\u00e9 Caldas de Almeida Filho\u00a0e assumiu a lideran\u00e7a\u00a0 do grupo B. O\u00a0resultado\u00a0positivo foi muito importante visto que a sele\u00e7\u00e3o tinha perdido\u00a0 o \u00faltimo\u00a0 jogo.\u00a0<!--more--><\/p>\n<p style=\"text-align: justify;\"><strong>Sequ\u00eancia<\/strong><br \/>\n<img fetchpriority=\"high\" decoding=\"async\" class=\"size-full wp-image-2902 alignleft\" src=\"http:\/\/www.portalalerta.com.br\/wp-content\/uploads\/2017\/11\/elab-2.jpg\" alt=\"\" width=\"310\" height=\"200\" srcset=\"https:\/\/www.portalalerta.com.br\/wp-content\/uploads\/2017\/11\/elab-2.jpg 310w, https:\/\/www.portalalerta.com.br\/wp-content\/uploads\/2017\/11\/elab-2-226x146.jpg 226w, https:\/\/www.portalalerta.com.br\/wp-content\/uploads\/2017\/11\/elab-2-50x32.jpg 50w, https:\/\/www.portalalerta.com.br\/wp-content\/uploads\/2017\/11\/elab-2-116x75.jpg 116w\" sizes=\"(max-width: 310px) 100vw, 310px\" \/>A Sele\u00e7\u00e3o de Itapicuru volta a jogar pela Copa da Laranja no pr\u00f3ximo domingo (18\/03), diante da Sele\u00e7\u00e3o de Apor\u00e1, desta vez fora de\u00a0casa, \u00e0s 15 horas. Fecha a rodada do grupo B, Rio Real\u00a0 X Entre Rios.<\/p>\n<p style=\"text-align: justify;\">No grupo A, Esplanada lidera com 9 pontos, ap\u00f3s triunfo contra Itanagra. Em segundo vem o Conde com 6 pontos.<\/p>\n<p style=\"text-align: justify;\">Confira\u00a0os resultados da terceira rodada da Copa da Laranja:<\/p>\n<p style=\"text-align: justify;\">Esplanada\u00a0 4 X 0 Itanagra<\/p>\n<p style=\"text-align: justify;\">\u00a0Acajutiba 0 X 1 Conde<\/p>\n<p style=\"text-align: justify;\">Itapicuru 2 X 0\u00a0Apor\u00e1<\/p>\n<p style=\"text-align: justify;\">\u00a0Entre Rios 0 X 0 Rio Real<\/p>\n<p><strong>Classifica\u00e7\u00e3o\u00a0ap\u00f3s a 3\u00aa rodada<\/strong><\/p>\n<figure id=\"attachment_5549\" aria-describedby=\"caption-attachment-5549\" style=\"width: 400px\" class=\"wp-caption aligncenter\"><img decoding=\"async\" class=\"size-full wp-image-5549\" src=\"http:\/\/www.portalalerta.com.br\/wp-content\/uploads\/2018\/03\/Copa-da-Laranja-Grupo-A.2.jpg\" alt=\"\" width=\"400\" height=\"220\" srcset=\"https:\/\/www.portalalerta.com.br\/wp-content\/uploads\/2018\/03\/Copa-da-Laranja-Grupo-A.2.jpg 400w, https:\/\/www.portalalerta.com.br\/wp-content\/uploads\/2018\/03\/Copa-da-Laranja-Grupo-A.2-260x143.jpg 260w, https:\/\/www.portalalerta.com.br\/wp-content\/uploads\/2018\/03\/Copa-da-Laranja-Grupo-A.2-50x28.jpg 50w, https:\/\/www.portalalerta.com.br\/wp-content\/uploads\/2018\/03\/Copa-da-Laranja-Grupo-A.2-136x75.jpg 136w\" sizes=\"(max-width: 400px) 100vw, 400px\" \/><figcaption id=\"caption-attachment-5549\" class=\"wp-caption-text\">Grupo A<\/figcaption><\/figure>\n<figure id=\"attachment_5550\" aria-describedby=\"caption-attachment-5550\" style=\"width: 400px\" class=\"wp-caption aligncenter\"><img decoding=\"async\" class=\"size-full wp-image-5550\" src=\"http:\/\/www.portalalerta.com.br\/wp-content\/uploads\/2018\/03\/Copa-da-Laranja-Grupo-B.1.jpg\" alt=\"\" width=\"400\" height=\"220\" srcset=\"https:\/\/www.portalalerta.com.br\/wp-content\/uploads\/2018\/03\/Copa-da-Laranja-Grupo-B.1.jpg 400w, https:\/\/www.portalalerta.com.br\/wp-content\/uploads\/2018\/03\/Copa-da-Laranja-Grupo-B.1-260x143.jpg 260w, https:\/\/www.portalalerta.com.br\/wp-content\/uploads\/2018\/03\/Copa-da-Laranja-Grupo-B.1-50x28.jpg 50w, https:\/\/www.portalalerta.com.br\/wp-content\/uploads\/2018\/03\/Copa-da-Laranja-Grupo-B.1-136x75.jpg 136w\" sizes=\"(max-width: 400px) 100vw, 400px\" \/><figcaption id=\"caption-attachment-5550\" class=\"wp-caption-text\">Grupo B<\/figcaption><\/figure>\n<p style=\"text-align: justify;\"><em>Fonte: Itapicuru Not\u00edcias\u00a0\u00a0<\/em><\/p>\n<p style=\"text-align: justify;\">\n","protected":false},"excerpt":{"rendered":"<p>A Sele\u00e7\u00e3o de Itapicuru venceu por 2 X 0 a Selecao de Apor\u00e1 na tarde do \u00faltimo domingo\u00a0 (11\/03) no Est\u00e1dio Jos\u00e9 Caldas de Almeida Filho\u00a0e assumiu a lideran\u00e7a\u00a0 do grupo B. O\u00a0resultado\u00a0positivo foi muito importante visto que a sele\u00e7\u00e3o tinha perdido\u00a0 o \u00faltimo\u00a0 jogo.\u00a0<\/p>\n","protected":false},"author":2,"featured_media":4842,"comment_status":"closed","ping_status":"open","sticky":false,"template":"","format":"standard","meta":{"om_disable_all_campaigns":false,"_monsterinsights_skip_tracking":false,"_monsterinsights_sitenote_active":false,"_monsterinsights_sitenote_note":"","_monsterinsights_sitenote_category":0,"footnotes":""},"categories":[2,18,69,32],"tags":[124,343,617,96,97,132],"class_list":["post-5548","post","type-post","status-publish","format-standard","has-post-thumbnail","hentry","category-esportes","category-itapicuru","category-noticias2","category-regiao","tag-124","tag-apora","tag-copa-da-laranja","tag-esporte","tag-futebol","tag-itapicuru"],"aioseo_notices":[],"_links":{"self":[{"href":"https:\/\/www.portalalerta.com.br\/index.php\/wp-json\/wp\/v2\/posts\/5548","targetHints":{"allow":["GET"]}}],"collection":[{"href":"https:\/\/www.portalalerta.com.br\/index.php\/wp-json\/wp\/v2\/posts"}],"about":[{"href":"https:\/\/www.portalalerta.com.br\/index.php\/wp-json\/wp\/v2\/types\/post"}],"author":[{"embeddable":true,"href":"https:\/\/www.portalalerta.com.br\/index.php\/wp-json\/wp\/v2\/users\/2"}],"replies":[{"embeddable":true,"href":"https:\/\/www.portalalerta.com.br\/index.php\/wp-json\/wp\/v2\/comments?post=5548"}],"version-history":[{"count":0,"href":"https:\/\/www.portalalerta.com.br\/index.php\/wp-json\/wp\/v2\/posts\/5548\/revisions"}],"wp:featuredmedia":[{"embeddable":true,"href":"https:\/\/www.portalalerta.com.br\/index.php\/wp-json\/wp\/v2\/media\/4842"}],"wp:attachment":[{"href":"https:\/\/www.portalalerta.com.br\/index.php\/wp-json\/wp\/v2\/media?parent=5548"}],"wp:term":[{"taxonomy":"category","embeddable":true,"href":"https:\/\/www.portalalerta.com.br\/index.php\/wp-json\/wp\/v2\/categories?post=5548"},{"taxonomy":"post_tag","embeddable":true,"href":"https:\/\/www.portalalerta.com.br\/index.php\/wp-json\/wp\/v2\/tags?post=5548"}],"curies":[{"name":"wp","href":"https:\/\/api.w.org\/{rel}","templated":true}]}}