{"id":5552,"date":"2018-03-14T12:25:34","date_gmt":"2018-03-14T15:25:34","guid":{"rendered":"http:\/\/www.portalalerta.com.br\/?p=5552"},"modified":"2018-03-14T12:25:34","modified_gmt":"2018-03-14T15:25:34","slug":"acusada-de-envolvimento-em-triplo-homicidio-ocorrido-na-zona-rural-de-ribeira-do-pombal-e-novamente-presa","status":"publish","type":"post","link":"https:\/\/www.portalalerta.com.br\/index.php\/2018\/03\/14\/acusada-de-envolvimento-em-triplo-homicidio-ocorrido-na-zona-rural-de-ribeira-do-pombal-e-novamente-presa\/","title":{"rendered":"Acusada de envolvimento em triplo homic\u00eddio ocorrido na zona rural de Ribeira do Pombal \u00e9 novamente presa"},"content":{"rendered":"<p style=\"text-align: justify;\">Apontada pela pol\u00edcia de ter participado do triplo homic\u00eddio qualificado que teve como v\u00edtimas tr\u00eas irm\u00e3os no povoado de Barro Vermelho, em 21 de janeiro de 2018, no Munic\u00edpio de Ribeira do Pombal\/BA, Gelma Fernandes de Morais, conhecida como Gelma, que se encontrava em liberdade, depois de cumprir pris\u00e3o tempor\u00e1ria, voltou para a cadeia.<!--more--><\/p>\n<p style=\"text-align: justify;\">A pris\u00e3o aconteceu por volta das 12h30 da \u00faltima segunda-feira (12\/03), pelos agentes policiais civis Raphael Rangel e Moura, da 25\u00aa Coorpin, que deram cumprimento ao mandado de pris\u00e3o, desta vez, preventiva, expedido em seu desfavor pelo Ju\u00edzo da Vara Criminal da Comarca de Ribeira do Pombal. Gelma se encontra recolhida \u00e0 cust\u00f3dia do Complexo Policial Civil de Euclides da Cunha, onde permanecer\u00e1 \u00e0 disposi\u00e7\u00e3o da Justi\u00e7a, para julgamento.<\/p>\n<p style=\"text-align: justify;\"><strong><img fetchpriority=\"high\" decoding=\"async\" class=\"size-thumbnail wp-image-4869 aligncenter\" src=\"http:\/\/www.portalalerta.com.br\/wp-content\/uploads\/2018\/02\/Auto-Escola-Nobre-720x181.jpg\" alt=\"\" width=\"720\" height=\"181\" srcset=\"https:\/\/www.portalalerta.com.br\/wp-content\/uploads\/2018\/02\/Auto-Escola-Nobre.jpg 720w, https:\/\/www.portalalerta.com.br\/wp-content\/uploads\/2018\/02\/Auto-Escola-Nobre-260x65.jpg 260w, https:\/\/www.portalalerta.com.br\/wp-content\/uploads\/2018\/02\/Auto-Escola-Nobre-50x13.jpg 50w, https:\/\/www.portalalerta.com.br\/wp-content\/uploads\/2018\/02\/Auto-Escola-Nobre-150x38.jpg 150w\" sizes=\"(max-width: 720px) 100vw, 720px\" \/>O crime<\/strong><\/p>\n<p style=\"text-align: justify;\">Na tarde de domingo, 21, um crime chocou o munic\u00edpio de Ribeira do Pombal e Regi\u00e3o. Na ocasi\u00e3o, os irm\u00e3os Cl\u00e1udio dos Santos Matos, 31 anos, Reures dos Santos Matos, 29 anos, e Bruno dos Santos Matos, 27 anos, foram assassinados quando se encontravam no interior de uma bar no povoado Barro Vermelho, em Ribeira do Pombal.<\/p>\n<p style=\"text-align: justify;\">Ap\u00f3s ser alvejado por disparos de arma de fogo, Bruno foi decapitado pelos criminosos, que posteriormente exibiram a cabe\u00e7a da v\u00edtima em redes sociais.<\/p>\n<p><strong>Links Relacionados:\u00a0<\/strong><\/p>\n<p><a href=\"http:\/\/www.portalalerta.com.br\/index.php\/2018\/01\/27\/mais-dois-suspeitos-de-terem-participado-de-triplo-homicidio-em-ribeira-do-pombal-sao-presos-em-euclides-da-cunha-ba\/\"><strong>Mais dois suspeitos de terem participado de Triplo Homic\u00eddio em Ribeira do Pombal, s\u00e3o presos em Euclides da Cunha-BA<\/strong><\/a><\/p>\n<p><a href=\"http:\/\/www.portalalerta.com.br\/index.php\/2018\/01\/22\/tres-irmaos-sao-assassinados-em-ribeira-do-pombal-um-deles-foi-decapitado\/\"><strong>Tr\u00eas irm\u00e3os s\u00e3o assassinados em Ribeira do Pombal. Um deles foi decapitado!<\/strong><\/a><\/p>\n<p style=\"text-align: justify;\"><em>Fonte: euclidesdacunha.com<\/em><\/p>\n","protected":false},"excerpt":{"rendered":"<p>Apontada pela pol\u00edcia de ter participado do triplo homic\u00eddio qualificado que teve como v\u00edtimas tr\u00eas irm\u00e3os no povoado de Barro Vermelho, em 21 de janeiro de 2018, no Munic\u00edpio de Ribeira do Pombal\/BA, Gelma Fernandes de Morais, conhecida como Gelma, que se encontrava em liberdade, depois de cumprir pris\u00e3o tempor\u00e1ria, voltou para a cadeia.<\/p>\n","protected":false},"author":2,"featured_media":5553,"comment_status":"closed","ping_status":"open","sticky":false,"template":"","format":"standard","meta":{"om_disable_all_campaigns":false,"_monsterinsights_skip_tracking":false,"_monsterinsights_sitenote_active":false,"_monsterinsights_sitenote_note":"","_monsterinsights_sitenote_category":0,"footnotes":""},"categories":[70,17,69,32,3,22],"tags":[129,206,488,122,768,47],"class_list":["post-5552","post","type-post","status-publish","format-standard","has-post-thumbnail","hentry","category-destaques","category-euclides-da-cunha","category-noticias2","category-regiao","category-ribeira-do-pombal","category-seguranca","tag-euclides-da-cunha","tag-homicidio","tag-mandado-de-prisao","tag-policia-civil","tag-prisao-preventiva","tag-ribeira-do-pombal"],"aioseo_notices":[],"_links":{"self":[{"href":"https:\/\/www.portalalerta.com.br\/index.php\/wp-json\/wp\/v2\/posts\/5552","targetHints":{"allow":["GET"]}}],"collection":[{"href":"https:\/\/www.portalalerta.com.br\/index.php\/wp-json\/wp\/v2\/posts"}],"about":[{"href":"https:\/\/www.portalalerta.com.br\/index.php\/wp-json\/wp\/v2\/types\/post"}],"author":[{"embeddable":true,"href":"https:\/\/www.portalalerta.com.br\/index.php\/wp-json\/wp\/v2\/users\/2"}],"replies":[{"embeddable":true,"href":"https:\/\/www.portalalerta.com.br\/index.php\/wp-json\/wp\/v2\/comments?post=5552"}],"version-history":[{"count":0,"href":"https:\/\/www.portalalerta.com.br\/index.php\/wp-json\/wp\/v2\/posts\/5552\/revisions"}],"wp:featuredmedia":[{"embeddable":true,"href":"https:\/\/www.portalalerta.com.br\/index.php\/wp-json\/wp\/v2\/media\/5553"}],"wp:attachment":[{"href":"https:\/\/www.portalalerta.com.br\/index.php\/wp-json\/wp\/v2\/media?parent=5552"}],"wp:term":[{"taxonomy":"category","embeddable":true,"href":"https:\/\/www.portalalerta.com.br\/index.php\/wp-json\/wp\/v2\/categories?post=5552"},{"taxonomy":"post_tag","embeddable":true,"href":"https:\/\/www.portalalerta.com.br\/index.php\/wp-json\/wp\/v2\/tags?post=5552"}],"curies":[{"name":"wp","href":"https:\/\/api.w.org\/{rel}","templated":true}]}}