{"id":5555,"date":"2018-03-14T13:17:51","date_gmt":"2018-03-14T16:17:51","guid":{"rendered":"http:\/\/www.portalalerta.com.br\/?p=5555"},"modified":"2018-03-14T13:17:51","modified_gmt":"2018-03-14T16:17:51","slug":"banzae-camara-aprova-brasao-e-bandeira-oficial","status":"publish","type":"post","link":"https:\/\/www.portalalerta.com.br\/index.php\/2018\/03\/14\/banzae-camara-aprova-brasao-e-bandeira-oficial\/","title":{"rendered":"Banza\u00ea: C\u00e2mara aprova Bras\u00e3o e Bandeira oficial"},"content":{"rendered":"<p style=\"text-align: justify;\">Em Sess\u00e3o Ordin\u00e1ria realizada na noite desta segunda-feira (12), a maioria dos vereadores da C\u00e2mara Municipal de Vereadores de Banza\u00ea aprovaram a Bandeira e o Bras\u00e3o oficial do munic\u00edpio.<!--more--><\/p>\n<p style=\"text-align: justify;\"><strong><img fetchpriority=\"high\" decoding=\"async\" class=\"size-full wp-image-2867 aligncenter\" src=\"http:\/\/www.portalalerta.com.br\/wp-content\/uploads\/2017\/11\/protege-1.jpg\" alt=\"\" width=\"600\" height=\"140\" \/>Significado<\/strong><\/p>\n<p style=\"text-align: justify;\"><strong>O Azul do Primeiro Ret\u00e2ngulo e da Faixa central com o nome Banza\u00ea \u2013 BA:<\/strong>\u00a0\u00c9 uma homenagem a nossa Emancipa\u00e7\u00e3o Pol\u00edtica, em 24 de Fevereiro de 1989, representa nossas fontes h\u00eddricas e o c\u00e9u, essa cor \u00e9 frequentemente associada com a profundidade e estabilidade.<\/p>\n<p style=\"text-align: justify;\"><strong>O segundo Ret\u00e2ngulo Vermelho:<\/strong>\u00a0Simboliza o orgulho por nossa terra bem como as lutas e conquistas dos povos que comp\u00f5em a etnia do nosso munic\u00edpio.<\/p>\n<p style=\"text-align: justify;\"><strong>O\u00a0Oct\u00f3gono Branco:<\/strong>\u00a0Representa a Reserva Ind\u00edgena Kiriri. Essa \u00e9 uma cor que remete a paz, sinceridade, pureza, verdade.<\/p>\n<p style=\"text-align: justify;\"><strong>O Timbre:<\/strong>\u00a0Uma fortaleza de constru\u00e7\u00e3o antiga, com quatro merl\u00f5es e quatro portas que representam os Quatro pilares da administra\u00e7\u00e3o, sendo eles: Controle, Dire\u00e7\u00e3o, Organiza\u00e7\u00e3o e Planejamento.<\/p>\n<p style=\"text-align: justify;\"><strong>Elementos que comp\u00f5em o Escudo:<\/strong><\/p>\n<p style=\"text-align: justify;\"><strong>Boi:<\/strong>\u00a0Refer\u00eancia a Pecu\u00e1ria.<\/p>\n<p style=\"text-align: justify;\"><strong>Mel:<\/strong>\u00a0Refer\u00eancia a Apicultura.<\/p>\n<p style=\"text-align: justify;\"><strong>Caju:<\/strong>\u00a0Refer\u00eancia a Cajucultura.<\/p>\n<p style=\"text-align: justify;\"><strong>Feij\u00e3o e Milho<\/strong>: Refer\u00eancia a Agricultura Familiar.<\/p>\n<p style=\"text-align: justify;\"><em>Fonte: Banza\u00ea News<\/em><\/p>\n","protected":false},"excerpt":{"rendered":"<p>Em Sess\u00e3o Ordin\u00e1ria realizada na noite desta segunda-feira (12), a maioria dos vereadores da C\u00e2mara Municipal de Vereadores de Banza\u00ea aprovaram a Bandeira e o Bras\u00e3o oficial do munic\u00edpio.<\/p>\n","protected":false},"author":2,"featured_media":5556,"comment_status":"closed","ping_status":"open","sticky":false,"template":"","format":"standard","meta":{"om_disable_all_campaigns":false,"_monsterinsights_skip_tracking":false,"_monsterinsights_sitenote_active":false,"_monsterinsights_sitenote_note":"","_monsterinsights_sitenote_category":0,"footnotes":""},"categories":[39,70,69,32],"tags":[770,49,769,211],"class_list":["post-5555","post","type-post","status-publish","format-standard","has-post-thumbnail","hentry","category-banzae","category-destaques","category-noticias2","category-regiao","tag-bandeira","tag-banzae","tag-brasao","tag-camara-de-vereadores"],"aioseo_notices":[],"_links":{"self":[{"href":"https:\/\/www.portalalerta.com.br\/index.php\/wp-json\/wp\/v2\/posts\/5555","targetHints":{"allow":["GET"]}}],"collection":[{"href":"https:\/\/www.portalalerta.com.br\/index.php\/wp-json\/wp\/v2\/posts"}],"about":[{"href":"https:\/\/www.portalalerta.com.br\/index.php\/wp-json\/wp\/v2\/types\/post"}],"author":[{"embeddable":true,"href":"https:\/\/www.portalalerta.com.br\/index.php\/wp-json\/wp\/v2\/users\/2"}],"replies":[{"embeddable":true,"href":"https:\/\/www.portalalerta.com.br\/index.php\/wp-json\/wp\/v2\/comments?post=5555"}],"version-history":[{"count":0,"href":"https:\/\/www.portalalerta.com.br\/index.php\/wp-json\/wp\/v2\/posts\/5555\/revisions"}],"wp:featuredmedia":[{"embeddable":true,"href":"https:\/\/www.portalalerta.com.br\/index.php\/wp-json\/wp\/v2\/media\/5556"}],"wp:attachment":[{"href":"https:\/\/www.portalalerta.com.br\/index.php\/wp-json\/wp\/v2\/media?parent=5555"}],"wp:term":[{"taxonomy":"category","embeddable":true,"href":"https:\/\/www.portalalerta.com.br\/index.php\/wp-json\/wp\/v2\/categories?post=5555"},{"taxonomy":"post_tag","embeddable":true,"href":"https:\/\/www.portalalerta.com.br\/index.php\/wp-json\/wp\/v2\/tags?post=5555"}],"curies":[{"name":"wp","href":"https:\/\/api.w.org\/{rel}","templated":true}]}}