{"id":55589,"date":"2024-04-03T11:01:00","date_gmt":"2024-04-03T14:01:00","guid":{"rendered":"https:\/\/www.portalalerta.com.br\/?p=55589"},"modified":"2024-04-02T20:07:08","modified_gmt":"2024-04-02T23:07:08","slug":"lula-adota-linha-pacifista-para-tentar-driblar-polarizacao-viagem-ao-rio-sera-primeiro-teste","status":"publish","type":"post","link":"https:\/\/www.portalalerta.com.br\/index.php\/2024\/04\/03\/lula-adota-linha-pacifista-para-tentar-driblar-polarizacao-viagem-ao-rio-sera-primeiro-teste\/","title":{"rendered":"Lula adota linha pacifista para tentar driblar polariza\u00e7\u00e3o; viagem ao Rio ser\u00e1 primeiro teste"},"content":{"rendered":"\n<p><strong>O governo come\u00e7a a colocar em pr\u00e1tica nos pr\u00f3ximos dias uma nova campanha de comunica\u00e7\u00e3o com o lema &#8216;F\u00e9 no Brasil&#8217;, num claro aceno ao eleitorado religioso.<\/strong><\/p>\n\n\n\n<!--more-->\n\n\n\n<p>Ap\u00f3s a&nbsp;<a href=\"https:\/\/g1.globo.com\/politica\/blog\/natuza-nery\/post\/2024\/03\/21\/crescimento-da-reprovacao-do-governo-lula-mostra-que-as-declaracoes-do-presidente-pesam.ghtml\"><strong>queda recente na popularidade<\/strong><\/a>, o presidente&nbsp;<a href=\"https:\/\/g1.globo.com\/tudo-sobre\/luiz-inacio-lula-da-silva\/\">Luiz In\u00e1cio Lula da Silva<\/a>&nbsp;tem adotado uma nova linha de atua\u00e7\u00e3o, em busca de apoio de uma ampla fatia da popula\u00e7\u00e3o que n\u00e3o est\u00e1 alinhada nem ao petismo nem ao bolsonarismo e se incomoda com o acirramento pol\u00edtico no Brasil.<\/p>\n\n\n\n<p>O presidente evitou, nos \u00faltimos dias, assuntos espinhosos que poderiam dar combust\u00edvel \u00e0 oposi\u00e7\u00e3o bolsonarista. Nessa mesma perspectiva, o governo come\u00e7a a colocar em pr\u00e1tica, nos pr\u00f3ximos dias, uma nova campanha de comunica\u00e7\u00e3o, sob o lema<strong>&nbsp;\u201cF\u00e9 no Brasil\u201d<\/strong>, num claro aceno ao eleitorado religioso.<\/p>\n\n\n\n<p>A viagem ao&nbsp;<a href=\"https:\/\/g1.globo.com\/rj\/rio-de-janeiro\/cidade\/rio-de-janeiro\/\">Rio de Janeiro<\/a>&nbsp;nesta ter\u00e7a-feira (2), que inclui um ato de filia\u00e7\u00e3o da ministra da Igualdade Racial,&nbsp;<a href=\"https:\/\/g1.globo.com\/tudo-sobre\/anielle-franco\/\">Anielle Franco<\/a>, ao Partido dos Trabalhadores, ser\u00e1 o primeiro grande teste desta fase \u201cpacifista\u201d de Lula. H\u00e1 previs\u00e3o que o presidente fa\u00e7a um discurso diante da milit\u00e2ncia de esquerda.<\/p>\n\n\n\n<p><strong>Desafio \u00e9 controlar Lula<\/strong><\/p>\n\n\n\n<p>Auxiliares e conselheiros de Lula v\u00eam defendendo desde o ano passado que o presidente modere o tom e evoque a postura de um estadista que quer cuidar da popula\u00e7\u00e3o de seu pa\u00eds. O problema, na avalia\u00e7\u00e3o dos interlocutores do Planalto, \u00e9 o pr\u00f3prio Lula, que \u00e9 dif\u00edcil de ser controlado e costuma enveredar para um discurso mais inflamado.<\/p>\n\n\n\n<p><strong>Dois epis\u00f3dios recentes ilustram essa situa\u00e7\u00e3o:<\/strong><\/p>\n\n\n\n<ul class=\"wp-block-list\">\n<li>em 18 de mar\u00e7o, numa reuni\u00e3o ministerial, Lula chamou Jair Bolsonaro de \u201ccovard\u00e3o\u201d, ao tratar da tentativa de golpe de 08 de janeiro de 2023;<\/li>\n\n\n\n<li>dois dias depois, no jantar de anivers\u00e1rio do&nbsp;<a href=\"https:\/\/g1.globo.com\/politica\/partido\/pt\/\">PT<\/a>, voltou a afirmar que<a href=\"https:\/\/g1.globo.com\/politica\/noticia\/2024\/02\/18\/lula-cita-genocidio-e-compara-resposta-de-israel-na-faixa-de-gaza-a-acao-de-hitler-contra-judeus.ghtml\"><strong>&nbsp;Israel comete um genoc\u00eddio na Faixa de Gaza<\/strong><\/a>. As duas falas foram de improviso e contrariam a linha defendida por assessores pr\u00f3ximos ao presidente.<\/li>\n<\/ul>\n\n\n\n<p>Nos \u00faltimos dias, no entanto, Lula n\u00e3o fez qualquer men\u00e7\u00e3o \u00e0 pris\u00e3o dos suspeitos pela morte da vereadora Marielle Franco. Tamb\u00e9m n\u00e3o comentou a estadia de Bolsonaro na Embaixada da Hungria em Bras\u00edlia, nem fez qualquer manifesta\u00e7\u00e3o sobre os 60 anos do golpe militar.<\/p>\n\n\n\n<p>Por fim, Lula mudou a postura em rela\u00e7\u00e3o \u00e0 Venezuela: primeiro, o Itamaraty emitiu uma nota com tom cr\u00edtico ao governo de Nicol\u00e1s Maduro. Depois, o pr\u00f3prio Lula endossou as cr\u00edticas, ao responder a questionamentos de jornalistas.<\/p>\n\n\n\n<p>No ato com Anielle hoje, a expectativa \u00e9 que Lula fale sobre a morte de Marielle, mas a orienta\u00e7\u00e3o \u00e9 que a men\u00e7\u00e3o seja cautelosa, de modo a n\u00e3o abrir brechas para que a oposi\u00e7\u00e3o bolsonarista fa\u00e7a uso da fala do presidente.<\/p>\n\n\n\n<p><strong>&#8216;F\u00e9 no Brasil&#8217;<\/strong><strong><\/strong><\/p>\n\n\n\n<p>A previs\u00e3o \u00e9 que o novo mote da comunica\u00e7\u00e3o do governo, o \u201cF\u00e9 no Brasil\u201d, comece a ser veiculado ainda em abril. O slogan oficial do governo continuar\u00e1 sendo \u201cUni\u00e3o e Reconstru\u00e7\u00e3o\u201d.<\/p>\n\n\n\n<p>Esta \u00e9 a quarta etapa da estrat\u00e9gia de comunica\u00e7\u00e3o do governo. No in\u00edcio do ano passado, o lema era \u201cO Brasil Voltou\u201d, em refer\u00eancia aos projetos que estavam sendo relan\u00e7ados. No segundo semestre, com a aprova\u00e7\u00e3o de medidas econ\u00f4micas no Congresso, entrou em a\u00e7\u00e3o o mote \u201cO Brasil no Rumo Certo\u201d.<\/p>\n\n\n\n<p>No final do ano, a percep\u00e7\u00e3o de que a polariza\u00e7\u00e3o persistia fez o governo lan\u00e7ar a campanha \u201cUm s\u00f3 povo, um s\u00f3 pa\u00eds.\u201d<\/p>\n\n\n<div class=\"wp-block-image\">\n<figure class=\"alignleft size-full\"><img fetchpriority=\"high\" decoding=\"async\" width=\"400\" height=\"300\" src=\"https:\/\/www.portalalerta.com.br\/wp-content\/uploads\/2023\/01\/Auto-Escola-Sonho.jpg\" alt=\"\" class=\"wp-image-47083\" srcset=\"https:\/\/www.portalalerta.com.br\/wp-content\/uploads\/2023\/01\/Auto-Escola-Sonho.jpg 400w, https:\/\/www.portalalerta.com.br\/wp-content\/uploads\/2023\/01\/Auto-Escola-Sonho-320x240.jpg 320w\" sizes=\"(max-width: 400px) 100vw, 400px\" \/><\/figure><\/div>\n\n\n<p>Auxiliares do presidente admitem que a ideia agora \u00e9 ampliar a interlocu\u00e7\u00e3o com o eleitorado evang\u00e9lico, mas n\u00e3o s\u00f3. \u201cF\u00e9 \u00e9 uma palavra muito significativa no Brasil, tem uma mensagem muito forte. Ent\u00e3o dialoga com os evang\u00e9licos, mas tamb\u00e9m com o conjunto da popula\u00e7\u00e3o\u201d, afirmou ao<strong>&nbsp;blog&nbsp;<\/strong>um interlocutor do presidente.<\/p>\n\n\n\n<p>A proposta \u00e9 vincular o novo lema com projetos do governo, como o P\u00e9 de Meia, na Educa\u00e7\u00e3o, o Plano Safra, na Agricultura, o Minha Casa Minha Vida, nas Cidades, entre outros. O Planalto espera que os ministros, portanto, atuem como porta-vozes dessa nova estrat\u00e9gia de campanha.<\/p>\n\n\n\n<p>Aliados de Lula j\u00e1 tentaram convenc\u00ea-lo da necessidade de fazer gestos mais enf\u00e1ticos em dire\u00e7\u00e3o a lideran\u00e7as evang\u00e9licas, como um encontro com pastores, mas o presidente e a primeira-dama, Janja da Silva, resistem a essa ideia.<\/p>\n\n\n\n<p><em>Fonte: G1<\/em><\/p>\n","protected":false},"excerpt":{"rendered":"<p>O governo come\u00e7a a colocar em pr\u00e1tica nos pr\u00f3ximos dias uma nova campanha de comunica\u00e7\u00e3o com o lema &#8216;F\u00e9 no Brasil&#8217;, num claro aceno ao eleitorado religioso.<\/p>\n","protected":false},"author":2,"featured_media":20052,"comment_status":"open","ping_status":"open","sticky":false,"template":"","format":"standard","meta":{"om_disable_all_campaigns":false,"_monsterinsights_skip_tracking":false,"_monsterinsights_sitenote_active":false,"_monsterinsights_sitenote_note":"","_monsterinsights_sitenote_category":0,"footnotes":""},"categories":[34,70,69,21],"tags":[],"class_list":["post-55589","post","type-post","status-publish","format-standard","has-post-thumbnail","hentry","category-brasil","category-destaques","category-noticias2","category-politica"],"aioseo_notices":[],"_links":{"self":[{"href":"https:\/\/www.portalalerta.com.br\/index.php\/wp-json\/wp\/v2\/posts\/55589","targetHints":{"allow":["GET"]}}],"collection":[{"href":"https:\/\/www.portalalerta.com.br\/index.php\/wp-json\/wp\/v2\/posts"}],"about":[{"href":"https:\/\/www.portalalerta.com.br\/index.php\/wp-json\/wp\/v2\/types\/post"}],"author":[{"embeddable":true,"href":"https:\/\/www.portalalerta.com.br\/index.php\/wp-json\/wp\/v2\/users\/2"}],"replies":[{"embeddable":true,"href":"https:\/\/www.portalalerta.com.br\/index.php\/wp-json\/wp\/v2\/comments?post=55589"}],"version-history":[{"count":1,"href":"https:\/\/www.portalalerta.com.br\/index.php\/wp-json\/wp\/v2\/posts\/55589\/revisions"}],"predecessor-version":[{"id":55590,"href":"https:\/\/www.portalalerta.com.br\/index.php\/wp-json\/wp\/v2\/posts\/55589\/revisions\/55590"}],"wp:featuredmedia":[{"embeddable":true,"href":"https:\/\/www.portalalerta.com.br\/index.php\/wp-json\/wp\/v2\/media\/20052"}],"wp:attachment":[{"href":"https:\/\/www.portalalerta.com.br\/index.php\/wp-json\/wp\/v2\/media?parent=55589"}],"wp:term":[{"taxonomy":"category","embeddable":true,"href":"https:\/\/www.portalalerta.com.br\/index.php\/wp-json\/wp\/v2\/categories?post=55589"},{"taxonomy":"post_tag","embeddable":true,"href":"https:\/\/www.portalalerta.com.br\/index.php\/wp-json\/wp\/v2\/tags?post=55589"}],"curies":[{"name":"wp","href":"https:\/\/api.w.org\/{rel}","templated":true}]}}