{"id":5564,"date":"2018-03-15T10:07:42","date_gmt":"2018-03-15T13:07:42","guid":{"rendered":"http:\/\/www.portalalerta.com.br\/?p=5564"},"modified":"2018-03-15T10:23:41","modified_gmt":"2018-03-15T13:23:41","slug":"possiveis-substitutos-de-bacteria-morrem-em-confronto-com-a-policia-em-tucano-ba","status":"publish","type":"post","link":"https:\/\/www.portalalerta.com.br\/index.php\/2018\/03\/15\/possiveis-substitutos-de-bacteria-morrem-em-confronto-com-a-policia-em-tucano-ba\/","title":{"rendered":"Poss\u00edveis substitutos de \u201cBact\u00e9ria\u201d morrem em confronto com a pol\u00edcia em Tucano-BA"},"content":{"rendered":"<p style=\"text-align: justify;\">Tr\u00eas pessoas foram mortas na noite da \u00faltima quarta-feira, 14, ap\u00f3s entrar em confronto com policiais militares da CIPE-Nordeste, em Tucano-BA.<!--more--><\/p>\n<p style=\"text-align: justify;\">O caso aconteceu por volta das 23:30hs, quando os militares foram informados que moradores da Av. Lu\u00eds Viana Filho, Entroncamento, em Tucano-BA, teriam escutado um disparo de arma de fogo, efetuado no interior de uma resid\u00eancia. A guarni\u00e7\u00e3o se dirigiu at\u00e9 o referido local, onde perceberam que os ocupantes da casa em quest\u00e3o, estavam bastante exaltados, e assim que perceberam a presen\u00e7a policial, um deles efetuou um disparo contra a guarni\u00e7\u00e3o.<\/p>\n<p style=\"text-align: justify;\"><img fetchpriority=\"high\" decoding=\"async\" class=\"size-thumbnail wp-image-4869 aligncenter\" src=\"http:\/\/www.portalalerta.com.br\/wp-content\/uploads\/2018\/02\/Auto-Escola-Nobre-720x181.jpg\" alt=\"\" width=\"720\" height=\"181\" srcset=\"https:\/\/www.portalalerta.com.br\/wp-content\/uploads\/2018\/02\/Auto-Escola-Nobre.jpg 720w, https:\/\/www.portalalerta.com.br\/wp-content\/uploads\/2018\/02\/Auto-Escola-Nobre-260x65.jpg 260w, https:\/\/www.portalalerta.com.br\/wp-content\/uploads\/2018\/02\/Auto-Escola-Nobre-50x13.jpg 50w, https:\/\/www.portalalerta.com.br\/wp-content\/uploads\/2018\/02\/Auto-Escola-Nobre-150x38.jpg 150w\" sizes=\"(max-width: 720px) 100vw, 720px\" \/>Diante da a\u00e7\u00e3o, foi feita a incurs\u00e3o no interior da resid\u00eancia, onde os ocupantes voltaram a realizar mais disparos, restando apenas o revide por parte dos policiais, alvejando assim os suspeitos. Feridos, os tr\u00eas envolvidos no confronto, \u00a0chegaram a ser socorridos para Hospital Municipal Mariana Penedo, por\u00e9m nenhum deles resistiu aos ferimentos, evoluindo todos \u00e0 \u00f3bito.<\/p>\n<p style=\"text-align: justify;\">Os mortos foram identificados como: M\u00f4nica Ferreira Oliveira, 24 anos, natural de Serra dos Aimor\u00e9s-MG; Reynan Roberto Serra Onofre, 28 anos, natural de Vit\u00f3ria-ES; e Marcos Bonfim Oliveira, 39 anos, natural de Salvador-BA.<\/p>\n<figure id=\"attachment_5565\" aria-describedby=\"caption-attachment-5565\" style=\"width: 500px\" class=\"wp-caption aligncenter\"><img decoding=\"async\" class=\"wp-image-5565\" src=\"http:\/\/www.portalalerta.com.br\/wp-content\/uploads\/2018\/03\/mortos-em-confronto-com-a-pol\u00edcia-em-Tucano-2018-343x240.jpg\" alt=\"\" width=\"500\" height=\"350\" srcset=\"https:\/\/www.portalalerta.com.br\/wp-content\/uploads\/2018\/03\/mortos-em-confronto-com-a-pol\u00edcia-em-Tucano-2018-343x240.jpg 343w, https:\/\/www.portalalerta.com.br\/wp-content\/uploads\/2018\/03\/mortos-em-confronto-com-a-pol\u00edcia-em-Tucano-2018-209x146.jpg 209w, https:\/\/www.portalalerta.com.br\/wp-content\/uploads\/2018\/03\/mortos-em-confronto-com-a-pol\u00edcia-em-Tucano-2018-50x35.jpg 50w, https:\/\/www.portalalerta.com.br\/wp-content\/uploads\/2018\/03\/mortos-em-confronto-com-a-pol\u00edcia-em-Tucano-2018-107x75.jpg 107w, https:\/\/www.portalalerta.com.br\/wp-content\/uploads\/2018\/03\/mortos-em-confronto-com-a-pol\u00edcia-em-Tucano-2018.jpg 720w\" sizes=\"(max-width: 500px) 100vw, 500px\" \/><figcaption id=\"caption-attachment-5565\" class=\"wp-caption-text\">Reynan e M\u00f4nica, morreram em confronto com a pol\u00edcia em Tucano-BA<\/figcaption><\/figure>\n<p style=\"text-align: justify;\">No interior da casa foram encontrados: 01 Pistola cal. 45, com 27 muni\u00e7\u00f5es do mesmo calibre; 01 rev\u00f3lver cal. 38, com 04 muni\u00e7\u00f5es do mesmo calibre; 01 rev\u00f3lver cal. 32, com 05 muni\u00e7\u00f5es do mesmo calibre; 01 tablete de maconha prensada pesando aproximadamente 500g; 01 pote contendo uma quantidade n\u00e3o especificada de coca\u00edna; 01 balan\u00e7a de precis\u00e3o; 02 toucas balaclavas (touca ninja); 03 aparelhos celulares; e uma quantia de R$ 27,00 em esp\u00e9cie.<\/p>\n<p style=\"text-align: justify;\">At\u00e9 o momento do fechamento desta mat\u00e9ria a imagem de Marcos Bonfim n\u00e3o tinha sido divulgada.<\/p>\n<p style=\"text-align: justify;\"><strong>Reincid\u00eancia<\/strong><\/p>\n<p style=\"text-align: justify;\">Tanto M\u00f4nica, quanto Raynan foram abordados no interior de uma casa em Euclides da Cunha-BA, no momento em que policiais civis do referido munic\u00edpio cumpriram um Mandado de Pris\u00e3o em desfavor de Gelma Fernandes de Morais, na \u00faltima segunda-feira, 12, esta acusada de participar de um triplo homic\u00eddio em Ribeira do Pombal-BA <a href=\"http:\/\/www.portalalerta.com.br\/index.php\/2018\/03\/14\/acusada-de-envolvimento-em-triplo-homicidio-ocorrido-na-zona-rural-de-ribeira-do-pombal-e-novamente-presa\/\"><strong>(relembre)<\/strong><\/a>. Na ocasi\u00e3o o casal chegou a ser conduzido para a Delegacia de Pol\u00edcia Civil para averigua\u00e7\u00e3o, por\u00e9m foi liberado por n\u00e3o haver nenhuma restri\u00e7\u00e3o contra os mesmos.<\/p>\n<p style=\"text-align: justify;\">Ainda segundo informa\u00e7\u00f5es, Raynan j\u00e1 acumulava passagens por: tr\u00e1fico de drogas, homic\u00eddio e porte ilegal de arma de fogo.<\/p>\n<p style=\"text-align: justify;\"><strong>Crime Organizado<\/strong><\/p>\n<p style=\"text-align: justify;\">A suspeita \u00e9 que Raynan e M\u00f4nica tenham chegado \u00e0 Tucano-BA, em companhia de mais duas pessoas, oriundas do Esp\u00edrito Santo, para substituir o jovem pombalense Everton de Souza Santos (Bact\u00e9ria), morto em confronto com a pol\u00edcia em novembro de 2017, tamb\u00e9m naquele munic\u00edpio. <a href=\"http:\/\/www.pombalalerta.com.br\/index2.php\/noticias\/pombal-alerta\/ribeira-do-pombal\/item\/5051-exclusivo-maior-homicida-da-atualidade-em-ribeira-do-pombal-e-regi%C3%A3o-morre-em-confronto-com-a-pol%C3%ADcia-em-tucano-ba.html\"><strong>Relembre\u00a0<\/strong><\/a><\/p>\n<p style=\"text-align: justify;\">A Pol\u00edcia ainda investiga a veracidade destas informa\u00e7\u00f5es.<\/p>\n<p style=\"text-align: justify;\"><a href=\"http:\/\/www.facebook.com.br\/pombalalerta\"><strong>Curta nossa p\u00e1gina no facebook, e continue atualizado sobre tudo o que acontece em sua cidade!<\/strong><\/a><\/p>\n<p style=\"text-align: justify;\"><a href=\"https:\/\/play.google.com\/store\/apps\/details?id=com.globalstore.pombalalerta&amp;hl=pt_BR\"><strong>Baixe o nosso aplicativo, e fique de olho na not\u00edcia!<\/strong><\/a><\/p>\n<p style=\"text-align: justify;\"><em>Reda\u00e7\u00e3o: Portal Alerta<\/em><\/p>\n","protected":false},"excerpt":{"rendered":"<p>Tr\u00eas pessoas foram mortas na noite da \u00faltima quarta-feira, 14, ap\u00f3s entrar em confronto com policiais militares da CIPE-Nordeste, em Tucano-BA.<\/p>\n","protected":false},"author":2,"featured_media":5566,"comment_status":"closed","ping_status":"open","sticky":false,"template":"","format":"standard","meta":{"om_disable_all_campaigns":false,"_monsterinsights_skip_tracking":false,"_monsterinsights_sitenote_active":false,"_monsterinsights_sitenote_note":"","_monsterinsights_sitenote_category":0,"footnotes":""},"categories":[70,69,32,22,12],"tags":[167,178,375,608,79,190],"class_list":["post-5564","post","type-post","status-publish","format-standard","has-post-thumbnail","hentry","category-destaques","category-noticias2","category-regiao","category-seguranca","category-tucano","tag-cipe-nordeste","tag-confronto","tag-disparos-de-arma-de-fogo","tag-mortos","tag-policia-militar","tag-tucano"],"aioseo_notices":[],"_links":{"self":[{"href":"https:\/\/www.portalalerta.com.br\/index.php\/wp-json\/wp\/v2\/posts\/5564","targetHints":{"allow":["GET"]}}],"collection":[{"href":"https:\/\/www.portalalerta.com.br\/index.php\/wp-json\/wp\/v2\/posts"}],"about":[{"href":"https:\/\/www.portalalerta.com.br\/index.php\/wp-json\/wp\/v2\/types\/post"}],"author":[{"embeddable":true,"href":"https:\/\/www.portalalerta.com.br\/index.php\/wp-json\/wp\/v2\/users\/2"}],"replies":[{"embeddable":true,"href":"https:\/\/www.portalalerta.com.br\/index.php\/wp-json\/wp\/v2\/comments?post=5564"}],"version-history":[{"count":0,"href":"https:\/\/www.portalalerta.com.br\/index.php\/wp-json\/wp\/v2\/posts\/5564\/revisions"}],"wp:featuredmedia":[{"embeddable":true,"href":"https:\/\/www.portalalerta.com.br\/index.php\/wp-json\/wp\/v2\/media\/5566"}],"wp:attachment":[{"href":"https:\/\/www.portalalerta.com.br\/index.php\/wp-json\/wp\/v2\/media?parent=5564"}],"wp:term":[{"taxonomy":"category","embeddable":true,"href":"https:\/\/www.portalalerta.com.br\/index.php\/wp-json\/wp\/v2\/categories?post=5564"},{"taxonomy":"post_tag","embeddable":true,"href":"https:\/\/www.portalalerta.com.br\/index.php\/wp-json\/wp\/v2\/tags?post=5564"}],"curies":[{"name":"wp","href":"https:\/\/api.w.org\/{rel}","templated":true}]}}