{"id":5572,"date":"2018-03-15T22:39:37","date_gmt":"2018-03-16T01:39:37","guid":{"rendered":"http:\/\/www.portalalerta.com.br\/?p=5572"},"modified":"2018-03-15T22:55:40","modified_gmt":"2018-03-16T01:55:40","slug":"vereadora-assassinada","status":"publish","type":"post","link":"https:\/\/www.portalalerta.com.br\/index.php\/2018\/03\/15\/vereadora-assassinada\/","title":{"rendered":"Marielle: O que se sabe e o que \u00e9 mist\u00e9rio na morte da vereadora no Rio de Janeiro-RJ?"},"content":{"rendered":"<p style=\"text-align: justify;\">A\u00a0vereadora do Rio de Janeiro Marille Franco(Psol) foi assassinada a tiros na noite da \u00faltima quarta-feira (14), no bairro do Est\u00e1cio, regi\u00e3o central da cidade. Alguns pontos das investiga\u00e7\u00f5es sobre os respons\u00e1veis pelo crime j\u00e1 foram revelados pela Pol\u00edcia Civil e outros, no entanto, seguem em mist\u00e9rio.<!--more--><\/p>\n<p style=\"text-align: justify;\">Foi pontuado o que j\u00e1 se sabe at\u00e9 aqui sobre a morte da vereadora e o que ainda deve ser revelado pelas autoridades para chegar aos suspeitos da morte da vereadora negra que atuava em defesa dos direitos humanos.\u00a0<em>Veja:<\/em><\/p>\n<h3 style=\"text-align: justify;\">Foi execu\u00e7\u00e3o?<\/h3>\n<p style=\"text-align: justify;\"><strong><em>O que se sabe<\/em><\/strong><\/p>\n<p style=\"text-align: justify;\">A\u00a0vereadora foi morta com quatro tiros no rosto. O carro onde ela estava, ficou com marca de nove disparos e nada das v\u00edtimas foi levado pelos autores. Marielle havia acabado de participar de um evento com jovens negras no bairro da Lapa, regi\u00e3o central do Rio de Janeiro. Saindo do evento, ela foi assassinada a menos de tr\u00eas quil\u00f4metros de dist\u00e2ncia, no bairro Est\u00e1cio (tamb\u00e9m na regi\u00e3o central).<\/p>\n<p style=\"text-align: justify;\"><strong><em>O que \u00e9 mist\u00e9rio<\/em><\/strong><\/p>\n<p style=\"text-align: justify;\">Apesar de os autores do crime terem atingido a vereadora Marielle e o motorista Anderson Pedro Gomes na regi\u00e3o da cabe\u00e7a, a pol\u00edcia n\u00e3o confirma que foi uma execu\u00e7\u00e3o. Nada foi roubado. Segundo o chefe da Pol\u00edcia Civil do Estado do Rio, Rivaldo Barbosa, nenhuma possibilidade est\u00e1 descartada.<\/p>\n<h3 style=\"text-align: justify;\">Quem investiga?<\/h3>\n<p style=\"text-align: justify;\"><strong><em>O que se sabe<\/em><\/strong><\/p>\n<p style=\"text-align: justify;\"><img decoding=\"async\" class=\"size-full wp-image-2814 alignleft\" src=\"http:\/\/www.portalalerta.com.br\/wp-content\/uploads\/2017\/11\/banner9.png\" alt=\"\" width=\"270\" height=\"174\" srcset=\"https:\/\/www.portalalerta.com.br\/wp-content\/uploads\/2017\/11\/banner9.png 270w, https:\/\/www.portalalerta.com.br\/wp-content\/uploads\/2017\/11\/banner9-227x146.png 227w, https:\/\/www.portalalerta.com.br\/wp-content\/uploads\/2017\/11\/banner9-50x32.png 50w, https:\/\/www.portalalerta.com.br\/wp-content\/uploads\/2017\/11\/banner9-116x75.png 116w\" sizes=\"(max-width: 270px) 100vw, 270px\" \/>Entidades internacionais e pol\u00edticos\u00a0pediram apura\u00e7\u00e3o imediata e rigorosado crime contra a vereadora. O chefe da Pol\u00edcia Civil do Rio de Janeiro disse que &#8220;a Pol\u00edcia Civil do Estado do Rio de Janeiro tem capacidade para resolver esse caso&#8221;. No momento, o caso est\u00e1 sendo investigado pela Delegacia de Hom\u00edcidios.<\/p>\n<p style=\"text-align: justify;\"><strong><em>O que \u00e9 mist\u00e9rio<\/em><\/strong><\/p>\n<p style=\"text-align: justify;\">A\u00a0Pol\u00edcia Federal ofereceu apoio \u00e0 Pol\u00edcia Civil\u00a0do Rio de Janeiro na investiga\u00e7\u00e3o do caso. O chefe Barbosa disse que receber\u00e1 a ajuda de qualquer institui\u00e7\u00e3o que quiser contribuir na apura\u00e7\u00e3o, mas, no entanto, deu sinais de que n\u00e3o contar\u00e1 com a ajuda da Pol\u00edcia Federal. Depois disso, n\u00e3o h\u00e1 informa\u00e7\u00e3o sobre a fun\u00e7\u00e3o da PF na investiga\u00e7\u00e3o do crime.<\/p>\n<h3 style=\"text-align: justify;\">Como os autores agiram?<\/h3>\n<p style=\"text-align: justify;\"><strong><em>O que se sabe<\/em><\/strong><\/p>\n<p style=\"text-align: justify;\">Investiga\u00e7\u00f5es da Pol\u00edcia Civil apontam que os autores do assassinato de Marielle estavam em um Chevrolet Cobalt da cor prata, e usaram uma pistola nove mil\u00edmetros para\u00a0matar a vereadora e o motorista Anderson, que estavam em um Chevrolet Agile branco. O crime aconteceu por volta das 21h30, quando o carro dos autores parou paralelo ao das v\u00edtimas e efetuou os disparos.<\/p>\n<p style=\"text-align: justify;\"><strong><em>O que \u00e9 mist\u00e9rio<\/em><\/strong><\/p>\n<p style=\"text-align: justify;\">Uma\u00a0jornalista publicou nas redes sociais\u00a0a dire\u00e7\u00e3o para onde os autores teriam ido ap\u00f3s o crime. As informa\u00e7\u00f5es de suspeitos, no entanto, segue sem nenhuma confirma\u00e7\u00e3o por parte das autoridades. O local do crime fica a 1,2 km do Batalh\u00e3o de Pol\u00edcia de Choque.<\/p>\n<h3 style=\"text-align: justify;\">Qual o \u00faltimo trajeto?<\/h3>\n<p style=\"text-align: justify;\"><strong><em>O que se sabe<\/em><\/strong><\/p>\n<p style=\"text-align: justify;\">O \u00faltimo trajeto feito pela vereadora foi da Casa das Pretas, onde organizou o evento, para o local do assassinato, no Est\u00e1cio. Levantamentos apontam que o caminho feito por Marielle e o motorista Anderson conta com pelo menos\u00a0cinco c\u00e2meras de monitoramento<strong>\u00a0<\/strong>que podem ajudar nas investiva\u00e7\u00f5es. As c\u00e2meras est\u00e3o posicionadas nas ruas do Senado, Carlos Sampaio, Frei Caneca, Est\u00e1cio de S\u00e1 e avenida Salvador S\u00e1.<\/p>\n<p style=\"text-align: justify;\"><strong><em>O que \u00e9 mist\u00e9rio<\/em><\/strong><\/p>\n<p style=\"text-align: justify;\">Ainda n\u00e3o h\u00e1 pistas se os autores do crime seguiram a vereadora e o motorista durante o \u00faltimo trajeto que fizeram ou se estavam aguardando em determinado ponto. As c\u00e3meras de monitoramento das vias podem auxiliar nesse sentido, no entanto, ainda n\u00e3o existe nenhum posicionamento das autoridades que investigam o crime sobre isso.<\/p>\n<h3 style=\"text-align: justify;\">As den\u00fancias feitas pela vereadora t\u00eam rela\u00e7\u00e3o com o crime?<\/h3>\n<p style=\"text-align: justify;\"><strong><em>O que se sabe<\/em><\/strong><\/p>\n<p style=\"text-align: justify;\">Marielle tinha forte atua\u00e7\u00e3o na luta por direito das mulheres, negros e pobres. Nesta milit\u00e2ncia voltada \u00e0 defesa dos direitos humanos, a vereadora denunciava com frequ\u00eancia epis\u00f3dios de viol\u00eancia envolvendo a\u00a0Pol\u00edcia Militar do Rio de Janeiro. Na \u00faltima semana, ela compartilhou reportagens e protestos sobre atua\u00e7\u00f5es policiais na favela de Acari, apontando que \u201co 41\u00b0 batalh\u00e3o [da PM] \u00e9 conhecido como Batalh\u00e3o da Morte\u201d.<\/p>\n<p style=\"text-align: justify;\"><strong><em>O que \u00e9 mist\u00e9rio<\/em><\/strong><\/p>\n<p style=\"text-align: justify;\">Pol\u00edticos pr\u00f3ximos e amigos da Marielle disseram n\u00e3o saber de nenhuma amea\u00e7a sofrida pela vereadora. Ela mesma, apesar de publicar com frequ\u00eancia epis\u00f3dios de viol\u00eancia nas comunidades do Rio de Janeiro, n\u00e3o relatava nenhum tipo de amea\u00e7a pessoal que sofria. Embora tenha direcionado as cr\u00edticas a um batalh\u00e3o espec\u00edfico durante a \u00faltima semana, a vereadora tamb\u00e9m publicava cr\u00edticas \u00e0\u00a0interven\u00e7\u00e3o federal no Rio de Janeiro.<\/p>\n<p style=\"text-align: justify;\">Fonte: R7<\/p>\n","protected":false},"excerpt":{"rendered":"<p>A\u00a0vereadora do Rio de Janeiro Marille Franco(Psol) foi assassinada a tiros na noite da \u00faltima quarta-feira (14), no bairro do Est\u00e1cio, regi\u00e3o central da cidade. Alguns pontos das investiga\u00e7\u00f5es sobre os respons\u00e1veis pelo crime j\u00e1 foram revelados pela Pol\u00edcia Civil e outros, no entanto, seguem em mist\u00e9rio.<\/p>\n","protected":false},"author":2,"featured_media":5573,"comment_status":"closed","ping_status":"open","sticky":false,"template":"","format":"standard","meta":{"om_disable_all_campaigns":false,"_monsterinsights_skip_tracking":false,"_monsterinsights_sitenote_active":false,"_monsterinsights_sitenote_note":"","_monsterinsights_sitenote_category":0,"footnotes":""},"categories":[34,70,69,21,22],"tags":[93,206,300,772],"class_list":["post-5572","post","type-post","status-publish","format-standard","has-post-thumbnail","hentry","category-brasil","category-destaques","category-noticias2","category-politica","category-seguranca","tag-brasil","tag-homicidio","tag-rio-de-janeiro","tag-vereadora"],"aioseo_notices":[],"_links":{"self":[{"href":"https:\/\/www.portalalerta.com.br\/index.php\/wp-json\/wp\/v2\/posts\/5572","targetHints":{"allow":["GET"]}}],"collection":[{"href":"https:\/\/www.portalalerta.com.br\/index.php\/wp-json\/wp\/v2\/posts"}],"about":[{"href":"https:\/\/www.portalalerta.com.br\/index.php\/wp-json\/wp\/v2\/types\/post"}],"author":[{"embeddable":true,"href":"https:\/\/www.portalalerta.com.br\/index.php\/wp-json\/wp\/v2\/users\/2"}],"replies":[{"embeddable":true,"href":"https:\/\/www.portalalerta.com.br\/index.php\/wp-json\/wp\/v2\/comments?post=5572"}],"version-history":[{"count":0,"href":"https:\/\/www.portalalerta.com.br\/index.php\/wp-json\/wp\/v2\/posts\/5572\/revisions"}],"wp:featuredmedia":[{"embeddable":true,"href":"https:\/\/www.portalalerta.com.br\/index.php\/wp-json\/wp\/v2\/media\/5573"}],"wp:attachment":[{"href":"https:\/\/www.portalalerta.com.br\/index.php\/wp-json\/wp\/v2\/media?parent=5572"}],"wp:term":[{"taxonomy":"category","embeddable":true,"href":"https:\/\/www.portalalerta.com.br\/index.php\/wp-json\/wp\/v2\/categories?post=5572"},{"taxonomy":"post_tag","embeddable":true,"href":"https:\/\/www.portalalerta.com.br\/index.php\/wp-json\/wp\/v2\/tags?post=5572"}],"curies":[{"name":"wp","href":"https:\/\/api.w.org\/{rel}","templated":true}]}}