{"id":5583,"date":"2018-03-16T20:55:27","date_gmt":"2018-03-16T23:55:27","guid":{"rendered":"http:\/\/www.portalalerta.com.br\/?p=5583"},"modified":"2018-03-16T20:55:27","modified_gmt":"2018-03-16T23:55:27","slug":"acusado-de-homicidios-e-roubos-a-bancos-na-regiao-e-preso-em-ribeira-do-pombal-ba","status":"publish","type":"post","link":"https:\/\/www.portalalerta.com.br\/index.php\/2018\/03\/16\/acusado-de-homicidios-e-roubos-a-bancos-na-regiao-e-preso-em-ribeira-do-pombal-ba\/","title":{"rendered":"Acusado de homic\u00eddios e roubos a bancos na regi\u00e3o, \u00e9 preso em Ribeira do Pombal-BA"},"content":{"rendered":"<p style=\"text-align: justify;\">Por volta das 16:00hs de sexta-feira, 16, policiais civis de Ribeira do Pombal, em conjunto com policiais militares do Servi\u00e7o de Intelig\u00eancia da 21\u00aa CIPM, se dirigiram at\u00e9 uma Distribuidora de Bebidas situada na Rua Aracaju, centro da cidade, com a finalidade de apurarem uma den\u00fancia, de que naquele local estaria um foragido da justi\u00e7a, considerado de alta periculosidade.<!--more--><\/p>\n<p style=\"text-align: justify;\">Assim que chegaram ao estabelecimento, foi constatada a veracidade da den\u00fancia, ocorrendo portanto a pris\u00e3o de Jos\u00e9 Ires Silva Santos, 24 anos. Ires era considerado foragido, desde quando fugiu da carceragem da Delegacia de Pol\u00edcia Civil de Nova Soure-BA, quando na ocasi\u00e3o o mesmo foi resgatado por membros de uma fac\u00e7\u00e3o criminosa.<\/p>\n<p style=\"text-align: justify;\"><img fetchpriority=\"high\" decoding=\"async\" class=\"size-full wp-image-2867 aligncenter\" src=\"http:\/\/www.portalalerta.com.br\/wp-content\/uploads\/2017\/11\/protege-1.jpg\" alt=\"\" width=\"600\" height=\"140\" \/>Com um Mandado de Pris\u00e3o em seu desfavor pela pr\u00e1tica de homic\u00eddio, Jos\u00e9 Ires cometeu outros crimes desta natureza, no per\u00edodo em que era procurado, passando a ser apontado como autor de diversos homic\u00eddios nos munic\u00edpios: Ribeira do Pombal, C\u00edcero Dantas, Olindina, e em Heli\u00f3polis, sendo que este \u00faltimo teria vitimado fatalmente o professor <a href=\"http:\/\/www.pombalalerta.com.br\/index2.php\/noticias\/pombal-alerta\/regiao\/item\/4647-um-morto-um-baleado-e-outro-desaparecido-durante-atentado-em-heli%C3%B3polis-ba.html\"><strong>Jo\u00e3o Jos\u00e9 Andrade Guerra<\/strong><\/a>, e o jovem <a href=\"http:\/\/www.pombalalerta.com.br\/index2.php\/noticias\/pombal-alerta\/regiao\/item\/4663-encontrado-o-corpo-do-jovem-sequestrado-em-heli%C3%B3polis-ba.html\"><strong>Mateus Andrade<\/strong><\/a>, fato ocorrido em julho de 2017, per\u00edodo em que o crime causou grande como\u00e7\u00e3o no munic\u00edpio.<\/p>\n<p style=\"text-align: justify;\">De acordo com os policiais respons\u00e1veis pela pris\u00e3o, Ires ainda \u00e9 suspeito de ter participado de a\u00e7\u00f5es criminosas contra institui\u00e7\u00f5es financeiras nos munic\u00edpios de Paripiranga e C\u00edcero Dantas, ambas na Bahia.<\/p>\n<figure id=\"attachment_5584\" aria-describedby=\"caption-attachment-5584\" style=\"width: 500px\" class=\"wp-caption aligncenter\"><img decoding=\"async\" class=\"wp-image-5584 size-full\" src=\"http:\/\/www.portalalerta.com.br\/wp-content\/uploads\/2018\/03\/Jos\u00e9-Ires-Silva-Santos.jpg\" alt=\"\" width=\"500\" height=\"400\" srcset=\"https:\/\/www.portalalerta.com.br\/wp-content\/uploads\/2018\/03\/Jos\u00e9-Ires-Silva-Santos.jpg 500w, https:\/\/www.portalalerta.com.br\/wp-content\/uploads\/2018\/03\/Jos\u00e9-Ires-Silva-Santos-300x240.jpg 300w, https:\/\/www.portalalerta.com.br\/wp-content\/uploads\/2018\/03\/Jos\u00e9-Ires-Silva-Santos-183x146.jpg 183w, https:\/\/www.portalalerta.com.br\/wp-content\/uploads\/2018\/03\/Jos\u00e9-Ires-Silva-Santos-50x40.jpg 50w, https:\/\/www.portalalerta.com.br\/wp-content\/uploads\/2018\/03\/Jos\u00e9-Ires-Silva-Santos-94x75.jpg 94w\" sizes=\"(max-width: 500px) 100vw, 500px\" \/><figcaption id=\"caption-attachment-5584\" class=\"wp-caption-text\">Jos\u00e9 Ires \u00e9 suspeito de ter cometido homic\u00eddios e assaltos a bancos, na regi\u00e3o<\/figcaption><\/figure>\n<p style=\"text-align: justify;\">O agora capturado, foi conduzido para a Delegacia de Pol\u00edcia Civil de Ribeira do Pombal-BA, onde foram adotadas as medidas cab\u00edveis.<\/p>\n<p style=\"text-align: justify;\"><a href=\"http:\/\/www.facebook.com.br\/pombalalerta\"><strong>Curta nossa p\u00e1gina no facebook, e continue atualizado sobre tudo o que acontece em sua cidade!<\/strong><\/a><\/p>\n<p style=\"text-align: justify;\"><a href=\"https:\/\/play.google.com\/store\/apps\/details?id=com.globalstore.pombalalerta&amp;hl=pt_BR\"><strong>Baixe o nosso aplicativo, e fique de olho na not\u00edcia!<\/strong><\/a><\/p>\n<p style=\"text-align: justify;\"><em>Reda\u00e7\u00e3o: Portal Alerta<\/em><\/p>\n","protected":false},"excerpt":{"rendered":"<p>Por volta das 16:00hs de sexta-feira, 16, policiais civis de Ribeira do Pombal, em conjunto com policiais militares do Servi\u00e7o de Intelig\u00eancia da 21\u00aa CIPM, se dirigiram at\u00e9 uma Distribuidora de Bebidas situada na Rua Aracaju, centro da cidade, com a finalidade de apurarem uma den\u00fancia, de que naquele local estaria um foragido da justi\u00e7a, &hellip;<\/p>\n","protected":false},"author":2,"featured_media":75,"comment_status":"closed","ping_status":"open","sticky":false,"template":"","format":"standard","meta":{"om_disable_all_campaigns":false,"_monsterinsights_skip_tracking":false,"_monsterinsights_sitenote_active":false,"_monsterinsights_sitenote_note":"","_monsterinsights_sitenote_category":0,"footnotes":""},"categories":[4,70,6,69,15,11,32,3,22],"tags":[112,75,44,206,488,120,51,122,79,77,47],"class_list":["post-5583","post","type-post","status-publish","format-standard","has-post-thumbnail","hentry","category-cicero-dantas","category-destaques","category-heliopolis","category-noticias2","category-olindina","category-paripiranga","category-regiao","category-ribeira-do-pombal","category-seguranca","tag-assalto-a-banco","tag-cicero-dantas","tag-heliopolis","tag-homicidio","tag-mandado-de-prisao","tag-olindina","tag-paripiranga","tag-policia-civil","tag-policia-militar","tag-preso","tag-ribeira-do-pombal"],"aioseo_notices":[],"_links":{"self":[{"href":"https:\/\/www.portalalerta.com.br\/index.php\/wp-json\/wp\/v2\/posts\/5583","targetHints":{"allow":["GET"]}}],"collection":[{"href":"https:\/\/www.portalalerta.com.br\/index.php\/wp-json\/wp\/v2\/posts"}],"about":[{"href":"https:\/\/www.portalalerta.com.br\/index.php\/wp-json\/wp\/v2\/types\/post"}],"author":[{"embeddable":true,"href":"https:\/\/www.portalalerta.com.br\/index.php\/wp-json\/wp\/v2\/users\/2"}],"replies":[{"embeddable":true,"href":"https:\/\/www.portalalerta.com.br\/index.php\/wp-json\/wp\/v2\/comments?post=5583"}],"version-history":[{"count":0,"href":"https:\/\/www.portalalerta.com.br\/index.php\/wp-json\/wp\/v2\/posts\/5583\/revisions"}],"wp:featuredmedia":[{"embeddable":true,"href":"https:\/\/www.portalalerta.com.br\/index.php\/wp-json\/wp\/v2\/media\/75"}],"wp:attachment":[{"href":"https:\/\/www.portalalerta.com.br\/index.php\/wp-json\/wp\/v2\/media?parent=5583"}],"wp:term":[{"taxonomy":"category","embeddable":true,"href":"https:\/\/www.portalalerta.com.br\/index.php\/wp-json\/wp\/v2\/categories?post=5583"},{"taxonomy":"post_tag","embeddable":true,"href":"https:\/\/www.portalalerta.com.br\/index.php\/wp-json\/wp\/v2\/tags?post=5583"}],"curies":[{"name":"wp","href":"https:\/\/api.w.org\/{rel}","templated":true}]}}