{"id":55963,"date":"2024-04-21T16:15:33","date_gmt":"2024-04-21T19:15:33","guid":{"rendered":"https:\/\/www.portalalerta.com.br\/?p=55963"},"modified":"2024-04-21T16:15:34","modified_gmt":"2024-04-21T19:15:34","slug":"concurso-rainha-pombal-folia-segue-para-proximas-etapas","status":"publish","type":"post","link":"https:\/\/www.portalalerta.com.br\/index.php\/2024\/04\/21\/concurso-rainha-pombal-folia-segue-para-proximas-etapas\/","title":{"rendered":"Concurso Rainha Pombal Folia segue para pr\u00f3ximas etapas"},"content":{"rendered":"\n<p>O Concurso Rainha da Micareta Pombal Folia avan\u00e7a para suas pr\u00f3ximas fases ap\u00f3s uma reuni\u00e3o realizada na \u00faltima quarta-feira,17, para definir os pr\u00f3ximos passos. Das 13 candidatas inscritas, 10 compareceram \u00e0 reuni\u00e3o, onde receberam informa\u00e7\u00f5es detalhadas sobre a competi\u00e7\u00e3o.<\/p>\n\n\n\n<!--more-->\n\n\n\n<p>A primeira etapa, de car\u00e1ter eliminat\u00f3rio, est\u00e1 programada para iniciar em 21 de abril. Durante essa fase, as 10 candidatas participar\u00e3o de uma vota\u00e7\u00e3o online, com o resultado final para a escolha da Rainha e Princesa da folia, sendo anunciado posteriormente.<\/p>\n\n\n<div class=\"wp-block-image\">\n<figure class=\"alignleft size-large is-resized\"><img fetchpriority=\"high\" decoding=\"async\" src=\"https:\/\/www.portalalerta.com.br\/wp-content\/uploads\/2024\/04\/autoescola-emprego-1024x1024.jpg\" alt=\"\" class=\"wp-image-55693\" width=\"430\" height=\"430\" srcset=\"https:\/\/www.portalalerta.com.br\/wp-content\/uploads\/2024\/04\/autoescola-emprego-1024x1024.jpg 1024w, https:\/\/www.portalalerta.com.br\/wp-content\/uploads\/2024\/04\/autoescola-emprego-240x240.jpg 240w, https:\/\/www.portalalerta.com.br\/wp-content\/uploads\/2024\/04\/autoescola-emprego-768x768.jpg 768w, https:\/\/www.portalalerta.com.br\/wp-content\/uploads\/2024\/04\/autoescola-emprego.jpg 1080w\" sizes=\"(max-width: 430px) 100vw, 430px\" \/><\/figure><\/div>\n\n\n<p>A vota\u00e7\u00e3o online ser\u00e1 aberta ao p\u00fablico e ter\u00e1 uma dura\u00e7\u00e3o de uma semana, encerrando-se em 27 de abril. \u00c9 a oportunidade para as candidatas demonstrarem seu carisma, talento e estilo, buscando conquistar o t\u00edtulo de Rainha da Micareta Pombal Folia. A segunda mais votada ser\u00e1 a princesa e a mais votada ser\u00e1 Rainha da Pombal Folia 2024.<\/p>\n\n\n\n<p>A competi\u00e7\u00e3o promete animar a cidade de Pombal e atrair a aten\u00e7\u00e3o de todos os foli\u00f5es em busca de divers\u00e3o e entretenimento. As candidatas est\u00e3o, sem d\u00favida, se preparando com dedica\u00e7\u00e3o e entusiasmo para brilhar no palco e cativar o p\u00fablico.<\/p>\n\n\n\n<p>A comiss\u00e3o organizadora est\u00e1 empenhada em assegurar uma competi\u00e7\u00e3o justa e empolgante para todas as participantes, e a expectativa \u00e9 de que a escolha da Rainha e Princesa da folia seja um momento memor\u00e1vel para a comunidade de Pombal.<\/p>\n\n\n\n<p><em>Fonte: SECOM\/ Ribeira do Pombal<\/em><\/p>\n","protected":false},"excerpt":{"rendered":"<p>O Concurso Rainha da Micareta Pombal Folia avan\u00e7a para suas pr\u00f3ximas fases ap\u00f3s uma reuni\u00e3o realizada na \u00faltima quarta-feira,17, para definir os pr\u00f3ximos passos. Das 13 candidatas inscritas, 10 compareceram \u00e0 reuni\u00e3o, onde receberam informa\u00e7\u00f5es detalhadas sobre a competi\u00e7\u00e3o.<\/p>\n","protected":false},"author":2,"featured_media":55964,"comment_status":"open","ping_status":"open","sticky":false,"template":"","format":"standard","meta":{"om_disable_all_campaigns":false,"_monsterinsights_skip_tracking":false,"_monsterinsights_sitenote_active":false,"_monsterinsights_sitenote_note":"","_monsterinsights_sitenote_category":0,"footnotes":""},"categories":[70,36,69,32,3],"tags":[100,71,48,75,4178,4180,129,107,4181,132,230,940,106,203,120,51,6031,109,6851,88,47,111,190],"class_list":["post-55963","post","type-post","status-publish","format-standard","has-post-thumbnail","hentry","category-destaques","category-lazer","category-noticias2","category-regiao","category-ribeira-do-pombal","tag-adustina","tag-antas","tag-araci","tag-cicero-dantas","tag-cipo-2","tag-crisopolis-2","tag-euclides-da-cunha","tag-fatima","tag-heliopolis-2","tag-itapicuru","tag-jeremoabo","tag-micareta","tag-nova-soure","tag-novo-triunfo","tag-olindina","tag-paripiranga","tag-pombal-folia","tag-quijingue","tag-rainha-pombal-folia","tag-ribeira-do-amparo","tag-ribeira-do-pombal","tag-sitio-do-quinto","tag-tucano"],"aioseo_notices":[],"_links":{"self":[{"href":"https:\/\/www.portalalerta.com.br\/index.php\/wp-json\/wp\/v2\/posts\/55963","targetHints":{"allow":["GET"]}}],"collection":[{"href":"https:\/\/www.portalalerta.com.br\/index.php\/wp-json\/wp\/v2\/posts"}],"about":[{"href":"https:\/\/www.portalalerta.com.br\/index.php\/wp-json\/wp\/v2\/types\/post"}],"author":[{"embeddable":true,"href":"https:\/\/www.portalalerta.com.br\/index.php\/wp-json\/wp\/v2\/users\/2"}],"replies":[{"embeddable":true,"href":"https:\/\/www.portalalerta.com.br\/index.php\/wp-json\/wp\/v2\/comments?post=55963"}],"version-history":[{"count":1,"href":"https:\/\/www.portalalerta.com.br\/index.php\/wp-json\/wp\/v2\/posts\/55963\/revisions"}],"predecessor-version":[{"id":55965,"href":"https:\/\/www.portalalerta.com.br\/index.php\/wp-json\/wp\/v2\/posts\/55963\/revisions\/55965"}],"wp:featuredmedia":[{"embeddable":true,"href":"https:\/\/www.portalalerta.com.br\/index.php\/wp-json\/wp\/v2\/media\/55964"}],"wp:attachment":[{"href":"https:\/\/www.portalalerta.com.br\/index.php\/wp-json\/wp\/v2\/media?parent=55963"}],"wp:term":[{"taxonomy":"category","embeddable":true,"href":"https:\/\/www.portalalerta.com.br\/index.php\/wp-json\/wp\/v2\/categories?post=55963"},{"taxonomy":"post_tag","embeddable":true,"href":"https:\/\/www.portalalerta.com.br\/index.php\/wp-json\/wp\/v2\/tags?post=55963"}],"curies":[{"name":"wp","href":"https:\/\/api.w.org\/{rel}","templated":true}]}}