{"id":55966,"date":"2024-04-21T16:41:24","date_gmt":"2024-04-21T19:41:24","guid":{"rendered":"https:\/\/www.portalalerta.com.br\/?p=55966"},"modified":"2024-04-21T16:41:25","modified_gmt":"2024-04-21T19:41:25","slug":"primeiro-caso-local-de-colera-no-brasil-apos-18-anos-e-confirmado-na-bahia","status":"publish","type":"post","link":"https:\/\/www.portalalerta.com.br\/index.php\/2024\/04\/21\/primeiro-caso-local-de-colera-no-brasil-apos-18-anos-e-confirmado-na-bahia\/","title":{"rendered":"Primeiro caso local de c\u00f3lera no Brasil ap\u00f3s 18 anos \u00e9 confirmado na Bahia"},"content":{"rendered":"\n<p>O Minist\u00e9rio da Sa\u00fade (MS) confirmou, por meio de nota t\u00e9cnica emitida na sexta-feira (19), o registro do primeiro caso local de c\u00f3lera no Brasil ap\u00f3s 18 anos sem diagn\u00f3sticos da doen\u00e7a no pa\u00eds. O paciente, um homem de 60 anos residente em Salvador, na Bahia, contraiu a doen\u00e7a sem contato com outros casos confirmados ou viagens internacionais, configurando-se como um caso \u201cisolado\u201d, segundo o minist\u00e9rio.<\/p>\n\n\n\n<!--more-->\n\n\n<div class=\"wp-block-image\">\n<figure class=\"alignleft size-full\"><img fetchpriority=\"high\" decoding=\"async\" width=\"372\" height=\"786\" src=\"https:\/\/www.portalalerta.com.br\/wp-content\/uploads\/2024\/03\/Real-10x-100-juros-2024.jpg\" alt=\"\" class=\"wp-image-55190\" srcset=\"https:\/\/www.portalalerta.com.br\/wp-content\/uploads\/2024\/03\/Real-10x-100-juros-2024.jpg 372w, https:\/\/www.portalalerta.com.br\/wp-content\/uploads\/2024\/03\/Real-10x-100-juros-2024-114x240.jpg 114w\" sizes=\"(max-width: 372px) 100vw, 372px\" \/><\/figure><\/div>\n\n\n<p>A nota t\u00e9cnica detalha que o idoso apresentou os sintomas caracter\u00edsticos da doen\u00e7a, como diarreia e desconforto abdominal, em mar\u00e7o deste ano. Desde o dia 10 de abril, ele n\u00e3o apresenta mais risco de transmiss\u00e3o da doen\u00e7a.<\/p>\n\n\n\n<p>O \u00faltimo caso local de c\u00f3lera no Brasil havia sido registrado em 2005, em Pernambuco. Desde ent\u00e3o, apenas casos importados da doen\u00e7a foram notificados no pa\u00eds.<\/p>\n\n\n\n<p>A c\u00f3lera \u00e9 uma doen\u00e7a bacteriana aguda que afeta o intestino delgado e \u00e9 transmitida por meio da ingest\u00e3o de \u00e1gua ou alimentos contaminados, ou pelo contato direto com pessoas infectadas. Os sintomas da doen\u00e7a incluem diarreia, v\u00f4mitos, dor abdominal e c\u00e3ibras musculares. Em casos graves, a c\u00f3lera pode levar \u00e0 desidrata\u00e7\u00e3o severa e at\u00e9 mesmo \u00e0 morte.<\/p>\n\n\n\n<p>De acordo com a Organiza\u00e7\u00e3o Mundial da Sa\u00fade (OMS), 31 pa\u00edses registraram casos ou declararam surtos de c\u00f3lera entre janeiro e mar\u00e7o de 2024. A regi\u00e3o africana foi a mais afetada, com 18 pa\u00edses reportando a doen\u00e7a.<\/p>\n\n\n\n<p><em>Fonte: Not\u00edcias de Santaluz<\/em><em><\/em><\/p>\n","protected":false},"excerpt":{"rendered":"<p>O Minist\u00e9rio da Sa\u00fade (MS) confirmou, por meio de nota t\u00e9cnica emitida na sexta-feira (19), o registro do primeiro caso local de c\u00f3lera no Brasil ap\u00f3s 18 anos sem diagn\u00f3sticos da doen\u00e7a no pa\u00eds. O paciente, um homem de 60 anos residente em Salvador, na Bahia, contraiu a doen\u00e7a sem contato com outros casos confirmados &hellip;<\/p>\n","protected":false},"author":2,"featured_media":32339,"comment_status":"open","ping_status":"open","sticky":false,"template":"","format":"standard","meta":{"om_disable_all_campaigns":false,"_monsterinsights_skip_tracking":false,"_monsterinsights_sitenote_active":false,"_monsterinsights_sitenote_note":"","_monsterinsights_sitenote_category":0,"footnotes":""},"categories":[33,34,70,69,19],"tags":[100,71,48,75,4178,5880,4180,129,107,4181,132,230,106,203,120,51,109,88,47,330,61,111,190],"class_list":["post-55966","post","type-post","status-publish","format-standard","has-post-thumbnail","hentry","category-bahia","category-brasil","category-destaques","category-noticias2","category-saude","tag-adustina","tag-antas","tag-araci","tag-cicero-dantas","tag-cipo-2","tag-colera","tag-crisopolis-2","tag-euclides-da-cunha","tag-fatima","tag-heliopolis-2","tag-itapicuru","tag-jeremoabo","tag-nova-soure","tag-novo-triunfo","tag-olindina","tag-paripiranga","tag-quijingue","tag-ribeira-do-amparo","tag-ribeira-do-pombal","tag-salvador","tag-saude","tag-sitio-do-quinto","tag-tucano"],"aioseo_notices":[],"_links":{"self":[{"href":"https:\/\/www.portalalerta.com.br\/index.php\/wp-json\/wp\/v2\/posts\/55966","targetHints":{"allow":["GET"]}}],"collection":[{"href":"https:\/\/www.portalalerta.com.br\/index.php\/wp-json\/wp\/v2\/posts"}],"about":[{"href":"https:\/\/www.portalalerta.com.br\/index.php\/wp-json\/wp\/v2\/types\/post"}],"author":[{"embeddable":true,"href":"https:\/\/www.portalalerta.com.br\/index.php\/wp-json\/wp\/v2\/users\/2"}],"replies":[{"embeddable":true,"href":"https:\/\/www.portalalerta.com.br\/index.php\/wp-json\/wp\/v2\/comments?post=55966"}],"version-history":[{"count":1,"href":"https:\/\/www.portalalerta.com.br\/index.php\/wp-json\/wp\/v2\/posts\/55966\/revisions"}],"predecessor-version":[{"id":55967,"href":"https:\/\/www.portalalerta.com.br\/index.php\/wp-json\/wp\/v2\/posts\/55966\/revisions\/55967"}],"wp:featuredmedia":[{"embeddable":true,"href":"https:\/\/www.portalalerta.com.br\/index.php\/wp-json\/wp\/v2\/media\/32339"}],"wp:attachment":[{"href":"https:\/\/www.portalalerta.com.br\/index.php\/wp-json\/wp\/v2\/media?parent=55966"}],"wp:term":[{"taxonomy":"category","embeddable":true,"href":"https:\/\/www.portalalerta.com.br\/index.php\/wp-json\/wp\/v2\/categories?post=55966"},{"taxonomy":"post_tag","embeddable":true,"href":"https:\/\/www.portalalerta.com.br\/index.php\/wp-json\/wp\/v2\/tags?post=55966"}],"curies":[{"name":"wp","href":"https:\/\/api.w.org\/{rel}","templated":true}]}}