{"id":55971,"date":"2024-04-21T16:58:24","date_gmt":"2024-04-21T19:58:24","guid":{"rendered":"https:\/\/www.portalalerta.com.br\/?p=55971"},"modified":"2024-04-21T16:58:25","modified_gmt":"2024-04-21T19:58:25","slug":"homem-fica-ferido-ao-ser-atingido-por-facada-em-banzae-ba-autor-e-irmao-de-vice-prefeito-da-cidade","status":"publish","type":"post","link":"https:\/\/www.portalalerta.com.br\/index.php\/2024\/04\/21\/homem-fica-ferido-ao-ser-atingido-por-facada-em-banzae-ba-autor-e-irmao-de-vice-prefeito-da-cidade\/","title":{"rendered":"Homem fica ferido ao ser atingido por facada em Banza\u00ea-BA. Autor \u00e9 irm\u00e3o de vice-prefeito da cidade!"},"content":{"rendered":"\n<p>Por volta de 0h30 deste domingo (21), um homem deu entrada na Emerg\u00eancia da Unidade de Sa\u00fade do munic\u00edpio de Banza\u00ea-BA, ap\u00f3s ser ferido com uma facada na perna direita.<\/p>\n\n\n\n<!--more-->\n\n\n<div class=\"wp-block-image\">\n<figure class=\"alignleft size-full\"><img fetchpriority=\"high\" decoding=\"async\" width=\"372\" height=\"786\" src=\"https:\/\/www.portalalerta.com.br\/wp-content\/uploads\/2024\/03\/Real-10x-100-juros-2024.jpg\" alt=\"\" class=\"wp-image-55190\" srcset=\"https:\/\/www.portalalerta.com.br\/wp-content\/uploads\/2024\/03\/Real-10x-100-juros-2024.jpg 372w, https:\/\/www.portalalerta.com.br\/wp-content\/uploads\/2024\/03\/Real-10x-100-juros-2024-114x240.jpg 114w\" sizes=\"(max-width: 372px) 100vw, 372px\" \/><\/figure><\/div>\n\n\n<p>O rapaz, identificado pelas iniciais R. dos S. S, 25 anos, que \u00e9 morador do povoado Queimada Grande, no referido munic\u00edpio, afirmou que estava num bar no referido povoado, quando iniciou uma discuss\u00e3o com um homem conhecido na regi\u00e3o como \u201cGuinho\u201d, sendo que este teria se apossado de uma faca, que culminou no ferimento em quest\u00e3o. De acordo com informa\u00e7\u00f5es, \u201cGuinho\u201d \u00e9 irm\u00e3o do vice-prefeito da cidade, Adriano.<\/p>\n\n\n\n<p>O caso foi informado aos policiais da cidade, por\u00e9m at\u00e9 o fechamento desta mat\u00e9ria, n\u00e3o houve registro de pris\u00e3o. As primeiras informa\u00e7\u00f5es sobre a v\u00edtima, \u00e9 que a mesma n\u00e3o corre risco de morte.<\/p>\n\n\n\n<p><em>Reda\u00e7\u00e3o: Portal Alerta<\/em><\/p>\n","protected":false},"excerpt":{"rendered":"<p>Por volta de 0h30 deste domingo (21), um homem deu entrada na Emerg\u00eancia da Unidade de Sa\u00fade do munic\u00edpio de Banza\u00ea-BA, ap\u00f3s ser ferido com uma facada na perna direita.<\/p>\n","protected":false},"author":2,"featured_media":4232,"comment_status":"open","ping_status":"open","sticky":false,"template":"","format":"standard","meta":{"om_disable_all_campaigns":false,"_monsterinsights_skip_tracking":false,"_monsterinsights_sitenote_active":false,"_monsterinsights_sitenote_note":"","_monsterinsights_sitenote_category":0,"footnotes":""},"categories":[39,70,69,32,22],"tags":[100,71,48,75,4178,4180,129,492,107,299,4181,132,230,106,203,120,51,109,88,47,111,190],"class_list":["post-55971","post","type-post","status-publish","format-standard","has-post-thumbnail","hentry","category-banzae","category-destaques","category-noticias2","category-regiao","category-seguranca","tag-adustina","tag-antas","tag-araci","tag-cicero-dantas","tag-cipo-2","tag-crisopolis-2","tag-euclides-da-cunha","tag-facada","tag-fatima","tag-ferido","tag-heliopolis-2","tag-itapicuru","tag-jeremoabo","tag-nova-soure","tag-novo-triunfo","tag-olindina","tag-paripiranga","tag-quijingue","tag-ribeira-do-amparo","tag-ribeira-do-pombal","tag-sitio-do-quinto","tag-tucano"],"aioseo_notices":[],"_links":{"self":[{"href":"https:\/\/www.portalalerta.com.br\/index.php\/wp-json\/wp\/v2\/posts\/55971","targetHints":{"allow":["GET"]}}],"collection":[{"href":"https:\/\/www.portalalerta.com.br\/index.php\/wp-json\/wp\/v2\/posts"}],"about":[{"href":"https:\/\/www.portalalerta.com.br\/index.php\/wp-json\/wp\/v2\/types\/post"}],"author":[{"embeddable":true,"href":"https:\/\/www.portalalerta.com.br\/index.php\/wp-json\/wp\/v2\/users\/2"}],"replies":[{"embeddable":true,"href":"https:\/\/www.portalalerta.com.br\/index.php\/wp-json\/wp\/v2\/comments?post=55971"}],"version-history":[{"count":1,"href":"https:\/\/www.portalalerta.com.br\/index.php\/wp-json\/wp\/v2\/posts\/55971\/revisions"}],"predecessor-version":[{"id":55972,"href":"https:\/\/www.portalalerta.com.br\/index.php\/wp-json\/wp\/v2\/posts\/55971\/revisions\/55972"}],"wp:featuredmedia":[{"embeddable":true,"href":"https:\/\/www.portalalerta.com.br\/index.php\/wp-json\/wp\/v2\/media\/4232"}],"wp:attachment":[{"href":"https:\/\/www.portalalerta.com.br\/index.php\/wp-json\/wp\/v2\/media?parent=55971"}],"wp:term":[{"taxonomy":"category","embeddable":true,"href":"https:\/\/www.portalalerta.com.br\/index.php\/wp-json\/wp\/v2\/categories?post=55971"},{"taxonomy":"post_tag","embeddable":true,"href":"https:\/\/www.portalalerta.com.br\/index.php\/wp-json\/wp\/v2\/tags?post=55971"}],"curies":[{"name":"wp","href":"https:\/\/api.w.org\/{rel}","templated":true}]}}